{"id":2051,"date":"2013-05-24T13:23:29","date_gmt":"2013-05-24T11:23:29","guid":{"rendered":"https:\/\/www.la-maison-naturelle.com\/blog\/?p=2051"},"modified":"2023-08-04T18:53:54","modified_gmt":"2023-08-04T16:53:54","slug":"comparatif-fibre-de-bois-homatherm-steico-pavatex-sylvactis-et-isonat","status":"publish","type":"post","link":"https:\/\/www.la-maison-naturelle.com\/blog\/comparatif-fibre-de-bois-homatherm-steico-pavatex-sylvactis-et-isonat\/","title":{"rendered":"Comparatif fibre de bois : Homatherm, Steico, Pavatex Sylvactis et Isonat"},"content":{"rendered":"<table style=\" width=\"100%\",max-width=\"839\">\n<tbody>\n<tr>\n<td colspan=\"3\"><a href=\"https:\/\/www.la-maison-naturelle.com\/\"><img decoding=\"async\" class=\"wp-image-5568 aligncenter\" src=\"https:\/\/www.la-maison-naturelle.com\/blog\/wp-content\/uploads\/2012\/05\/Dark-Green-and-Gray-Professional-and-Clean-E-Commerce-Email-Header-300x35.png\" alt=\"\" width=\"839\" srcset=\"https:\/\/www.la-maison-naturelle.com\/blog\/wp-content\/uploads\/2012\/05\/Dark-Green-and-Gray-Professional-and-Clean-E-Commerce-Email-Header-300x35.png 300w, https:\/\/www.la-maison-naturelle.com\/blog\/wp-content\/uploads\/2012\/05\/Dark-Green-and-Gray-Professional-and-Clean-E-Commerce-Email-Header-1024x119.png 1024w, https:\/\/www.la-maison-naturelle.com\/blog\/wp-content\/uploads\/2012\/05\/Dark-Green-and-Gray-Professional-and-Clean-E-Commerce-Email-Header-768x89.png 768w, https:\/\/www.la-maison-naturelle.com\/blog\/wp-content\/uploads\/2012\/05\/Dark-Green-and-Gray-Professional-and-Clean-E-Commerce-Email-Header-1536x178.png 1536w, https:\/\/www.la-maison-naturelle.com\/blog\/wp-content\/uploads\/2012\/05\/Dark-Green-and-Gray-Professional-and-Clean-E-Commerce-Email-Header.png 1578w\" sizes=\"(max-width: 300px) 100vw, 300px\" \/><\/a><\/td>\n<\/tr>\n<tr>\n<td><a href=\"https:\/\/www.la-maison-naturelle.com\/5260-materiaux-et-bricolage\"><img loading=\"lazy\" decoding=\"async\" class=\"alignright size-medium wp-image-5565\" src=\"https:\/\/www.la-maison-naturelle.com\/blog\/wp-content\/uploads\/2012\/05\/73a5f09c-2ef6-46dd-90d1-9cf73599e16b-1-249x300.png\" alt=\"Mat\u00e9riaux et bricolage\" width=\"249\" height=\"300\" srcset=\"https:\/\/www.la-maison-naturelle.com\/blog\/wp-content\/uploads\/2012\/05\/73a5f09c-2ef6-46dd-90d1-9cf73599e16b-1-249x300.png 249w, https:\/\/www.la-maison-naturelle.com\/blog\/wp-content\/uploads\/2012\/05\/73a5f09c-2ef6-46dd-90d1-9cf73599e16b-1.png 397w\" sizes=\"auto, (max-width: 249px) 100vw, 249px\" \/><\/a><\/td>\n<td><a href=\"https:\/\/www.la-maison-naturelle.com\/5266-amenagement-du-jardin\"><img loading=\"lazy\" decoding=\"async\" class=\"alignright size-medium wp-image-5564\" src=\"https:\/\/www.la-maison-naturelle.com\/blog\/wp-content\/uploads\/2012\/05\/9224811f-6da5-4d4d-8634-e9a2517a9565-1-249x300.png\" alt=\"Jardin et ext\u00e9rieur\" width=\"249\" height=\"300\" srcset=\"https:\/\/www.la-maison-naturelle.com\/blog\/wp-content\/uploads\/2012\/05\/9224811f-6da5-4d4d-8634-e9a2517a9565-1-249x300.png 249w, https:\/\/www.la-maison-naturelle.com\/blog\/wp-content\/uploads\/2012\/05\/9224811f-6da5-4d4d-8634-e9a2517a9565-1.png 397w\" sizes=\"auto, (max-width: 249px) 100vw, 249px\" \/><\/a><\/td>\n<td><a href=\"https:\/\/www.la-maison-naturelle.com\/5267-interieur-et-decoration\"><img loading=\"lazy\" decoding=\"async\" class=\"alignright size-medium wp-image-5563\" src=\"https:\/\/www.la-maison-naturelle.com\/blog\/wp-content\/uploads\/2012\/05\/b9400ea8-440a-4a4a-8db6-682fde3f9652-1-249x300.png\" alt=\"Int\u00e9rieur et d\u00e9coration\" width=\"249\" height=\"300\" srcset=\"https:\/\/www.la-maison-naturelle.com\/blog\/wp-content\/uploads\/2012\/05\/b9400ea8-440a-4a4a-8db6-682fde3f9652-1-249x300.png 249w, https:\/\/www.la-maison-naturelle.com\/blog\/wp-content\/uploads\/2012\/05\/b9400ea8-440a-4a4a-8db6-682fde3f9652-1.png 397w\" sizes=\"auto, (max-width: 249px) 100vw, 249px\" \/><\/a><\/td>\n<\/tr>\n<\/tbody>\n<\/table>\n<h2>Fibre et bois : toutes les applications des panneaux flexibles :<\/h2>\n<ul>\n<li>combles am\u00e9nageables sous <a href=\"https:\/\/www.la-maison-naturelle.com\/blog\/un-rampant-toiture\/\" data-internallinksmanager029f6b8e52c=\"88\" title=\"Qu'est-ce qu'un rampant de toiture ?\">rampant<\/a><\/li>\n<li>murs ma\u00e7onn\u00e9s et murs ossature bois par l&rsquo;int\u00e9rieur<\/li>\n<li>derri\u00e8re bardage ventil\u00e9 par l&rsquo;ext\u00e9rieur<\/li>\n<li>Cloisons int\u00e9rieures<\/li>\n<li>entre solives, sur planchers de combles perdus<\/li>\n<\/ul>\n<h1>Comparer avant de faire vos achats en fibre de bois et de chanvre<\/h1>\n<h2>Le comparatif concerne les panneaux en fibre de bois et\/ou chanvre densit\u00e9 comprise entre 50 et 55 kg<\/h2>\n<p>PAVATEX FLEX 55 Kg\/m3<\/p>\n<ul>\n<li>Pavatex certification\u00a0 <a href=\"https:\/\/www.la-maison-naturelle.com\/blog\/un-acermi\/\" data-internallinksmanager029f6b8e52c=\"77\" title=\"ACERMI\">ACERMI<\/a> 11\/090\/714<\/li>\n<li>CONDUCTIVITE THERMIQUE CERTIFIEE : 0,038 W\/(m.K)<\/li>\n<li>Panneau semi-rigide en fibres de bois PAVATEX, pour le b\u00e2timent.<\/li>\n<li>ouvert \u00e0 la diffusion de vapeur<\/li>\n<li>Domaine d&rsquo;utilisation : toiture, fa\u00e7ade et sol<\/li>\n<\/ul>\n<p><a href=\"https:\/\/www.la-maison-naturelle.com\/blog\/la-densite-dun-isolant\/\" data-internallinksmanager029f6b8e52c=\"124\" title=\"Qu'est-ce que la densit\u00e9 d'un isolant ?\">Densit\u00e9<\/a> : 55 kg<\/p>\n<p>fibres r\u00e9sineux : 82 % &#8211; fibres synth\u00e9tiques : polyol\u00e9ine 8 % -Agents liants :\u00a0 ammonium polyphosphate : 10 %<\/p>\n<p>HOMATHERM HOLZFLEX PROTECT<\/p>\n<p>Densit\u00e9 : 55 kg<\/p>\n<ul>\n<li>Homatherm certification\u00a0 ACERMI 09\/113\/531<\/li>\n<li>CONDUCTIVITE THERMIQUE CERTIFIEE : 0,038 W\/(m.K)<\/li>\n<li>Panneeau isoalnts souples en fibres de bois HOLZFLEX PROTECT , pour le b\u00e2timent.<\/li>\n<li>ouvert \u00e0 la diffusion de vapeur<\/li>\n<li>Domaine d&rsquo;utilisation : toiture, fa\u00e7ade et sol<\/li>\n<\/ul>\n<p>Fibres de bois, fibres polyol\u00e9fines, polyphosphate d\u2018ammonium<\/p>\n<p><a href=\"https:\/\/www.la-maison-naturelle.com\/brand\/1-steico\" data-internallinksmanager029f6b8e52c=\"71\" title=\"STEICO\">STEICO<\/a> FLEX F<\/p>\n<p>Densit\u00e9 50 kg<\/p>\n<ul>\n<li><a href=\"https:\/\/www.la-maison-naturelle.com\/brand\/4-isonat\" data-internallinksmanager029f6b8e52c=\"75\" title=\"ISONAT\">Isonat<\/a> certification\u00a0 ACERMI <u>11\/134\/733\/2 <\/u><\/li>\n<li>CONDUCTIVITE THERMIQUE CERTIFIEE : 0,038 W\/(m.K)<\/li>\n<li>Panneau isolant flexible et compr\u00e9ssible\u00a0 \u00e0 base de fibre de bois.<\/li>\n<li>ouvert \u00e0 la diffusion de vapeur<\/li>\n<li>Domaine d&rsquo;utilisation : toiture, fa\u00e7ade et sol<\/li>\n<\/ul>\n<p>fibre de bois &#8211; fibres de polyolefines:\u00a0 &#8211; phosphate d\u2019ammonium<\/p>\n<p><a href=\"https:\/\/www.la-maison-naturelle.com\/blog\/ventes-promotionnelles-sylvactis-55-fx\/\" data-internallinksmanager029f6b8e52c=\"151\" title=\"Ventes Promotionnelles SYLVACTIS 55 FX : Ne manquez pas cette occasion de poss\u00e9der un bateau exceptionnel\">SYLVACTIS 55FX<\/a><\/p>\n<p>Densit\u00e9 50 kg<\/p>\n<ul>\n<li>Sylavactis certification\u00a0 KEYMARK : WF-EN 13171<\/li>\n<li>CONDUCTIVITE THERMIQUE CERTIFIEE : 0,036 W\/(m.K)<\/li>\n<li>Panneau isolant en fibre de bois, pour le b\u00e2timent.<\/li>\n<li>ouvert \u00e0 la diffusion de vapeur<\/li>\n<li>Domaine d&rsquo;utilisation : toiture, fa\u00e7ade et sol<\/li>\n<\/ul>\n<p>fibres de bois\u00a0 92 % ( ignifug\u00e9es) &#8211; liant polyester 8 %<\/p>\n<p>Sp\u00e9cificit\u00e9 : comme l&rsquo;ACERMI, la certification KEYMARK est reconnue comme justification des caract\u00e9ristiques techniques des isolants y compris de leur <a href=\"https:\/\/www.la-maison-naturelle.com\/blog\/la-resistance-thermique\/\" data-internallinksmanager029f6b8e52c=\"78\" title=\"Qu'est-ce que la r\u00e9sistance thermique ?\">r\u00e9sistance thermique<\/a> d\u00e9clar\u00e9e.<\/p>\n<p><a href=\"https:\/\/www.la-maison-naturelle.com\/5030-isonat-flex-55\" data-internallinksmanager029f6b8e52c=\"74\" title=\"isonat flex\">ISONAT FLEX<\/a> 55 +<\/p>\n<p>Densit\u00e9 : 55 Kg<\/p>\n<ul>\n<li>Isonat certification\u00a0 ACERMI 09\/116\/592\/2<\/li>\n<li>CONDUCTIVITE THERMIQUE CERTIFIEE : 0,038 W\/(m.K)<\/li>\n<li>Panneau semi-rigide \u00e0 base de mat\u00e9riaux d\u2019origine animale ou v\u00e9g\u00e9tale , pour le b\u00e2timent.<\/li>\n<li>ouvert \u00e0 la diffusion de vapeur<\/li>\n<li>Domaine d&rsquo;utilisation : toiture, fa\u00e7ade et sol<\/li>\n<\/ul>\n<p>fibres v\u00e9g\u00e9tales ( <a href=\"https:\/\/www.la-maison-naturelle.com\/3055-laine-de-chanvre\" data-internallinksmanager029f6b8e52c=\"4\" title=\"isolation chanvre\">chanvre<\/a>) : 30 %<\/p>\n<p>fibres de bois r\u00e9sineux : 60 %<\/p>\n<p>fibres textiles ( polyester recycl\u00e9) 10 %<\/p>\n<p>Sp\u00e9cificit\u00e9 : nouvelle \u00e9paisseur 145 mm , R = 3,8<\/p>\n<h2><u>Pour acheter fibre de bois ou de chanvre au meilleur prix dans votre r\u00e9gion\u00a0 livraison comprise&gt;&gt;&gt;&gt;<\/u><\/h2>\n","protected":false},"excerpt":{"rendered":"","protected":false},"author":5,"featured_media":0,"comment_status":"open","ping_status":"open","sticky":false,"template":"","format":"standard","meta":{"footnotes":""},"categories":[5],"tags":[],"class_list":["post-2051","post","type-post","status-publish","format-standard","hentry","category-espace-pro"],"_wp_attached_file":null,"_wp_attachment_metadata":null,"_wp_attachment_context":null,"_wp_attachment_image_alt":null,"_hf_settings":null,"hf_message_success":null,"hf_message_invalid_email":null,"hf_message_required_field_missing":null,"hf_message_error":null,"_menu_item_type":null,"_menu_item_menu_item_parent":null,"_menu_item_object_id":null,"_menu_item_object":null,"_menu_item_target":null,"_menu_item_classes":null,"_menu_item_xfn":null,"_menu_item_url":null,"_yoast_wpseo_primary_category":"5","_thumbnail_id":null,"_oembed_26d84b2c06432105b0a19987ae029a71":null,"_oembed_43e9e2dfde1b9b4ed91c9711026b7ef9":null,"_oembed_1fe1564764edbddc3b61e81acf52be88":null,"_oembed_df60f474cd845141e7ce6596d101e4a0":null,"_oembed_825e674795e2435c0bc66eb08e5d2c8b":null,"_oembed_time_825e674795e2435c0bc66eb08e5d2c8b":null,"_oembed_e917352ff4cc21ea91383201eeaa08cf":null,"_oembed_2363c16c972791c33e283320dc564fce":null,"_oembed_cc9ad5b5073a84776f6a62e33e6c7498":null,"_oembed_time_cc9ad5b5073a84776f6a62e33e6c7498":null,"_oembed_305147fcf4b856de518466e695c209cd":null,"_oembed_8517a877084ae01a5296813ee1d16a2b":null,"_oembed_2741f1556b243e68379198f98ba7f864":null,"_oembed_c3ffa24981451396c950ece2129da0f6":null,"_oembed_6f9091ebe2f3f5fcb5698ba6f4b41477":null,"_wp_old_slug":null,"_oembed_e4fb0f68ba12b85e9e231afe151ba12a":null,"_oembed_3c60e98bd703e617e67f5bbb3b97424d":null,"_oembed_bb060374498dcf40cb6068efe4be87e1":null,"_oembed_d0403e1e71c3a29020bd546b159480f1":null,"_oembed_b030ff17fbbbf8661c59c2ab8ff289eb":null,"_oembed_5cec699ba0631c6c0e4ba4f6af5f228e":null,"_oembed_b06a67f278b90cf4e8dd17cb12fe67b0":null,"_oembed_8e190e4fea2256f17420434651556236":null,"_oembed_b5ded119f1337916a0fc64d2ad85c95f":null,"_oembed_d9364a7a81be31c01415da2c50a48932":null,"_oembed_738cafa36d51a58e5ae3e458aa8f7584":null,"_oembed_ebcab5184b6b321b28efbcbec079859b":null,"_oembed_3dd9e35c2b7b268070e74da5b89cf937":null,"_oembed_e14b167b493e311a1c4e2aab38a463e8":null,"_oembed_dc8f7d108b38f3f0c2e0785b8bc46cae":null,"_oembed_55cf1c5142884afed312c2666bf27520":null,"_oembed_2292333bf03a956b4b61afafeff6bca0":null,"_oembed_82a986a6b900856fec23169de03a0038":null,"_oembed_4048ded025352b83569104210074165a":null,"_oembed_033b42b1af757abc39e4487233cee7f5":null,"_oembed_aec1d50f2b159366be8e37e94b201be1":null,"_oembed_0adc8480b2fcadf9a1733f572ce3d3f8":null,"_yoast_wpseo_title":null,"_yoast_wpseo_focuskw":null,"_yoast_wpseo_linkdex":null,"_yoast_wpseo_metadesc":null,"_yoast_wpseo_wordproof_timestamp":"","_tpl_archive_meta_key":null,"_form":null,"_mail":null,"_mail_2":null,"_messages":null,"_additional_settings":null,"_locale":null,"_wp_old_date":null,"_edit_last":"5","_wpb_vc_js_status":"false","_yoast_wpseo_estimated-reading-time-minutes":"3","_edit_lock":"1691167913:5","_yoast_wpseo_content_score":"90","yoast_head":"<!-- This site is optimized with the Yoast SEO plugin v24.3 - https:\/\/yoast.com\/wordpress\/plugins\/seo\/ -->\n<title>Comparatif fibre de bois : Homatherm, Steico, Pavatex Sylvactis et Isonat - La Maison naturelle | Blog<\/title>\n<meta name=\"robots\" content=\"index, follow, max-snippet:-1, max-image-preview:large, max-video-preview:-1\" \/>\n<link rel=\"canonical\" href=\"https:\/\/www.la-maison-naturelle.com\/blog\/comparatif-fibre-de-bois-homatherm-steico-pavatex-sylvactis-et-isonat\/\" \/>\n<meta property=\"og:locale\" content=\"fr_FR\" \/>\n<meta property=\"og:type\" content=\"article\" \/>\n<meta property=\"og:title\" content=\"Comparatif fibre de bois : Homatherm, Steico, Pavatex Sylvactis et Isonat - La Maison naturelle | Blog\" \/>\n<meta property=\"og:url\" content=\"https:\/\/www.la-maison-naturelle.com\/blog\/comparatif-fibre-de-bois-homatherm-steico-pavatex-sylvactis-et-isonat\/\" \/>\n<meta property=\"og:site_name\" content=\"La Maison naturelle | Blog\" \/>\n<meta property=\"article:published_time\" content=\"2013-05-24T11:23:29+00:00\" \/>\n<meta property=\"article:modified_time\" content=\"2023-08-04T16:53:54+00:00\" \/>\n<meta property=\"og:image\" content=\"https:\/\/www.la-maison-naturelle.com\/blog\/wp-content\/uploads\/2012\/05\/Dark-Green-and-Gray-Professional-and-Clean-E-Commerce-Email-Header-300x35.png\" \/>\n<meta name=\"author\" content=\"Eloise\" \/>\n<meta name=\"twitter:card\" content=\"summary_large_image\" \/>\n<meta name=\"twitter:label1\" content=\"\u00c9crit par\" \/>\n\t<meta name=\"twitter:data1\" content=\"Eloise\" \/>\n\t<meta name=\"twitter:label2\" content=\"Dur\u00e9e de lecture estim\u00e9e\" \/>\n\t<meta name=\"twitter:data2\" content=\"3 minutes\" \/>\n<script type=\"application\/ld+json\" class=\"yoast-schema-graph\">{\"@context\":\"https:\/\/schema.org\",\"@graph\":[{\"@type\":\"Article\",\"@id\":\"https:\/\/www.la-maison-naturelle.com\/blog\/comparatif-fibre-de-bois-homatherm-steico-pavatex-sylvactis-et-isonat\/#article\",\"isPartOf\":{\"@id\":\"https:\/\/www.la-maison-naturelle.com\/blog\/comparatif-fibre-de-bois-homatherm-steico-pavatex-sylvactis-et-isonat\/\"},\"author\":{\"name\":\"Eloise\",\"@id\":\"https:\/\/www.la-maison-naturelle.com\/blog\/#\/schema\/person\/cad2a9ed80410189f0688441d546d43f\"},\"headline\":\"Comparatif fibre de bois : Homatherm, Steico, Pavatex Sylvactis et Isonat\",\"datePublished\":\"2013-05-24T11:23:29+00:00\",\"dateModified\":\"2023-08-04T16:53:54+00:00\",\"mainEntityOfPage\":{\"@id\":\"https:\/\/www.la-maison-naturelle.com\/blog\/comparatif-fibre-de-bois-homatherm-steico-pavatex-sylvactis-et-isonat\/\"},\"wordCount\":10,\"commentCount\":0,\"publisher\":{\"@id\":\"https:\/\/www.la-maison-naturelle.com\/blog\/#organization\"},\"image\":{\"@id\":\"https:\/\/www.la-maison-naturelle.com\/blog\/comparatif-fibre-de-bois-homatherm-steico-pavatex-sylvactis-et-isonat\/#primaryimage\"},\"thumbnailUrl\":\"https:\/\/www.la-maison-naturelle.com\/blog\/wp-content\/uploads\/2012\/05\/Dark-Green-and-Gray-Professional-and-Clean-E-Commerce-Email-Header-300x35.png\",\"articleSection\":[\"Espace pro\"],\"inLanguage\":\"fr-FR\",\"potentialAction\":[{\"@type\":\"CommentAction\",\"name\":\"Comment\",\"target\":[\"https:\/\/www.la-maison-naturelle.com\/blog\/comparatif-fibre-de-bois-homatherm-steico-pavatex-sylvactis-et-isonat\/#respond\"]}]},{\"@type\":\"WebPage\",\"@id\":\"https:\/\/www.la-maison-naturelle.com\/blog\/comparatif-fibre-de-bois-homatherm-steico-pavatex-sylvactis-et-isonat\/\",\"url\":\"https:\/\/www.la-maison-naturelle.com\/blog\/comparatif-fibre-de-bois-homatherm-steico-pavatex-sylvactis-et-isonat\/\",\"name\":\"Comparatif fibre de bois : Homatherm, Steico, Pavatex Sylvactis et Isonat - La Maison naturelle | Blog\",\"isPartOf\":{\"@id\":\"https:\/\/www.la-maison-naturelle.com\/blog\/#website\"},\"primaryImageOfPage\":{\"@id\":\"https:\/\/www.la-maison-naturelle.com\/blog\/comparatif-fibre-de-bois-homatherm-steico-pavatex-sylvactis-et-isonat\/#primaryimage\"},\"image\":{\"@id\":\"https:\/\/www.la-maison-naturelle.com\/blog\/comparatif-fibre-de-bois-homatherm-steico-pavatex-sylvactis-et-isonat\/#primaryimage\"},\"thumbnailUrl\":\"https:\/\/www.la-maison-naturelle.com\/blog\/wp-content\/uploads\/2012\/05\/Dark-Green-and-Gray-Professional-and-Clean-E-Commerce-Email-Header-300x35.png\",\"datePublished\":\"2013-05-24T11:23:29+00:00\",\"dateModified\":\"2023-08-04T16:53:54+00:00\",\"breadcrumb\":{\"@id\":\"https:\/\/www.la-maison-naturelle.com\/blog\/comparatif-fibre-de-bois-homatherm-steico-pavatex-sylvactis-et-isonat\/#breadcrumb\"},\"inLanguage\":\"fr-FR\",\"potentialAction\":[{\"@type\":\"ReadAction\",\"target\":[\"https:\/\/www.la-maison-naturelle.com\/blog\/comparatif-fibre-de-bois-homatherm-steico-pavatex-sylvactis-et-isonat\/\"]}]},{\"@type\":\"ImageObject\",\"inLanguage\":\"fr-FR\",\"@id\":\"https:\/\/www.la-maison-naturelle.com\/blog\/comparatif-fibre-de-bois-homatherm-steico-pavatex-sylvactis-et-isonat\/#primaryimage\",\"url\":\"https:\/\/www.la-maison-naturelle.com\/blog\/wp-content\/uploads\/2012\/05\/Dark-Green-and-Gray-Professional-and-Clean-E-Commerce-Email-Header.png\",\"contentUrl\":\"https:\/\/www.la-maison-naturelle.com\/blog\/wp-content\/uploads\/2012\/05\/Dark-Green-and-Gray-Professional-and-Clean-E-Commerce-Email-Header.png\",\"width\":1578,\"height\":183},{\"@type\":\"BreadcrumbList\",\"@id\":\"https:\/\/www.la-maison-naturelle.com\/blog\/comparatif-fibre-de-bois-homatherm-steico-pavatex-sylvactis-et-isonat\/#breadcrumb\",\"itemListElement\":[{\"@type\":\"ListItem\",\"position\":1,\"name\":\"Accueil\",\"item\":\"https:\/\/www.la-maison-naturelle.com\/blog\/\"},{\"@type\":\"ListItem\",\"position\":2,\"name\":\"Comparatif fibre de bois : Homatherm, Steico, Pavatex Sylvactis et Isonat\"}]},{\"@type\":\"WebSite\",\"@id\":\"https:\/\/www.la-maison-naturelle.com\/blog\/#website\",\"url\":\"https:\/\/www.la-maison-naturelle.com\/blog\/\",\"name\":\"La Maison naturelle | Blog\",\"description\":\"Blog de la Maison naturelle\",\"publisher\":{\"@id\":\"https:\/\/www.la-maison-naturelle.com\/blog\/#organization\"},\"potentialAction\":[{\"@type\":\"SearchAction\",\"target\":{\"@type\":\"EntryPoint\",\"urlTemplate\":\"https:\/\/www.la-maison-naturelle.com\/blog\/?s={search_term_string}\"},\"query-input\":{\"@type\":\"PropertyValueSpecification\",\"valueRequired\":true,\"valueName\":\"search_term_string\"}}],\"inLanguage\":\"fr-FR\"},{\"@type\":\"Organization\",\"@id\":\"https:\/\/www.la-maison-naturelle.com\/blog\/#organization\",\"name\":\"La Maison naturelle | Blog\",\"url\":\"https:\/\/www.la-maison-naturelle.com\/blog\/\",\"logo\":{\"@type\":\"ImageObject\",\"inLanguage\":\"fr-FR\",\"@id\":\"https:\/\/www.la-maison-naturelle.com\/blog\/#\/schema\/logo\/image\/\",\"url\":\"https:\/\/www.la-maison-naturelle.com\/blog\/wp-content\/uploads\/2021\/07\/maison-naturelle-logo.svg\",\"contentUrl\":\"https:\/\/www.la-maison-naturelle.com\/blog\/wp-content\/uploads\/2021\/07\/maison-naturelle-logo.svg\",\"width\":156,\"height\":64,\"caption\":\"La Maison naturelle | Blog\"},\"image\":{\"@id\":\"https:\/\/www.la-maison-naturelle.com\/blog\/#\/schema\/logo\/image\/\"}},{\"@type\":\"Person\",\"@id\":\"https:\/\/www.la-maison-naturelle.com\/blog\/#\/schema\/person\/cad2a9ed80410189f0688441d546d43f\",\"name\":\"Eloise\",\"image\":{\"@type\":\"ImageObject\",\"inLanguage\":\"fr-FR\",\"@id\":\"https:\/\/www.la-maison-naturelle.com\/blog\/#\/schema\/person\/image\/\",\"url\":\"https:\/\/secure.gravatar.com\/avatar\/344186806f5e8613d4a2109f3b0228a847a7c0858a8023778c44bdcfc1111df9?s=96&d=mm&r=g\",\"contentUrl\":\"https:\/\/secure.gravatar.com\/avatar\/344186806f5e8613d4a2109f3b0228a847a7c0858a8023778c44bdcfc1111df9?s=96&d=mm&r=g\",\"caption\":\"Eloise\"},\"sameAs\":[\"https:\/\/www.la-maison-naturelle.com\/\"],\"url\":\"https:\/\/www.la-maison-naturelle.com\/blog\/author\/idries\/\"}]}<\/script>\n<!-- \/ Yoast SEO plugin. -->","yoast_head_json":{"title":"Comparatif fibre de bois : Homatherm, Steico, Pavatex Sylvactis et Isonat - La Maison naturelle | Blog","robots":{"index":"index","follow":"follow","max-snippet":"max-snippet:-1","max-image-preview":"max-image-preview:large","max-video-preview":"max-video-preview:-1"},"canonical":"https:\/\/www.la-maison-naturelle.com\/blog\/comparatif-fibre-de-bois-homatherm-steico-pavatex-sylvactis-et-isonat\/","og_locale":"fr_FR","og_type":"article","og_title":"Comparatif fibre de bois : Homatherm, Steico, Pavatex Sylvactis et Isonat - La Maison naturelle | Blog","og_url":"https:\/\/www.la-maison-naturelle.com\/blog\/comparatif-fibre-de-bois-homatherm-steico-pavatex-sylvactis-et-isonat\/","og_site_name":"La Maison naturelle | Blog","article_published_time":"2013-05-24T11:23:29+00:00","article_modified_time":"2023-08-04T16:53:54+00:00","og_image":[{"url":"https:\/\/www.la-maison-naturelle.com\/blog\/wp-content\/uploads\/2012\/05\/Dark-Green-and-Gray-Professional-and-Clean-E-Commerce-Email-Header-300x35.png","type":"","width":"","height":""}],"author":"Eloise","twitter_card":"summary_large_image","twitter_misc":{"\u00c9crit par":"Eloise","Dur\u00e9e de lecture estim\u00e9e":"3 minutes"},"schema":{"@context":"https:\/\/schema.org","@graph":[{"@type":"Article","@id":"https:\/\/www.la-maison-naturelle.com\/blog\/comparatif-fibre-de-bois-homatherm-steico-pavatex-sylvactis-et-isonat\/#article","isPartOf":{"@id":"https:\/\/www.la-maison-naturelle.com\/blog\/comparatif-fibre-de-bois-homatherm-steico-pavatex-sylvactis-et-isonat\/"},"author":{"name":"Eloise","@id":"https:\/\/www.la-maison-naturelle.com\/blog\/#\/schema\/person\/cad2a9ed80410189f0688441d546d43f"},"headline":"Comparatif fibre de bois : Homatherm, Steico, Pavatex Sylvactis et Isonat","datePublished":"2013-05-24T11:23:29+00:00","dateModified":"2023-08-04T16:53:54+00:00","mainEntityOfPage":{"@id":"https:\/\/www.la-maison-naturelle.com\/blog\/comparatif-fibre-de-bois-homatherm-steico-pavatex-sylvactis-et-isonat\/"},"wordCount":10,"commentCount":0,"publisher":{"@id":"https:\/\/www.la-maison-naturelle.com\/blog\/#organization"},"image":{"@id":"https:\/\/www.la-maison-naturelle.com\/blog\/comparatif-fibre-de-bois-homatherm-steico-pavatex-sylvactis-et-isonat\/#primaryimage"},"thumbnailUrl":"https:\/\/www.la-maison-naturelle.com\/blog\/wp-content\/uploads\/2012\/05\/Dark-Green-and-Gray-Professional-and-Clean-E-Commerce-Email-Header-300x35.png","articleSection":["Espace pro"],"inLanguage":"fr-FR","potentialAction":[{"@type":"CommentAction","name":"Comment","target":["https:\/\/www.la-maison-naturelle.com\/blog\/comparatif-fibre-de-bois-homatherm-steico-pavatex-sylvactis-et-isonat\/#respond"]}]},{"@type":"WebPage","@id":"https:\/\/www.la-maison-naturelle.com\/blog\/comparatif-fibre-de-bois-homatherm-steico-pavatex-sylvactis-et-isonat\/","url":"https:\/\/www.la-maison-naturelle.com\/blog\/comparatif-fibre-de-bois-homatherm-steico-pavatex-sylvactis-et-isonat\/","name":"Comparatif fibre de bois : Homatherm, Steico, Pavatex Sylvactis et Isonat - La Maison naturelle | Blog","isPartOf":{"@id":"https:\/\/www.la-maison-naturelle.com\/blog\/#website"},"primaryImageOfPage":{"@id":"https:\/\/www.la-maison-naturelle.com\/blog\/comparatif-fibre-de-bois-homatherm-steico-pavatex-sylvactis-et-isonat\/#primaryimage"},"image":{"@id":"https:\/\/www.la-maison-naturelle.com\/blog\/comparatif-fibre-de-bois-homatherm-steico-pavatex-sylvactis-et-isonat\/#primaryimage"},"thumbnailUrl":"https:\/\/www.la-maison-naturelle.com\/blog\/wp-content\/uploads\/2012\/05\/Dark-Green-and-Gray-Professional-and-Clean-E-Commerce-Email-Header-300x35.png","datePublished":"2013-05-24T11:23:29+00:00","dateModified":"2023-08-04T16:53:54+00:00","breadcrumb":{"@id":"https:\/\/www.la-maison-naturelle.com\/blog\/comparatif-fibre-de-bois-homatherm-steico-pavatex-sylvactis-et-isonat\/#breadcrumb"},"inLanguage":"fr-FR","potentialAction":[{"@type":"ReadAction","target":["https:\/\/www.la-maison-naturelle.com\/blog\/comparatif-fibre-de-bois-homatherm-steico-pavatex-sylvactis-et-isonat\/"]}]},{"@type":"ImageObject","inLanguage":"fr-FR","@id":"https:\/\/www.la-maison-naturelle.com\/blog\/comparatif-fibre-de-bois-homatherm-steico-pavatex-sylvactis-et-isonat\/#primaryimage","url":"https:\/\/www.la-maison-naturelle.com\/blog\/wp-content\/uploads\/2012\/05\/Dark-Green-and-Gray-Professional-and-Clean-E-Commerce-Email-Header.png","contentUrl":"https:\/\/www.la-maison-naturelle.com\/blog\/wp-content\/uploads\/2012\/05\/Dark-Green-and-Gray-Professional-and-Clean-E-Commerce-Email-Header.png","width":1578,"height":183},{"@type":"BreadcrumbList","@id":"https:\/\/www.la-maison-naturelle.com\/blog\/comparatif-fibre-de-bois-homatherm-steico-pavatex-sylvactis-et-isonat\/#breadcrumb","itemListElement":[{"@type":"ListItem","position":1,"name":"Accueil","item":"https:\/\/www.la-maison-naturelle.com\/blog\/"},{"@type":"ListItem","position":2,"name":"Comparatif fibre de bois : Homatherm, Steico, Pavatex Sylvactis et Isonat"}]},{"@type":"WebSite","@id":"https:\/\/www.la-maison-naturelle.com\/blog\/#website","url":"https:\/\/www.la-maison-naturelle.com\/blog\/","name":"La Maison naturelle | Blog","description":"Blog de la Maison naturelle","publisher":{"@id":"https:\/\/www.la-maison-naturelle.com\/blog\/#organization"},"potentialAction":[{"@type":"SearchAction","target":{"@type":"EntryPoint","urlTemplate":"https:\/\/www.la-maison-naturelle.com\/blog\/?s={search_term_string}"},"query-input":{"@type":"PropertyValueSpecification","valueRequired":true,"valueName":"search_term_string"}}],"inLanguage":"fr-FR"},{"@type":"Organization","@id":"https:\/\/www.la-maison-naturelle.com\/blog\/#organization","name":"La Maison naturelle | Blog","url":"https:\/\/www.la-maison-naturelle.com\/blog\/","logo":{"@type":"ImageObject","inLanguage":"fr-FR","@id":"https:\/\/www.la-maison-naturelle.com\/blog\/#\/schema\/logo\/image\/","url":"https:\/\/www.la-maison-naturelle.com\/blog\/wp-content\/uploads\/2021\/07\/maison-naturelle-logo.svg","contentUrl":"https:\/\/www.la-maison-naturelle.com\/blog\/wp-content\/uploads\/2021\/07\/maison-naturelle-logo.svg","width":156,"height":64,"caption":"La Maison naturelle | Blog"},"image":{"@id":"https:\/\/www.la-maison-naturelle.com\/blog\/#\/schema\/logo\/image\/"}},{"@type":"Person","@id":"https:\/\/www.la-maison-naturelle.com\/blog\/#\/schema\/person\/cad2a9ed80410189f0688441d546d43f","name":"Eloise","image":{"@type":"ImageObject","inLanguage":"fr-FR","@id":"https:\/\/www.la-maison-naturelle.com\/blog\/#\/schema\/person\/image\/","url":"https:\/\/secure.gravatar.com\/avatar\/344186806f5e8613d4a2109f3b0228a847a7c0858a8023778c44bdcfc1111df9?s=96&d=mm&r=g","contentUrl":"https:\/\/secure.gravatar.com\/avatar\/344186806f5e8613d4a2109f3b0228a847a7c0858a8023778c44bdcfc1111df9?s=96&d=mm&r=g","caption":"Eloise"},"sameAs":["https:\/\/www.la-maison-naturelle.com\/"],"url":"https:\/\/www.la-maison-naturelle.com\/blog\/author\/idries\/"}]}},"_links":{"self":[{"href":"https:\/\/www.la-maison-naturelle.com\/blog\/wp-json\/wp\/v2\/posts\/2051","targetHints":{"allow":["GET"]}}],"collection":[{"href":"https:\/\/www.la-maison-naturelle.com\/blog\/wp-json\/wp\/v2\/posts"}],"about":[{"href":"https:\/\/www.la-maison-naturelle.com\/blog\/wp-json\/wp\/v2\/types\/post"}],"author":[{"embeddable":true,"href":"https:\/\/www.la-maison-naturelle.com\/blog\/wp-json\/wp\/v2\/users\/5"}],"replies":[{"embeddable":true,"href":"https:\/\/www.la-maison-naturelle.com\/blog\/wp-json\/wp\/v2\/comments?post=2051"}],"version-history":[{"count":3,"href":"https:\/\/www.la-maison-naturelle.com\/blog\/wp-json\/wp\/v2\/posts\/2051\/revisions"}],"predecessor-version":[{"id":5747,"href":"https:\/\/www.la-maison-naturelle.com\/blog\/wp-json\/wp\/v2\/posts\/2051\/revisions\/5747"}],"wp:attachment":[{"href":"https:\/\/www.la-maison-naturelle.com\/blog\/wp-json\/wp\/v2\/media?parent=2051"}],"wp:term":[{"taxonomy":"category","embeddable":true,"href":"https:\/\/www.la-maison-naturelle.com\/blog\/wp-json\/wp\/v2\/categories?post=2051"},{"taxonomy":"post_tag","embeddable":true,"href":"https:\/\/www.la-maison-naturelle.com\/blog\/wp-json\/wp\/v2\/tags?post=2051"}],"curies":[{"name":"wp","href":"https:\/\/api.w.org\/{rel}","templated":true}]}}