{"id":2034,"date":"2014-05-24T13:19:04","date_gmt":"2014-05-24T11:19:04","guid":{"rendered":"https:\/\/www.la-maison-naturelle.com\/blog\/?p=2034"},"modified":"2023-07-29T09:34:16","modified_gmt":"2023-07-29T07:34:16","slug":"fibre-bois-isolant-l-acermi-pour-isonat-by-buitex","status":"publish","type":"post","link":"https:\/\/www.la-maison-naturelle.com\/blog\/fibre-bois-isolant-l-acermi-pour-isonat-by-buitex\/","title":{"rendered":"Fibre Bois Isolant l&rsquo;Acermi pour Isonat by Buitex"},"content":{"rendered":"<h2>Fibre de bois ISONAT tous les ACERMI sont consultables sur le site officiel<\/h2>\n<p>Tout L&rsquo;<a href=\"https:\/\/www.la-maison-naturelle.com\/brand\/4-isonat\" data-internallinksmanager029f6b8e52c=\"75\" title=\"ISONAT\">ISONAT<\/a> vendu partout en France par MIE, plus de 100 r\u00e9f\u00e9rences : cliquez<\/p>\n<h2>ISONAT\u00a0 la fibre de bois fran\u00e7aise<\/h2>\n<p>ISONAT est la marque de fibre de bois fran\u00e7aise qui dispose de la gamme la\u00a0 plus compl\u00e8te du march\u00e9 et positionne progressivement tous ses produits en certification <a href=\"https:\/\/www.la-maison-naturelle.com\/blog\/un-acermi\/\" data-internallinksmanager029f6b8e52c=\"77\" title=\"ACERMI\">ACERMI<\/a> avec de tr\u00e8s bon r\u00e9sultats.<\/p>\n<p>Achetez au moins cher la premi\u00e8re gamme en fibre de bois sous certificat ACERMI :\u00a0 cliquez ici<\/p>\n<h2>Plus de 100\u00a0 r\u00e9f\u00e9rences ISONAT au catalogue sur notre site de vente en ligne :<\/h2>\n<p>les certificats ACERMI sont indiqu\u00e9s sur chaque fiche produit. Le dernier certificat en date pour Isonat+55 fibre de bois flexible 145 mm de <a href=\"https:\/\/www.la-maison-naturelle.com\/blog\/la-densite-dun-isolant\/\" data-internallinksmanager029f6b8e52c=\"124\" title=\"Qu'est-ce que la densit\u00e9 d'un isolant ?\">densit\u00e9<\/a> 55 kg avec voile de confort vient d \u00eatre valid\u00e9 et remplace le pr\u00e9c\u00e8dent en 140 mm : n\u00b0 \u00a0 ACERMI n\u00b0 09\/116\/592\u00a0et titulaire d&rsquo;un <a href=\"https:\/\/www.la-maison-naturelle.com\/blog\/avis-technique-du-cstb\/\" data-internallinksmanager029f6b8e52c=\"153\" title=\"C'est quoi un Avis technique du CSTB?\">Avis Technique<\/a><\/p>\n<p>www.cstb.fr\/pdf\/atec\/GS20-U\/AU100176.pdf<\/p>\n<p>Les indications de pose sont en ligne sur le Guide Pose Isonat<\/p>\n<p>Cette d\u00e9marche de certification officialise le positionnement d&rsquo; ISONAT en tant que produit\u00a0 de fabrication fran\u00e7aise \u00ab\u00a0fibre de bois\u00a0\u00bb sous avis technique fran\u00e7ais parmi les plus performant du march\u00e9 et valide le choix du site mon isolation \u00e9cologique .com de distribuer toute la gamme de fibre de bois ISONAT avec plus de 100 r\u00e9f\u00e9rences\u00a0 et dans toutes les dimensions<\/p>\n<p>La fibre de bois ISONAT, les meilleurs produits du march\u00e9 et au meilleur prix livr\u00e9 partout en France : cliquez<\/p>\n<p>\u00e9tablissez vous m\u00eame votre devis Isonat\u00a0 commandez<\/p>\n<p>Vous avez donc la possibilit\u00e9 de passer commande sur le site mon isolation \u00e9cologique.com en panachant toutes les r\u00e9f\u00e9rences en fonction des besoins au \u00ab\u00a0paquet pr\u00e8s\u00a0\u00bb pour les plus courantes ou \u00ab\u00a0\u00e0 la palette\u00a0\u00bb pour les r\u00e9f\u00e9rences plus rares et vos chantiers plus cons\u00e9quents.<\/p>\n<p>Choisissez votre sous-cat\u00e9gorie<\/p>\n<table border=\"1\" cellspacing=\"1\" cellpadding=\"1\">\n<tbody>\n<tr>\n<td>Fibernat<\/td>\n<td><a href=\"https:\/\/www.la-maison-naturelle.com\/5364-cotonwool-laine-de-coton-pour-murs-interieurs\" data-internallinksmanager029f6b8e52c=\"73\" title=\"cotonwool\">Cotonwool<\/a><\/td>\n<\/tr>\n<tr>\n<td>Celflex<\/td>\n<td>Isonat+55<\/td>\n<\/tr>\n<tr>\n<td>Flex40<\/td>\n<td>Duoprotect<\/td>\n<\/tr>\n<tr>\n<td>Cover 180<\/td>\n<td>Cover 140<\/td>\n<\/tr>\n<tr>\n<td><a href=\"https:\/\/www.la-maison-naturelle.com\/isonat-multisol-140-support-d-enduit\/10262-fibre-de-bois-rigide-en-panneau-isonat-fiberwood-multisol-rainures-languettes-epaisseur-60mm-1872mm-x-572mm-r-1-46-3596265221924.html\" data-internallinksmanager029f6b8e52c=\"152\" title=\"multisol\">Multisol 140<\/a><\/td>\n<td>Multisol 110<\/td>\n<\/tr>\n<\/tbody>\n<\/table>\n<p>&nbsp;<\/p>\n","protected":false},"excerpt":{"rendered":"<p>Fibre de bois ISONAT tous les ACERMI sont consultables sur le site officiel Tout L&rsquo;ISONAT vendu partout en France par MIE, plus de 100 r\u00e9f\u00e9rences : cliquez ISONAT\u00a0 la fibre de bois fran\u00e7aise ISONAT est la marque de fibre de bois fran\u00e7aise qui dispose de la gamme la\u00a0 plus compl\u00e8te du march\u00e9 et positionne progressivement [&hellip;]<\/p>\n","protected":false},"author":5,"featured_media":0,"comment_status":"open","ping_status":"open","sticky":false,"template":"","format":"standard","meta":{"footnotes":""},"categories":[5],"tags":[],"class_list":["post-2034","post","type-post","status-publish","format-standard","hentry","category-espace-pro"],"_wp_attached_file":null,"_wp_attachment_metadata":null,"_wp_attachment_context":null,"_wp_attachment_image_alt":null,"_hf_settings":null,"hf_message_success":null,"hf_message_invalid_email":null,"hf_message_required_field_missing":null,"hf_message_error":null,"_menu_item_type":null,"_menu_item_menu_item_parent":null,"_menu_item_object_id":null,"_menu_item_object":null,"_menu_item_target":null,"_menu_item_classes":null,"_menu_item_xfn":null,"_menu_item_url":null,"_yoast_wpseo_primary_category":"5","_thumbnail_id":null,"_oembed_26d84b2c06432105b0a19987ae029a71":null,"_oembed_43e9e2dfde1b9b4ed91c9711026b7ef9":null,"_oembed_1fe1564764edbddc3b61e81acf52be88":null,"_oembed_df60f474cd845141e7ce6596d101e4a0":null,"_oembed_825e674795e2435c0bc66eb08e5d2c8b":null,"_oembed_time_825e674795e2435c0bc66eb08e5d2c8b":null,"_oembed_e917352ff4cc21ea91383201eeaa08cf":null,"_oembed_2363c16c972791c33e283320dc564fce":null,"_oembed_cc9ad5b5073a84776f6a62e33e6c7498":null,"_oembed_time_cc9ad5b5073a84776f6a62e33e6c7498":null,"_oembed_305147fcf4b856de518466e695c209cd":null,"_oembed_8517a877084ae01a5296813ee1d16a2b":null,"_oembed_2741f1556b243e68379198f98ba7f864":null,"_oembed_c3ffa24981451396c950ece2129da0f6":null,"_oembed_6f9091ebe2f3f5fcb5698ba6f4b41477":null,"_wp_old_slug":null,"_oembed_e4fb0f68ba12b85e9e231afe151ba12a":null,"_oembed_3c60e98bd703e617e67f5bbb3b97424d":null,"_oembed_bb060374498dcf40cb6068efe4be87e1":null,"_oembed_d0403e1e71c3a29020bd546b159480f1":null,"_oembed_b030ff17fbbbf8661c59c2ab8ff289eb":null,"_oembed_5cec699ba0631c6c0e4ba4f6af5f228e":null,"_oembed_b06a67f278b90cf4e8dd17cb12fe67b0":null,"_oembed_8e190e4fea2256f17420434651556236":null,"_oembed_b5ded119f1337916a0fc64d2ad85c95f":null,"_oembed_d9364a7a81be31c01415da2c50a48932":null,"_oembed_738cafa36d51a58e5ae3e458aa8f7584":null,"_oembed_ebcab5184b6b321b28efbcbec079859b":null,"_oembed_3dd9e35c2b7b268070e74da5b89cf937":null,"_oembed_e14b167b493e311a1c4e2aab38a463e8":null,"_oembed_dc8f7d108b38f3f0c2e0785b8bc46cae":null,"_oembed_55cf1c5142884afed312c2666bf27520":null,"_oembed_2292333bf03a956b4b61afafeff6bca0":null,"_oembed_82a986a6b900856fec23169de03a0038":null,"_oembed_4048ded025352b83569104210074165a":null,"_oembed_033b42b1af757abc39e4487233cee7f5":null,"_oembed_aec1d50f2b159366be8e37e94b201be1":null,"_oembed_0adc8480b2fcadf9a1733f572ce3d3f8":null,"_yoast_wpseo_title":null,"_yoast_wpseo_focuskw":null,"_yoast_wpseo_linkdex":null,"_yoast_wpseo_metadesc":null,"_yoast_wpseo_wordproof_timestamp":"","_tpl_archive_meta_key":null,"_form":null,"_mail":null,"_mail_2":null,"_messages":null,"_additional_settings":null,"_locale":null,"_wp_old_date":null,"_edit_last":"5","_wpb_vc_js_status":"false","_yoast_wpseo_estimated-reading-time-minutes":"2","_edit_lock":"1690615914:5","_yoast_wpseo_content_score":"60","yoast_head":"<!-- This site is optimized with the Yoast SEO plugin v24.3 - https:\/\/yoast.com\/wordpress\/plugins\/seo\/ -->\n<title>Fibre Bois Isolant l&#039;Acermi pour Isonat by Buitex - La Maison naturelle | Blog<\/title>\n<meta name=\"robots\" content=\"index, follow, max-snippet:-1, max-image-preview:large, max-video-preview:-1\" \/>\n<link rel=\"canonical\" href=\"https:\/\/www.la-maison-naturelle.com\/blog\/fibre-bois-isolant-l-acermi-pour-isonat-by-buitex\/\" \/>\n<meta property=\"og:locale\" content=\"fr_FR\" \/>\n<meta property=\"og:type\" content=\"article\" \/>\n<meta property=\"og:title\" content=\"Fibre Bois Isolant l&#039;Acermi pour Isonat by Buitex - La Maison naturelle | Blog\" \/>\n<meta property=\"og:description\" content=\"Fibre de bois ISONAT tous les ACERMI sont consultables sur le site officiel Tout L&rsquo;ISONAT vendu partout en France par MIE, plus de 100 r\u00e9f\u00e9rences : cliquez ISONAT\u00a0 la fibre de bois fran\u00e7aise ISONAT est la marque de fibre de bois fran\u00e7aise qui dispose de la gamme la\u00a0 plus compl\u00e8te du march\u00e9 et positionne progressivement [&hellip;]\" \/>\n<meta property=\"og:url\" content=\"https:\/\/www.la-maison-naturelle.com\/blog\/fibre-bois-isolant-l-acermi-pour-isonat-by-buitex\/\" \/>\n<meta property=\"og:site_name\" content=\"La Maison naturelle | Blog\" \/>\n<meta property=\"article:published_time\" content=\"2014-05-24T11:19:04+00:00\" \/>\n<meta property=\"article:modified_time\" content=\"2023-07-29T07:34:16+00:00\" \/>\n<meta name=\"author\" content=\"Eloise\" \/>\n<meta name=\"twitter:card\" content=\"summary_large_image\" \/>\n<meta name=\"twitter:label1\" content=\"\u00c9crit par\" \/>\n\t<meta name=\"twitter:data1\" content=\"Eloise\" \/>\n\t<meta name=\"twitter:label2\" content=\"Dur\u00e9e de lecture estim\u00e9e\" \/>\n\t<meta name=\"twitter:data2\" content=\"2 minutes\" \/>\n<script type=\"application\/ld+json\" class=\"yoast-schema-graph\">{\"@context\":\"https:\/\/schema.org\",\"@graph\":[{\"@type\":\"Article\",\"@id\":\"https:\/\/www.la-maison-naturelle.com\/blog\/fibre-bois-isolant-l-acermi-pour-isonat-by-buitex\/#article\",\"isPartOf\":{\"@id\":\"https:\/\/www.la-maison-naturelle.com\/blog\/fibre-bois-isolant-l-acermi-pour-isonat-by-buitex\/\"},\"author\":{\"name\":\"Eloise\",\"@id\":\"https:\/\/www.la-maison-naturelle.com\/blog\/#\/schema\/person\/cad2a9ed80410189f0688441d546d43f\"},\"headline\":\"Fibre Bois Isolant l&rsquo;Acermi pour Isonat by Buitex\",\"datePublished\":\"2014-05-24T11:19:04+00:00\",\"dateModified\":\"2023-07-29T07:34:16+00:00\",\"mainEntityOfPage\":{\"@id\":\"https:\/\/www.la-maison-naturelle.com\/blog\/fibre-bois-isolant-l-acermi-pour-isonat-by-buitex\/\"},\"wordCount\":336,\"commentCount\":0,\"publisher\":{\"@id\":\"https:\/\/www.la-maison-naturelle.com\/blog\/#organization\"},\"articleSection\":[\"Espace pro\"],\"inLanguage\":\"fr-FR\",\"potentialAction\":[{\"@type\":\"CommentAction\",\"name\":\"Comment\",\"target\":[\"https:\/\/www.la-maison-naturelle.com\/blog\/fibre-bois-isolant-l-acermi-pour-isonat-by-buitex\/#respond\"]}]},{\"@type\":\"WebPage\",\"@id\":\"https:\/\/www.la-maison-naturelle.com\/blog\/fibre-bois-isolant-l-acermi-pour-isonat-by-buitex\/\",\"url\":\"https:\/\/www.la-maison-naturelle.com\/blog\/fibre-bois-isolant-l-acermi-pour-isonat-by-buitex\/\",\"name\":\"Fibre Bois Isolant l'Acermi pour Isonat by Buitex - La Maison naturelle | Blog\",\"isPartOf\":{\"@id\":\"https:\/\/www.la-maison-naturelle.com\/blog\/#website\"},\"datePublished\":\"2014-05-24T11:19:04+00:00\",\"dateModified\":\"2023-07-29T07:34:16+00:00\",\"breadcrumb\":{\"@id\":\"https:\/\/www.la-maison-naturelle.com\/blog\/fibre-bois-isolant-l-acermi-pour-isonat-by-buitex\/#breadcrumb\"},\"inLanguage\":\"fr-FR\",\"potentialAction\":[{\"@type\":\"ReadAction\",\"target\":[\"https:\/\/www.la-maison-naturelle.com\/blog\/fibre-bois-isolant-l-acermi-pour-isonat-by-buitex\/\"]}]},{\"@type\":\"BreadcrumbList\",\"@id\":\"https:\/\/www.la-maison-naturelle.com\/blog\/fibre-bois-isolant-l-acermi-pour-isonat-by-buitex\/#breadcrumb\",\"itemListElement\":[{\"@type\":\"ListItem\",\"position\":1,\"name\":\"Accueil\",\"item\":\"https:\/\/www.la-maison-naturelle.com\/blog\/\"},{\"@type\":\"ListItem\",\"position\":2,\"name\":\"Fibre Bois Isolant l&rsquo;Acermi pour Isonat by Buitex\"}]},{\"@type\":\"WebSite\",\"@id\":\"https:\/\/www.la-maison-naturelle.com\/blog\/#website\",\"url\":\"https:\/\/www.la-maison-naturelle.com\/blog\/\",\"name\":\"La Maison naturelle | Blog\",\"description\":\"Blog de la Maison naturelle\",\"publisher\":{\"@id\":\"https:\/\/www.la-maison-naturelle.com\/blog\/#organization\"},\"potentialAction\":[{\"@type\":\"SearchAction\",\"target\":{\"@type\":\"EntryPoint\",\"urlTemplate\":\"https:\/\/www.la-maison-naturelle.com\/blog\/?s={search_term_string}\"},\"query-input\":{\"@type\":\"PropertyValueSpecification\",\"valueRequired\":true,\"valueName\":\"search_term_string\"}}],\"inLanguage\":\"fr-FR\"},{\"@type\":\"Organization\",\"@id\":\"https:\/\/www.la-maison-naturelle.com\/blog\/#organization\",\"name\":\"La Maison naturelle | Blog\",\"url\":\"https:\/\/www.la-maison-naturelle.com\/blog\/\",\"logo\":{\"@type\":\"ImageObject\",\"inLanguage\":\"fr-FR\",\"@id\":\"https:\/\/www.la-maison-naturelle.com\/blog\/#\/schema\/logo\/image\/\",\"url\":\"https:\/\/www.la-maison-naturelle.com\/blog\/wp-content\/uploads\/2021\/07\/maison-naturelle-logo.svg\",\"contentUrl\":\"https:\/\/www.la-maison-naturelle.com\/blog\/wp-content\/uploads\/2021\/07\/maison-naturelle-logo.svg\",\"width\":156,\"height\":64,\"caption\":\"La Maison naturelle | Blog\"},\"image\":{\"@id\":\"https:\/\/www.la-maison-naturelle.com\/blog\/#\/schema\/logo\/image\/\"}},{\"@type\":\"Person\",\"@id\":\"https:\/\/www.la-maison-naturelle.com\/blog\/#\/schema\/person\/cad2a9ed80410189f0688441d546d43f\",\"name\":\"Eloise\",\"image\":{\"@type\":\"ImageObject\",\"inLanguage\":\"fr-FR\",\"@id\":\"https:\/\/www.la-maison-naturelle.com\/blog\/#\/schema\/person\/image\/\",\"url\":\"https:\/\/secure.gravatar.com\/avatar\/344186806f5e8613d4a2109f3b0228a847a7c0858a8023778c44bdcfc1111df9?s=96&d=mm&r=g\",\"contentUrl\":\"https:\/\/secure.gravatar.com\/avatar\/344186806f5e8613d4a2109f3b0228a847a7c0858a8023778c44bdcfc1111df9?s=96&d=mm&r=g\",\"caption\":\"Eloise\"},\"sameAs\":[\"https:\/\/www.la-maison-naturelle.com\/\"],\"url\":\"https:\/\/www.la-maison-naturelle.com\/blog\/author\/idries\/\"}]}<\/script>\n<!-- \/ Yoast SEO plugin. -->","yoast_head_json":{"title":"Fibre Bois Isolant l'Acermi pour Isonat by Buitex - La Maison naturelle | Blog","robots":{"index":"index","follow":"follow","max-snippet":"max-snippet:-1","max-image-preview":"max-image-preview:large","max-video-preview":"max-video-preview:-1"},"canonical":"https:\/\/www.la-maison-naturelle.com\/blog\/fibre-bois-isolant-l-acermi-pour-isonat-by-buitex\/","og_locale":"fr_FR","og_type":"article","og_title":"Fibre Bois Isolant l'Acermi pour Isonat by Buitex - La Maison naturelle | Blog","og_description":"Fibre de bois ISONAT tous les ACERMI sont consultables sur le site officiel Tout L&rsquo;ISONAT vendu partout en France par MIE, plus de 100 r\u00e9f\u00e9rences : cliquez ISONAT\u00a0 la fibre de bois fran\u00e7aise ISONAT est la marque de fibre de bois fran\u00e7aise qui dispose de la gamme la\u00a0 plus compl\u00e8te du march\u00e9 et positionne progressivement [&hellip;]","og_url":"https:\/\/www.la-maison-naturelle.com\/blog\/fibre-bois-isolant-l-acermi-pour-isonat-by-buitex\/","og_site_name":"La Maison naturelle | Blog","article_published_time":"2014-05-24T11:19:04+00:00","article_modified_time":"2023-07-29T07:34:16+00:00","author":"Eloise","twitter_card":"summary_large_image","twitter_misc":{"\u00c9crit par":"Eloise","Dur\u00e9e de lecture estim\u00e9e":"2 minutes"},"schema":{"@context":"https:\/\/schema.org","@graph":[{"@type":"Article","@id":"https:\/\/www.la-maison-naturelle.com\/blog\/fibre-bois-isolant-l-acermi-pour-isonat-by-buitex\/#article","isPartOf":{"@id":"https:\/\/www.la-maison-naturelle.com\/blog\/fibre-bois-isolant-l-acermi-pour-isonat-by-buitex\/"},"author":{"name":"Eloise","@id":"https:\/\/www.la-maison-naturelle.com\/blog\/#\/schema\/person\/cad2a9ed80410189f0688441d546d43f"},"headline":"Fibre Bois Isolant l&rsquo;Acermi pour Isonat by Buitex","datePublished":"2014-05-24T11:19:04+00:00","dateModified":"2023-07-29T07:34:16+00:00","mainEntityOfPage":{"@id":"https:\/\/www.la-maison-naturelle.com\/blog\/fibre-bois-isolant-l-acermi-pour-isonat-by-buitex\/"},"wordCount":336,"commentCount":0,"publisher":{"@id":"https:\/\/www.la-maison-naturelle.com\/blog\/#organization"},"articleSection":["Espace pro"],"inLanguage":"fr-FR","potentialAction":[{"@type":"CommentAction","name":"Comment","target":["https:\/\/www.la-maison-naturelle.com\/blog\/fibre-bois-isolant-l-acermi-pour-isonat-by-buitex\/#respond"]}]},{"@type":"WebPage","@id":"https:\/\/www.la-maison-naturelle.com\/blog\/fibre-bois-isolant-l-acermi-pour-isonat-by-buitex\/","url":"https:\/\/www.la-maison-naturelle.com\/blog\/fibre-bois-isolant-l-acermi-pour-isonat-by-buitex\/","name":"Fibre Bois Isolant l'Acermi pour Isonat by Buitex - La Maison naturelle | Blog","isPartOf":{"@id":"https:\/\/www.la-maison-naturelle.com\/blog\/#website"},"datePublished":"2014-05-24T11:19:04+00:00","dateModified":"2023-07-29T07:34:16+00:00","breadcrumb":{"@id":"https:\/\/www.la-maison-naturelle.com\/blog\/fibre-bois-isolant-l-acermi-pour-isonat-by-buitex\/#breadcrumb"},"inLanguage":"fr-FR","potentialAction":[{"@type":"ReadAction","target":["https:\/\/www.la-maison-naturelle.com\/blog\/fibre-bois-isolant-l-acermi-pour-isonat-by-buitex\/"]}]},{"@type":"BreadcrumbList","@id":"https:\/\/www.la-maison-naturelle.com\/blog\/fibre-bois-isolant-l-acermi-pour-isonat-by-buitex\/#breadcrumb","itemListElement":[{"@type":"ListItem","position":1,"name":"Accueil","item":"https:\/\/www.la-maison-naturelle.com\/blog\/"},{"@type":"ListItem","position":2,"name":"Fibre Bois Isolant l&rsquo;Acermi pour Isonat by Buitex"}]},{"@type":"WebSite","@id":"https:\/\/www.la-maison-naturelle.com\/blog\/#website","url":"https:\/\/www.la-maison-naturelle.com\/blog\/","name":"La Maison naturelle | Blog","description":"Blog de la Maison naturelle","publisher":{"@id":"https:\/\/www.la-maison-naturelle.com\/blog\/#organization"},"potentialAction":[{"@type":"SearchAction","target":{"@type":"EntryPoint","urlTemplate":"https:\/\/www.la-maison-naturelle.com\/blog\/?s={search_term_string}"},"query-input":{"@type":"PropertyValueSpecification","valueRequired":true,"valueName":"search_term_string"}}],"inLanguage":"fr-FR"},{"@type":"Organization","@id":"https:\/\/www.la-maison-naturelle.com\/blog\/#organization","name":"La Maison naturelle | Blog","url":"https:\/\/www.la-maison-naturelle.com\/blog\/","logo":{"@type":"ImageObject","inLanguage":"fr-FR","@id":"https:\/\/www.la-maison-naturelle.com\/blog\/#\/schema\/logo\/image\/","url":"https:\/\/www.la-maison-naturelle.com\/blog\/wp-content\/uploads\/2021\/07\/maison-naturelle-logo.svg","contentUrl":"https:\/\/www.la-maison-naturelle.com\/blog\/wp-content\/uploads\/2021\/07\/maison-naturelle-logo.svg","width":156,"height":64,"caption":"La Maison naturelle | Blog"},"image":{"@id":"https:\/\/www.la-maison-naturelle.com\/blog\/#\/schema\/logo\/image\/"}},{"@type":"Person","@id":"https:\/\/www.la-maison-naturelle.com\/blog\/#\/schema\/person\/cad2a9ed80410189f0688441d546d43f","name":"Eloise","image":{"@type":"ImageObject","inLanguage":"fr-FR","@id":"https:\/\/www.la-maison-naturelle.com\/blog\/#\/schema\/person\/image\/","url":"https:\/\/secure.gravatar.com\/avatar\/344186806f5e8613d4a2109f3b0228a847a7c0858a8023778c44bdcfc1111df9?s=96&d=mm&r=g","contentUrl":"https:\/\/secure.gravatar.com\/avatar\/344186806f5e8613d4a2109f3b0228a847a7c0858a8023778c44bdcfc1111df9?s=96&d=mm&r=g","caption":"Eloise"},"sameAs":["https:\/\/www.la-maison-naturelle.com\/"],"url":"https:\/\/www.la-maison-naturelle.com\/blog\/author\/idries\/"}]}},"_links":{"self":[{"href":"https:\/\/www.la-maison-naturelle.com\/blog\/wp-json\/wp\/v2\/posts\/2034","targetHints":{"allow":["GET"]}}],"collection":[{"href":"https:\/\/www.la-maison-naturelle.com\/blog\/wp-json\/wp\/v2\/posts"}],"about":[{"href":"https:\/\/www.la-maison-naturelle.com\/blog\/wp-json\/wp\/v2\/types\/post"}],"author":[{"embeddable":true,"href":"https:\/\/www.la-maison-naturelle.com\/blog\/wp-json\/wp\/v2\/users\/5"}],"replies":[{"embeddable":true,"href":"https:\/\/www.la-maison-naturelle.com\/blog\/wp-json\/wp\/v2\/comments?post=2034"}],"version-history":[{"count":2,"href":"https:\/\/www.la-maison-naturelle.com\/blog\/wp-json\/wp\/v2\/posts\/2034\/revisions"}],"predecessor-version":[{"id":4900,"href":"https:\/\/www.la-maison-naturelle.com\/blog\/wp-json\/wp\/v2\/posts\/2034\/revisions\/4900"}],"wp:attachment":[{"href":"https:\/\/www.la-maison-naturelle.com\/blog\/wp-json\/wp\/v2\/media?parent=2034"}],"wp:term":[{"taxonomy":"category","embeddable":true,"href":"https:\/\/www.la-maison-naturelle.com\/blog\/wp-json\/wp\/v2\/categories?post=2034"},{"taxonomy":"post_tag","embeddable":true,"href":"https:\/\/www.la-maison-naturelle.com\/blog\/wp-json\/wp\/v2\/tags?post=2034"}],"curies":[{"name":"wp","href":"https:\/\/api.w.org\/{rel}","templated":true}]}}