{"id":1984,"date":"2014-05-24T12:51:16","date_gmt":"2014-05-24T10:51:16","guid":{"rendered":"https:\/\/www.la-maison-naturelle.com\/blog\/?p=1984"},"modified":"2023-08-04T19:01:54","modified_gmt":"2023-08-04T17:01:54","slug":"materiaux-ecologiques-ouest-bretagne","status":"publish","type":"post","link":"https:\/\/www.la-maison-naturelle.com\/blog\/materiaux-ecologiques-ouest-bretagne\/","title":{"rendered":"Les mat\u00e9riaux \u00e9cologiques en Ouest Bretagne : une solution pour pr\u00e9server l&rsquo;environnement et favoriser l&rsquo;\u00e9conomie locale"},"content":{"rendered":"<table style=\" width=\"100%\",max-width=\"839\">\n<tbody>\n<tr>\n<td colspan=\"3\"><a href=\"https:\/\/www.la-maison-naturelle.com\/\"><img decoding=\"async\" class=\"wp-image-5568 aligncenter\" src=\"https:\/\/www.la-maison-naturelle.com\/blog\/wp-content\/uploads\/2012\/05\/Dark-Green-and-Gray-Professional-and-Clean-E-Commerce-Email-Header-300x35.png\" alt=\"\" width=\"839\" srcset=\"https:\/\/www.la-maison-naturelle.com\/blog\/wp-content\/uploads\/2012\/05\/Dark-Green-and-Gray-Professional-and-Clean-E-Commerce-Email-Header-300x35.png 300w, https:\/\/www.la-maison-naturelle.com\/blog\/wp-content\/uploads\/2012\/05\/Dark-Green-and-Gray-Professional-and-Clean-E-Commerce-Email-Header-1024x119.png 1024w, https:\/\/www.la-maison-naturelle.com\/blog\/wp-content\/uploads\/2012\/05\/Dark-Green-and-Gray-Professional-and-Clean-E-Commerce-Email-Header-768x89.png 768w, https:\/\/www.la-maison-naturelle.com\/blog\/wp-content\/uploads\/2012\/05\/Dark-Green-and-Gray-Professional-and-Clean-E-Commerce-Email-Header-1536x178.png 1536w, https:\/\/www.la-maison-naturelle.com\/blog\/wp-content\/uploads\/2012\/05\/Dark-Green-and-Gray-Professional-and-Clean-E-Commerce-Email-Header.png 1578w\" sizes=\"(max-width: 300px) 100vw, 300px\" \/><\/a><\/td>\n<\/tr>\n<tr>\n<td><a href=\"https:\/\/www.la-maison-naturelle.com\/5260-materiaux-et-bricolage\"><img loading=\"lazy\" decoding=\"async\" class=\"alignright size-medium wp-image-5565\" src=\"https:\/\/www.la-maison-naturelle.com\/blog\/wp-content\/uploads\/2012\/05\/73a5f09c-2ef6-46dd-90d1-9cf73599e16b-1-249x300.png\" alt=\"Mat\u00e9riaux et bricolage\" width=\"249\" height=\"300\" srcset=\"https:\/\/www.la-maison-naturelle.com\/blog\/wp-content\/uploads\/2012\/05\/73a5f09c-2ef6-46dd-90d1-9cf73599e16b-1-249x300.png 249w, https:\/\/www.la-maison-naturelle.com\/blog\/wp-content\/uploads\/2012\/05\/73a5f09c-2ef6-46dd-90d1-9cf73599e16b-1.png 397w\" sizes=\"auto, (max-width: 249px) 100vw, 249px\" \/><\/a><\/td>\n<td><a href=\"https:\/\/www.la-maison-naturelle.com\/5266-amenagement-du-jardin\"><img loading=\"lazy\" decoding=\"async\" class=\"alignright size-medium wp-image-5564\" src=\"https:\/\/www.la-maison-naturelle.com\/blog\/wp-content\/uploads\/2012\/05\/9224811f-6da5-4d4d-8634-e9a2517a9565-1-249x300.png\" alt=\"Jardin et ext\u00e9rieur\" width=\"249\" height=\"300\" srcset=\"https:\/\/www.la-maison-naturelle.com\/blog\/wp-content\/uploads\/2012\/05\/9224811f-6da5-4d4d-8634-e9a2517a9565-1-249x300.png 249w, https:\/\/www.la-maison-naturelle.com\/blog\/wp-content\/uploads\/2012\/05\/9224811f-6da5-4d4d-8634-e9a2517a9565-1.png 397w\" sizes=\"auto, (max-width: 249px) 100vw, 249px\" \/><\/a><\/td>\n<td><a href=\"https:\/\/www.la-maison-naturelle.com\/5267-interieur-et-decoration\"><img loading=\"lazy\" decoding=\"async\" class=\"alignright size-medium wp-image-5563\" src=\"https:\/\/www.la-maison-naturelle.com\/blog\/wp-content\/uploads\/2012\/05\/b9400ea8-440a-4a4a-8db6-682fde3f9652-1-249x300.png\" alt=\"Int\u00e9rieur et d\u00e9coration\" width=\"249\" height=\"300\" srcset=\"https:\/\/www.la-maison-naturelle.com\/blog\/wp-content\/uploads\/2012\/05\/b9400ea8-440a-4a4a-8db6-682fde3f9652-1-249x300.png 249w, https:\/\/www.la-maison-naturelle.com\/blog\/wp-content\/uploads\/2012\/05\/b9400ea8-440a-4a4a-8db6-682fde3f9652-1.png 397w\" sizes=\"auto, (max-width: 249px) 100vw, 249px\" \/><\/a><\/td>\n<\/tr>\n<\/tbody>\n<\/table>\n<p>La pr\u00e9servation de l&rsquo;environnement est aujourd&rsquo;hui une pr\u00e9occupation majeure pour de nombreuses personnes. En effet, les cons\u00e9quences du changement climatique et de la destruction de la biodiversit\u00e9 sont de plus en plus visibles et alarmantes. Dans ce contexte, l&rsquo;utilisation de mat\u00e9riaux \u00e9cologiques devient primordiale. Parmi ces mat\u00e9riaux, ceux utilis\u00e9s dans la construction et la r\u00e9novation des b\u00e2timents jouent un r\u00f4le essentiel. En Ouest Bretagne, de nombreux acteurs se mobilisent pour promouvoir l&rsquo;utilisation de mat\u00e9riaux \u00e9cologiques, en proposant notamment des solutions adapt\u00e9es aux sp\u00e9cificit\u00e9s de la r\u00e9gion.<\/p>\n<p>La r\u00e9gion Ouest Bretagne dispose d&rsquo;un potentiel important en termes de mat\u00e9riaux \u00e9cologiques. En effet, celle-ci b\u00e9n\u00e9ficie d&rsquo;une grande diversit\u00e9 de ressources naturelles, permettant la production de mat\u00e9riaux respectueux de l&rsquo;environnement. Parmi ces ressources, on peut citer la terre, le bois, la paille ou encore le <a href=\"https:\/\/www.la-maison-naturelle.com\/3055-laine-de-chanvre\" data-internallinksmanager029f6b8e52c=\"4\" title=\"isolation chanvre\">chanvre<\/a>. Ces mat\u00e9riaux sont renouvelables, recyclables et peu \u00e9nergivores, ce qui en fait des alternatives durables aux mat\u00e9riaux conventionnels.<\/p>\n<p>Plusieurs entreprises et artisans de la r\u00e9gion se sont sp\u00e9cialis\u00e9s dans la production et la transformation de ces mat\u00e9riaux \u00e9cologiques. Ils proposent ainsi des produits adapt\u00e9s \u00e0 la construction et \u00e0 la r\u00e9novation des b\u00e2timents, tels que des isolants, des enduits, des rev\u00eatements de sol, etc. Ces acteurs d\u00e9veloppent \u00e9galement des techniques de mise en \u0153uvre sp\u00e9cifiques, permettant d&rsquo;optimiser les performances \u00e9nerg\u00e9tiques des b\u00e2timents, tout en pr\u00e9servant l&rsquo;environnement.<\/p>\n<p>L&rsquo;utilisation de mat\u00e9riaux \u00e9cologiques pr\u00e9sente de nombreux avantages pour les habitants de l&rsquo;Ouest Bretagne. Tout d&rsquo;abord, ces mat\u00e9riaux permettent de r\u00e9duire l&#8217;empreinte carbone des b\u00e2timents, en limitant les \u00e9missions de gaz \u00e0 effet de serre li\u00e9es \u00e0 leur fabrication et \u00e0 leur utilisation. Ils contribuent ainsi \u00e0 la lutte contre le changement climatique, en favorisant une construction plus durable et moins polluante.<\/p>\n<p>Par ailleurs, les mat\u00e9riaux \u00e9cologiques offrent de meilleures performances isolantes que les mat\u00e9riaux conventionnels. Par exemple, les isolants en laine de bois ou en chanvre permettent d&rsquo;obtenir une meilleure r\u00e9gulation thermique, limitant les d\u00e9perditions de chaleur en hiver et la surchauffe en \u00e9t\u00e9. Ils contribuent ainsi \u00e0 r\u00e9duire les besoins en chauffage et en climatisation des b\u00e2timents, ce qui se traduit par des \u00e9conomies d&rsquo;\u00e9nergie significatives.<\/p>\n<p>Enfin, l&rsquo;utilisation de mat\u00e9riaux \u00e9cologiques favorise la cr\u00e9ation d&#8217;emplois locaux et le d\u00e9veloppement d&rsquo;une \u00e9conomie circulaire. En privil\u00e9giant les ressources locales, ces mat\u00e9riaux contribuent \u00e0 dynamiser le tissu \u00e9conomique de la r\u00e9gion, en soutenant les activit\u00e9s artisanales et les circuits courts. De plus, leur recyclabilit\u00e9 permet de limiter la production de d\u00e9chets et de pr\u00e9server les ressources naturelles.<\/p>\n<h2>Les mat\u00e9riaux \u00e9cologiques : une solution pour la pr\u00e9servation de l&rsquo;environnement<\/h2>\n<p>La pr\u00e9servation de l&rsquo;environnement est aujourd&rsquo;hui une pr\u00e9occupation majeure pour de nombreuses personnes. En effet, les cons\u00e9quences du changement climatique et de la destruction de la biodiversit\u00e9 sont de plus en plus visibles et alarmantes. Dans ce contexte, l&rsquo;utilisation de mat\u00e9riaux \u00e9cologiques devient primordiale. Parmi ces mat\u00e9riaux, ceux utilis\u00e9s dans la construction et la r\u00e9novation des b\u00e2timents jouent un r\u00f4le essentiel. En Ouest Bretagne, de nombreux acteurs se mobilisent pour promouvoir l&rsquo;utilisation de mat\u00e9riaux \u00e9cologiques, en proposant notamment des solutions adapt\u00e9es aux sp\u00e9cificit\u00e9s de la r\u00e9gion.<\/p>\n<h2>La fili\u00e8re des mat\u00e9riaux \u00e9cologiques en Ouest Bretagne<\/h2>\n<p>La r\u00e9gion Ouest Bretagne dispose d&rsquo;un potentiel important en termes de mat\u00e9riaux \u00e9cologiques. En effet, celle-ci b\u00e9n\u00e9ficie d&rsquo;une grande diversit\u00e9 de ressources naturelles, permettant la production de mat\u00e9riaux respectueux de l&rsquo;environnement. Parmi ces ressources, on peut citer la terre, le bois, la paille ou encore le chanvre. Ces mat\u00e9riaux sont renouvelables, recyclables et peu \u00e9nergivores, ce qui en fait des alternatives durables aux mat\u00e9riaux conventionnels.<\/p>\n<p>Plusieurs entreprises et artisans de la r\u00e9gion se sont sp\u00e9cialis\u00e9s dans la production et la transformation de ces mat\u00e9riaux \u00e9cologiques. Ils proposent ainsi des produits adapt\u00e9s \u00e0 la construction et \u00e0 la r\u00e9novation des b\u00e2timents, tels que des isolants, des enduits, des rev\u00eatements de sol, etc. Ces acteurs d\u00e9veloppent \u00e9galement des techniques de mise en \u0153uvre sp\u00e9cifiques, permettant d&rsquo;optimiser les performances \u00e9nerg\u00e9tiques des b\u00e2timents, tout en pr\u00e9servant l&rsquo;environnement.<\/p>\n<h2>Les avantages des mat\u00e9riaux \u00e9cologiques en Ouest Bretagne<\/h2>\n<p>L&rsquo;utilisation de mat\u00e9riaux \u00e9cologiques pr\u00e9sente de nombreux avantages pour les habitants de l&rsquo;Ouest Bretagne. Tout d&rsquo;abord, ces mat\u00e9riaux permettent de r\u00e9duire l&#8217;empreinte carbone des b\u00e2timents, en limitant les \u00e9missions de gaz \u00e0 effet de serre li\u00e9es \u00e0 leur fabrication et \u00e0 leur utilisation. Ils contribuent ainsi \u00e0 la lutte contre le changement climatique, en favorisant une construction plus durable et moins polluante.<\/p>\n<p>Par ailleurs, les mat\u00e9riaux \u00e9cologiques offrent de meilleures performances isolantes que les mat\u00e9riaux conventionnels. Par exemple, les isolants en laine de bois ou en chanvre permettent d&rsquo;obtenir une meilleure r\u00e9gulation thermique, limitant les d\u00e9perditions de chaleur en hiver et la surchauffe en \u00e9t\u00e9. Ils contribuent ainsi \u00e0 r\u00e9duire les besoins en chauffage et en climatisation des b\u00e2timents, ce qui se traduit par des \u00e9conomies d&rsquo;\u00e9nergie significatives.<\/p>\n<p>Enfin, l&rsquo;utilisation de mat\u00e9riaux \u00e9cologiques favorise la cr\u00e9ation d&#8217;emplois locaux et le d\u00e9veloppement d&rsquo;une \u00e9conomie circulaire. En privil\u00e9giant les ressources locales, ces mat\u00e9riaux contribuent \u00e0 dynamiser le tissu \u00e9conomique de la r\u00e9gion, en soutenant les activit\u00e9s artisanales et les circuits courts. De plus, leur recyclabilit\u00e9 permet de limiter la production de d\u00e9chets et de pr\u00e9server les ressources naturelles.<\/p>\n","protected":false},"excerpt":{"rendered":"","protected":false},"author":6,"featured_media":0,"comment_status":"open","ping_status":"open","sticky":false,"template":"","format":"standard","meta":{"footnotes":""},"categories":[4],"tags":[],"class_list":["post-1984","post","type-post","status-publish","format-standard","hentry","category-actualites-produits"],"_wp_attached_file":null,"_wp_attachment_metadata":null,"_wp_attachment_context":null,"_wp_attachment_image_alt":null,"_hf_settings":null,"hf_message_success":null,"hf_message_invalid_email":null,"hf_message_required_field_missing":null,"hf_message_error":null,"_menu_item_type":null,"_menu_item_menu_item_parent":null,"_menu_item_object_id":null,"_menu_item_object":null,"_menu_item_target":null,"_menu_item_classes":null,"_menu_item_xfn":null,"_menu_item_url":null,"_yoast_wpseo_primary_category":"","_thumbnail_id":null,"_oembed_26d84b2c06432105b0a19987ae029a71":null,"_oembed_43e9e2dfde1b9b4ed91c9711026b7ef9":null,"_oembed_1fe1564764edbddc3b61e81acf52be88":null,"_oembed_df60f474cd845141e7ce6596d101e4a0":null,"_oembed_825e674795e2435c0bc66eb08e5d2c8b":null,"_oembed_time_825e674795e2435c0bc66eb08e5d2c8b":null,"_oembed_e917352ff4cc21ea91383201eeaa08cf":null,"_oembed_2363c16c972791c33e283320dc564fce":null,"_oembed_cc9ad5b5073a84776f6a62e33e6c7498":null,"_oembed_time_cc9ad5b5073a84776f6a62e33e6c7498":null,"_oembed_305147fcf4b856de518466e695c209cd":null,"_oembed_8517a877084ae01a5296813ee1d16a2b":null,"_oembed_2741f1556b243e68379198f98ba7f864":null,"_oembed_c3ffa24981451396c950ece2129da0f6":null,"_oembed_6f9091ebe2f3f5fcb5698ba6f4b41477":null,"_wp_old_slug":null,"_oembed_e4fb0f68ba12b85e9e231afe151ba12a":null,"_oembed_3c60e98bd703e617e67f5bbb3b97424d":null,"_oembed_bb060374498dcf40cb6068efe4be87e1":null,"_oembed_d0403e1e71c3a29020bd546b159480f1":null,"_oembed_b030ff17fbbbf8661c59c2ab8ff289eb":null,"_oembed_5cec699ba0631c6c0e4ba4f6af5f228e":null,"_oembed_b06a67f278b90cf4e8dd17cb12fe67b0":null,"_oembed_8e190e4fea2256f17420434651556236":null,"_oembed_b5ded119f1337916a0fc64d2ad85c95f":null,"_oembed_d9364a7a81be31c01415da2c50a48932":null,"_oembed_738cafa36d51a58e5ae3e458aa8f7584":null,"_oembed_ebcab5184b6b321b28efbcbec079859b":null,"_oembed_3dd9e35c2b7b268070e74da5b89cf937":null,"_oembed_e14b167b493e311a1c4e2aab38a463e8":null,"_oembed_dc8f7d108b38f3f0c2e0785b8bc46cae":null,"_oembed_55cf1c5142884afed312c2666bf27520":null,"_oembed_2292333bf03a956b4b61afafeff6bca0":null,"_oembed_82a986a6b900856fec23169de03a0038":null,"_oembed_4048ded025352b83569104210074165a":null,"_oembed_033b42b1af757abc39e4487233cee7f5":null,"_oembed_aec1d50f2b159366be8e37e94b201be1":null,"_oembed_0adc8480b2fcadf9a1733f572ce3d3f8":null,"_yoast_wpseo_title":null,"_yoast_wpseo_focuskw":null,"_yoast_wpseo_linkdex":null,"_yoast_wpseo_metadesc":null,"_yoast_wpseo_wordproof_timestamp":"","_tpl_archive_meta_key":null,"_form":null,"_mail":null,"_mail_2":null,"_messages":null,"_additional_settings":null,"_locale":null,"_wp_old_date":null,"_edit_last":"5","_wpb_vc_js_status":"false","_yoast_wpseo_estimated-reading-time-minutes":"5","_edit_lock":"1691168396:5","_yoast_wpseo_content_score":"60","yoast_head":"<!-- This site is optimized with the Yoast SEO plugin v24.3 - https:\/\/yoast.com\/wordpress\/plugins\/seo\/ -->\n<title>Les mat\u00e9riaux \u00e9cologiques en Ouest Bretagne : une solution pour pr\u00e9server l&#039;environnement et favoriser l&#039;\u00e9conomie locale - La Maison naturelle | Blog<\/title>\n<meta name=\"robots\" content=\"index, follow, max-snippet:-1, max-image-preview:large, max-video-preview:-1\" \/>\n<link rel=\"canonical\" href=\"https:\/\/www.la-maison-naturelle.com\/blog\/materiaux-ecologiques-ouest-bretagne\/\" \/>\n<meta property=\"og:locale\" content=\"fr_FR\" \/>\n<meta property=\"og:type\" content=\"article\" \/>\n<meta property=\"og:title\" content=\"Les mat\u00e9riaux \u00e9cologiques en Ouest Bretagne : une solution pour pr\u00e9server l&#039;environnement et favoriser l&#039;\u00e9conomie locale - La Maison naturelle | Blog\" \/>\n<meta property=\"og:url\" content=\"https:\/\/www.la-maison-naturelle.com\/blog\/materiaux-ecologiques-ouest-bretagne\/\" \/>\n<meta property=\"og:site_name\" content=\"La Maison naturelle | Blog\" \/>\n<meta property=\"article:published_time\" content=\"2014-05-24T10:51:16+00:00\" \/>\n<meta property=\"article:modified_time\" content=\"2023-08-04T17:01:54+00:00\" \/>\n<meta property=\"og:image\" content=\"https:\/\/www.la-maison-naturelle.com\/blog\/wp-content\/uploads\/2012\/05\/Dark-Green-and-Gray-Professional-and-Clean-E-Commerce-Email-Header-300x35.png\" \/>\n<meta name=\"author\" content=\"Thierry Lailavoix\" \/>\n<meta name=\"twitter:card\" content=\"summary_large_image\" \/>\n<meta name=\"twitter:label1\" content=\"\u00c9crit par\" \/>\n\t<meta name=\"twitter:data1\" content=\"Thierry Lailavoix\" \/>\n\t<meta name=\"twitter:label2\" content=\"Dur\u00e9e de lecture estim\u00e9e\" \/>\n\t<meta name=\"twitter:data2\" content=\"5 minutes\" \/>\n<script type=\"application\/ld+json\" class=\"yoast-schema-graph\">{\"@context\":\"https:\/\/schema.org\",\"@graph\":[{\"@type\":\"Article\",\"@id\":\"https:\/\/www.la-maison-naturelle.com\/blog\/materiaux-ecologiques-ouest-bretagne\/#article\",\"isPartOf\":{\"@id\":\"https:\/\/www.la-maison-naturelle.com\/blog\/materiaux-ecologiques-ouest-bretagne\/\"},\"author\":{\"name\":\"Thierry Lailavoix\",\"@id\":\"https:\/\/www.la-maison-naturelle.com\/blog\/#\/schema\/person\/17f32dccfc90d210e981fac7c831f73c\"},\"headline\":\"Les mat\u00e9riaux \u00e9cologiques en Ouest Bretagne : une solution pour pr\u00e9server l&rsquo;environnement et favoriser l&rsquo;\u00e9conomie locale\",\"datePublished\":\"2014-05-24T10:51:16+00:00\",\"dateModified\":\"2023-08-04T17:01:54+00:00\",\"mainEntityOfPage\":{\"@id\":\"https:\/\/www.la-maison-naturelle.com\/blog\/materiaux-ecologiques-ouest-bretagne\/\"},\"wordCount\":18,\"commentCount\":0,\"publisher\":{\"@id\":\"https:\/\/www.la-maison-naturelle.com\/blog\/#organization\"},\"image\":{\"@id\":\"https:\/\/www.la-maison-naturelle.com\/blog\/materiaux-ecologiques-ouest-bretagne\/#primaryimage\"},\"thumbnailUrl\":\"https:\/\/www.la-maison-naturelle.com\/blog\/wp-content\/uploads\/2012\/05\/Dark-Green-and-Gray-Professional-and-Clean-E-Commerce-Email-Header-300x35.png\",\"articleSection\":[\"Actualit\u00e9s produits\"],\"inLanguage\":\"fr-FR\",\"potentialAction\":[{\"@type\":\"CommentAction\",\"name\":\"Comment\",\"target\":[\"https:\/\/www.la-maison-naturelle.com\/blog\/materiaux-ecologiques-ouest-bretagne\/#respond\"]}]},{\"@type\":\"WebPage\",\"@id\":\"https:\/\/www.la-maison-naturelle.com\/blog\/materiaux-ecologiques-ouest-bretagne\/\",\"url\":\"https:\/\/www.la-maison-naturelle.com\/blog\/materiaux-ecologiques-ouest-bretagne\/\",\"name\":\"Les mat\u00e9riaux \u00e9cologiques en Ouest Bretagne : une solution pour pr\u00e9server l'environnement et favoriser l'\u00e9conomie locale - La Maison naturelle | Blog\",\"isPartOf\":{\"@id\":\"https:\/\/www.la-maison-naturelle.com\/blog\/#website\"},\"primaryImageOfPage\":{\"@id\":\"https:\/\/www.la-maison-naturelle.com\/blog\/materiaux-ecologiques-ouest-bretagne\/#primaryimage\"},\"image\":{\"@id\":\"https:\/\/www.la-maison-naturelle.com\/blog\/materiaux-ecologiques-ouest-bretagne\/#primaryimage\"},\"thumbnailUrl\":\"https:\/\/www.la-maison-naturelle.com\/blog\/wp-content\/uploads\/2012\/05\/Dark-Green-and-Gray-Professional-and-Clean-E-Commerce-Email-Header-300x35.png\",\"datePublished\":\"2014-05-24T10:51:16+00:00\",\"dateModified\":\"2023-08-04T17:01:54+00:00\",\"breadcrumb\":{\"@id\":\"https:\/\/www.la-maison-naturelle.com\/blog\/materiaux-ecologiques-ouest-bretagne\/#breadcrumb\"},\"inLanguage\":\"fr-FR\",\"potentialAction\":[{\"@type\":\"ReadAction\",\"target\":[\"https:\/\/www.la-maison-naturelle.com\/blog\/materiaux-ecologiques-ouest-bretagne\/\"]}]},{\"@type\":\"ImageObject\",\"inLanguage\":\"fr-FR\",\"@id\":\"https:\/\/www.la-maison-naturelle.com\/blog\/materiaux-ecologiques-ouest-bretagne\/#primaryimage\",\"url\":\"https:\/\/www.la-maison-naturelle.com\/blog\/wp-content\/uploads\/2012\/05\/Dark-Green-and-Gray-Professional-and-Clean-E-Commerce-Email-Header.png\",\"contentUrl\":\"https:\/\/www.la-maison-naturelle.com\/blog\/wp-content\/uploads\/2012\/05\/Dark-Green-and-Gray-Professional-and-Clean-E-Commerce-Email-Header.png\",\"width\":1578,\"height\":183},{\"@type\":\"BreadcrumbList\",\"@id\":\"https:\/\/www.la-maison-naturelle.com\/blog\/materiaux-ecologiques-ouest-bretagne\/#breadcrumb\",\"itemListElement\":[{\"@type\":\"ListItem\",\"position\":1,\"name\":\"Accueil\",\"item\":\"https:\/\/www.la-maison-naturelle.com\/blog\/\"},{\"@type\":\"ListItem\",\"position\":2,\"name\":\"Les mat\u00e9riaux \u00e9cologiques en Ouest Bretagne : une solution pour pr\u00e9server l&rsquo;environnement et favoriser l&rsquo;\u00e9conomie locale\"}]},{\"@type\":\"WebSite\",\"@id\":\"https:\/\/www.la-maison-naturelle.com\/blog\/#website\",\"url\":\"https:\/\/www.la-maison-naturelle.com\/blog\/\",\"name\":\"La Maison naturelle | Blog\",\"description\":\"Blog de la Maison naturelle\",\"publisher\":{\"@id\":\"https:\/\/www.la-maison-naturelle.com\/blog\/#organization\"},\"potentialAction\":[{\"@type\":\"SearchAction\",\"target\":{\"@type\":\"EntryPoint\",\"urlTemplate\":\"https:\/\/www.la-maison-naturelle.com\/blog\/?s={search_term_string}\"},\"query-input\":{\"@type\":\"PropertyValueSpecification\",\"valueRequired\":true,\"valueName\":\"search_term_string\"}}],\"inLanguage\":\"fr-FR\"},{\"@type\":\"Organization\",\"@id\":\"https:\/\/www.la-maison-naturelle.com\/blog\/#organization\",\"name\":\"La Maison naturelle | Blog\",\"url\":\"https:\/\/www.la-maison-naturelle.com\/blog\/\",\"logo\":{\"@type\":\"ImageObject\",\"inLanguage\":\"fr-FR\",\"@id\":\"https:\/\/www.la-maison-naturelle.com\/blog\/#\/schema\/logo\/image\/\",\"url\":\"https:\/\/www.la-maison-naturelle.com\/blog\/wp-content\/uploads\/2021\/07\/maison-naturelle-logo.svg\",\"contentUrl\":\"https:\/\/www.la-maison-naturelle.com\/blog\/wp-content\/uploads\/2021\/07\/maison-naturelle-logo.svg\",\"width\":156,\"height\":64,\"caption\":\"La Maison naturelle | Blog\"},\"image\":{\"@id\":\"https:\/\/www.la-maison-naturelle.com\/blog\/#\/schema\/logo\/image\/\"}},{\"@type\":\"Person\",\"@id\":\"https:\/\/www.la-maison-naturelle.com\/blog\/#\/schema\/person\/17f32dccfc90d210e981fac7c831f73c\",\"name\":\"Thierry Lailavoix\",\"image\":{\"@type\":\"ImageObject\",\"inLanguage\":\"fr-FR\",\"@id\":\"https:\/\/www.la-maison-naturelle.com\/blog\/#\/schema\/person\/image\/\",\"url\":\"https:\/\/secure.gravatar.com\/avatar\/13e5241036ff85f04898947108b791b16bbd9e4f629e40d355f8ec0a8e57a22c?s=96&d=mm&r=g\",\"contentUrl\":\"https:\/\/secure.gravatar.com\/avatar\/13e5241036ff85f04898947108b791b16bbd9e4f629e40d355f8ec0a8e57a22c?s=96&d=mm&r=g\",\"caption\":\"Thierry Lailavoix\"},\"sameAs\":[\"https:\/\/www.la-maison-naturelle.com\/\"],\"url\":\"https:\/\/www.la-maison-naturelle.com\/blog\/author\/thierry\/\"}]}<\/script>\n<!-- \/ Yoast SEO plugin. -->","yoast_head_json":{"title":"Les mat\u00e9riaux \u00e9cologiques en Ouest Bretagne : une solution pour pr\u00e9server l'environnement et favoriser l'\u00e9conomie locale - La Maison naturelle | Blog","robots":{"index":"index","follow":"follow","max-snippet":"max-snippet:-1","max-image-preview":"max-image-preview:large","max-video-preview":"max-video-preview:-1"},"canonical":"https:\/\/www.la-maison-naturelle.com\/blog\/materiaux-ecologiques-ouest-bretagne\/","og_locale":"fr_FR","og_type":"article","og_title":"Les mat\u00e9riaux \u00e9cologiques en Ouest Bretagne : une solution pour pr\u00e9server l'environnement et favoriser l'\u00e9conomie locale - La Maison naturelle | Blog","og_url":"https:\/\/www.la-maison-naturelle.com\/blog\/materiaux-ecologiques-ouest-bretagne\/","og_site_name":"La Maison naturelle | Blog","article_published_time":"2014-05-24T10:51:16+00:00","article_modified_time":"2023-08-04T17:01:54+00:00","og_image":[{"url":"https:\/\/www.la-maison-naturelle.com\/blog\/wp-content\/uploads\/2012\/05\/Dark-Green-and-Gray-Professional-and-Clean-E-Commerce-Email-Header-300x35.png","type":"","width":"","height":""}],"author":"Thierry Lailavoix","twitter_card":"summary_large_image","twitter_misc":{"\u00c9crit par":"Thierry Lailavoix","Dur\u00e9e de lecture estim\u00e9e":"5 minutes"},"schema":{"@context":"https:\/\/schema.org","@graph":[{"@type":"Article","@id":"https:\/\/www.la-maison-naturelle.com\/blog\/materiaux-ecologiques-ouest-bretagne\/#article","isPartOf":{"@id":"https:\/\/www.la-maison-naturelle.com\/blog\/materiaux-ecologiques-ouest-bretagne\/"},"author":{"name":"Thierry Lailavoix","@id":"https:\/\/www.la-maison-naturelle.com\/blog\/#\/schema\/person\/17f32dccfc90d210e981fac7c831f73c"},"headline":"Les mat\u00e9riaux \u00e9cologiques en Ouest Bretagne : une solution pour pr\u00e9server l&rsquo;environnement et favoriser l&rsquo;\u00e9conomie locale","datePublished":"2014-05-24T10:51:16+00:00","dateModified":"2023-08-04T17:01:54+00:00","mainEntityOfPage":{"@id":"https:\/\/www.la-maison-naturelle.com\/blog\/materiaux-ecologiques-ouest-bretagne\/"},"wordCount":18,"commentCount":0,"publisher":{"@id":"https:\/\/www.la-maison-naturelle.com\/blog\/#organization"},"image":{"@id":"https:\/\/www.la-maison-naturelle.com\/blog\/materiaux-ecologiques-ouest-bretagne\/#primaryimage"},"thumbnailUrl":"https:\/\/www.la-maison-naturelle.com\/blog\/wp-content\/uploads\/2012\/05\/Dark-Green-and-Gray-Professional-and-Clean-E-Commerce-Email-Header-300x35.png","articleSection":["Actualit\u00e9s produits"],"inLanguage":"fr-FR","potentialAction":[{"@type":"CommentAction","name":"Comment","target":["https:\/\/www.la-maison-naturelle.com\/blog\/materiaux-ecologiques-ouest-bretagne\/#respond"]}]},{"@type":"WebPage","@id":"https:\/\/www.la-maison-naturelle.com\/blog\/materiaux-ecologiques-ouest-bretagne\/","url":"https:\/\/www.la-maison-naturelle.com\/blog\/materiaux-ecologiques-ouest-bretagne\/","name":"Les mat\u00e9riaux \u00e9cologiques en Ouest Bretagne : une solution pour pr\u00e9server l'environnement et favoriser l'\u00e9conomie locale - La Maison naturelle | Blog","isPartOf":{"@id":"https:\/\/www.la-maison-naturelle.com\/blog\/#website"},"primaryImageOfPage":{"@id":"https:\/\/www.la-maison-naturelle.com\/blog\/materiaux-ecologiques-ouest-bretagne\/#primaryimage"},"image":{"@id":"https:\/\/www.la-maison-naturelle.com\/blog\/materiaux-ecologiques-ouest-bretagne\/#primaryimage"},"thumbnailUrl":"https:\/\/www.la-maison-naturelle.com\/blog\/wp-content\/uploads\/2012\/05\/Dark-Green-and-Gray-Professional-and-Clean-E-Commerce-Email-Header-300x35.png","datePublished":"2014-05-24T10:51:16+00:00","dateModified":"2023-08-04T17:01:54+00:00","breadcrumb":{"@id":"https:\/\/www.la-maison-naturelle.com\/blog\/materiaux-ecologiques-ouest-bretagne\/#breadcrumb"},"inLanguage":"fr-FR","potentialAction":[{"@type":"ReadAction","target":["https:\/\/www.la-maison-naturelle.com\/blog\/materiaux-ecologiques-ouest-bretagne\/"]}]},{"@type":"ImageObject","inLanguage":"fr-FR","@id":"https:\/\/www.la-maison-naturelle.com\/blog\/materiaux-ecologiques-ouest-bretagne\/#primaryimage","url":"https:\/\/www.la-maison-naturelle.com\/blog\/wp-content\/uploads\/2012\/05\/Dark-Green-and-Gray-Professional-and-Clean-E-Commerce-Email-Header.png","contentUrl":"https:\/\/www.la-maison-naturelle.com\/blog\/wp-content\/uploads\/2012\/05\/Dark-Green-and-Gray-Professional-and-Clean-E-Commerce-Email-Header.png","width":1578,"height":183},{"@type":"BreadcrumbList","@id":"https:\/\/www.la-maison-naturelle.com\/blog\/materiaux-ecologiques-ouest-bretagne\/#breadcrumb","itemListElement":[{"@type":"ListItem","position":1,"name":"Accueil","item":"https:\/\/www.la-maison-naturelle.com\/blog\/"},{"@type":"ListItem","position":2,"name":"Les mat\u00e9riaux \u00e9cologiques en Ouest Bretagne : une solution pour pr\u00e9server l&rsquo;environnement et favoriser l&rsquo;\u00e9conomie locale"}]},{"@type":"WebSite","@id":"https:\/\/www.la-maison-naturelle.com\/blog\/#website","url":"https:\/\/www.la-maison-naturelle.com\/blog\/","name":"La Maison naturelle | Blog","description":"Blog de la Maison naturelle","publisher":{"@id":"https:\/\/www.la-maison-naturelle.com\/blog\/#organization"},"potentialAction":[{"@type":"SearchAction","target":{"@type":"EntryPoint","urlTemplate":"https:\/\/www.la-maison-naturelle.com\/blog\/?s={search_term_string}"},"query-input":{"@type":"PropertyValueSpecification","valueRequired":true,"valueName":"search_term_string"}}],"inLanguage":"fr-FR"},{"@type":"Organization","@id":"https:\/\/www.la-maison-naturelle.com\/blog\/#organization","name":"La Maison naturelle | Blog","url":"https:\/\/www.la-maison-naturelle.com\/blog\/","logo":{"@type":"ImageObject","inLanguage":"fr-FR","@id":"https:\/\/www.la-maison-naturelle.com\/blog\/#\/schema\/logo\/image\/","url":"https:\/\/www.la-maison-naturelle.com\/blog\/wp-content\/uploads\/2021\/07\/maison-naturelle-logo.svg","contentUrl":"https:\/\/www.la-maison-naturelle.com\/blog\/wp-content\/uploads\/2021\/07\/maison-naturelle-logo.svg","width":156,"height":64,"caption":"La Maison naturelle | Blog"},"image":{"@id":"https:\/\/www.la-maison-naturelle.com\/blog\/#\/schema\/logo\/image\/"}},{"@type":"Person","@id":"https:\/\/www.la-maison-naturelle.com\/blog\/#\/schema\/person\/17f32dccfc90d210e981fac7c831f73c","name":"Thierry Lailavoix","image":{"@type":"ImageObject","inLanguage":"fr-FR","@id":"https:\/\/www.la-maison-naturelle.com\/blog\/#\/schema\/person\/image\/","url":"https:\/\/secure.gravatar.com\/avatar\/13e5241036ff85f04898947108b791b16bbd9e4f629e40d355f8ec0a8e57a22c?s=96&d=mm&r=g","contentUrl":"https:\/\/secure.gravatar.com\/avatar\/13e5241036ff85f04898947108b791b16bbd9e4f629e40d355f8ec0a8e57a22c?s=96&d=mm&r=g","caption":"Thierry Lailavoix"},"sameAs":["https:\/\/www.la-maison-naturelle.com\/"],"url":"https:\/\/www.la-maison-naturelle.com\/blog\/author\/thierry\/"}]}},"_links":{"self":[{"href":"https:\/\/www.la-maison-naturelle.com\/blog\/wp-json\/wp\/v2\/posts\/1984","targetHints":{"allow":["GET"]}}],"collection":[{"href":"https:\/\/www.la-maison-naturelle.com\/blog\/wp-json\/wp\/v2\/posts"}],"about":[{"href":"https:\/\/www.la-maison-naturelle.com\/blog\/wp-json\/wp\/v2\/types\/post"}],"author":[{"embeddable":true,"href":"https:\/\/www.la-maison-naturelle.com\/blog\/wp-json\/wp\/v2\/users\/6"}],"replies":[{"embeddable":true,"href":"https:\/\/www.la-maison-naturelle.com\/blog\/wp-json\/wp\/v2\/comments?post=1984"}],"version-history":[{"count":3,"href":"https:\/\/www.la-maison-naturelle.com\/blog\/wp-json\/wp\/v2\/posts\/1984\/revisions"}],"predecessor-version":[{"id":5770,"href":"https:\/\/www.la-maison-naturelle.com\/blog\/wp-json\/wp\/v2\/posts\/1984\/revisions\/5770"}],"wp:attachment":[{"href":"https:\/\/www.la-maison-naturelle.com\/blog\/wp-json\/wp\/v2\/media?parent=1984"}],"wp:term":[{"taxonomy":"category","embeddable":true,"href":"https:\/\/www.la-maison-naturelle.com\/blog\/wp-json\/wp\/v2\/categories?post=1984"},{"taxonomy":"post_tag","embeddable":true,"href":"https:\/\/www.la-maison-naturelle.com\/blog\/wp-json\/wp\/v2\/tags?post=1984"}],"curies":[{"name":"wp","href":"https:\/\/api.w.org\/{rel}","templated":true}]}}