{"id":1982,"date":"2014-05-24T12:50:26","date_gmt":"2014-05-24T10:50:26","guid":{"rendered":"https:\/\/www.la-maison-naturelle.com\/blog\/?p=1982"},"modified":"2023-08-03T22:16:34","modified_gmt":"2023-08-03T20:16:34","slug":"mie-les-bases-de-lisolation-thermique-par-lexterieur","status":"publish","type":"post","link":"https:\/\/www.la-maison-naturelle.com\/blog\/mie-les-bases-de-lisolation-thermique-par-lexterieur\/","title":{"rendered":"Les bases de l&rsquo;Isolation Thermique par l&rsquo;Ext\u00e9rieur"},"content":{"rendered":"<h2>Les murs isol\u00e9s par\u00a0 l&rsquo;ext\u00e9rieur<\/h2>\n<p>Qu&rsquo;il s&rsquo;agisse de utilisation de panneaux, de blocs d&rsquo;enduits, de murs en bardage ou de murs \u00e0 double paroi ma\u00e7onn\u00e9e, l&rsquo;isolation des murs par l&rsquo;ext\u00e9rieur (ITE) consiste dans tous les cas \u00e0 installer la couche isolante sur la face externe de la structure porteuse du mur. Cette technique d&rsquo;isolation est la plus r\u00e9pandue dans les pays d&rsquo;Europe du Nord, en construction neuve comme en r\u00e9habilitation des murs existants.<\/p>\n<h2>Tous les avantages de l&rsquo;isolation thermique par l&rsquo;ext\u00e9rieur.<\/h2>\n<h3>Les avantages de l&rsquo;isolation thermique par l&rsquo;ext\u00e9rieur en neuf et r\u00e9novation<\/h3>\n<p>La nouvelle implication des pouvoirs publics pour r\u00e9duire la consommation d&rsquo;\u00e9nergie\u00a0 des habitations fait la part belle \u00e0 l&rsquo;isolation par l&rsquo;ext\u00e9rieur et les avantages de I&rsquo;ITE sont nombreux, dans le neuf comme dans l&rsquo;ancien :<\/p>\n<ul>\n<li>B\u00e9n\u00e9fice de l&rsquo;inertie apport\u00e9e par la masse des murs pour le confort d&rsquo;\u00e9t\u00e9.<\/li>\n<\/ul>\n<ul>\n<li>Tr\u00e8s forte r\u00e9duction des ponts thermiques entre les murs, les dalles et les murs ext\u00e9rieurs et murs de refends.<\/li>\n<\/ul>\n<ul>\n<li>Risques de condensation en forte r\u00e9duction<\/li>\n<\/ul>\n<ul>\n<li>Le positionnement de cha\u00eenages adapt\u00e9s aux r\u00e8gles parasismiques dans le mur porteur interne est simplifi\u00e9 et ne cr\u00e9e pas de ponts thermiques<\/li>\n<\/ul>\n<h3>Les avantages sp\u00e9cifiques de l&rsquo;isolation thermique par l&rsquo;ext\u00e9rieur en\u00a0 r\u00e9novation<\/h3>\n<ul>\n<li>Pas de perte de surface int\u00e9rieure habitable<\/li>\n<\/ul>\n<ul>\n<li>Pas de modification de branchements des \u00e9quipements int\u00e9rieurs<\/li>\n<\/ul>\n<ul>\n<li>Pas de d\u00e9m\u00e9nagement des habitants ni de perturbation des espaces de vie.<\/li>\n<\/ul>\n<ul>\n<li>Une seule mise en chantier avec le ravalement de\u00a0 la fa\u00e7ade.<\/li>\n<\/ul>\n<h3>Les limites de\u00a0 l&rsquo;Isolation Thermique par l&rsquo;Ext\u00e9rieur<\/h3>\n<p>Tous les b\u00e2timents ne se pr\u00eatent pas forc\u00e9ment facilement \u00e0 une isolation par l&rsquo;ext\u00e9rieur pour des raisons esth\u00e9tiques (fa\u00e7ades de b\u00e2timents class\u00e9s), des raisons r\u00e8glementaires de copropri\u00e9t\u00e9 ou d&rsquo;urbanisme local et des raisons techniques dues les plus souvent aux d\u00e9bords de toits insuffisants.<\/p>\n<p>Que ce soit en neuf ou en r\u00e9habilitation, l&rsquo;isolation thermique par l&rsquo;ext\u00e9rieur est une intervention qui demande soins et comp\u00e9tences, particuli\u00e8rement pour la gestion des ponts thermiques et l&rsquo;\u00e9tanch\u00e9it\u00e9 \u00e0 l&rsquo;eau autour des baies, des bas et des hauts de murs.<\/p>\n<p>Il est donc conseill\u00e9 de faire appel \u00e0 des professionnels qualifi\u00e9s et de suivre scrupuleusement les documentations techniques.<\/p>\n","protected":false},"excerpt":{"rendered":"<p>Les murs isol\u00e9s par\u00a0 l&rsquo;ext\u00e9rieur Qu&rsquo;il s&rsquo;agisse de utilisation de panneaux, de blocs d&rsquo;enduits, de murs en bardage ou de murs \u00e0 double paroi ma\u00e7onn\u00e9e, l&rsquo;isolation des murs par l&rsquo;ext\u00e9rieur (ITE) consiste dans tous les cas \u00e0 installer la couche isolante sur la face externe de la structure porteuse du mur. Cette technique d&rsquo;isolation est [&hellip;]<\/p>\n","protected":false},"author":5,"featured_media":0,"comment_status":"open","ping_status":"open","sticky":false,"template":"","format":"standard","meta":{"footnotes":""},"categories":[6],"tags":[],"class_list":["post-1982","post","type-post","status-publish","format-standard","hentry","category-les-dossiers"],"_wp_attached_file":null,"_wp_attachment_metadata":null,"_wp_attachment_context":null,"_wp_attachment_image_alt":null,"_hf_settings":null,"hf_message_success":null,"hf_message_invalid_email":null,"hf_message_required_field_missing":null,"hf_message_error":null,"_menu_item_type":null,"_menu_item_menu_item_parent":null,"_menu_item_object_id":null,"_menu_item_object":null,"_menu_item_target":null,"_menu_item_classes":null,"_menu_item_xfn":null,"_menu_item_url":null,"_yoast_wpseo_primary_category":"6","_thumbnail_id":null,"_oembed_26d84b2c06432105b0a19987ae029a71":null,"_oembed_43e9e2dfde1b9b4ed91c9711026b7ef9":null,"_oembed_1fe1564764edbddc3b61e81acf52be88":null,"_oembed_df60f474cd845141e7ce6596d101e4a0":null,"_oembed_825e674795e2435c0bc66eb08e5d2c8b":null,"_oembed_time_825e674795e2435c0bc66eb08e5d2c8b":null,"_oembed_e917352ff4cc21ea91383201eeaa08cf":null,"_oembed_2363c16c972791c33e283320dc564fce":null,"_oembed_cc9ad5b5073a84776f6a62e33e6c7498":null,"_oembed_time_cc9ad5b5073a84776f6a62e33e6c7498":null,"_oembed_305147fcf4b856de518466e695c209cd":null,"_oembed_8517a877084ae01a5296813ee1d16a2b":null,"_oembed_2741f1556b243e68379198f98ba7f864":null,"_oembed_c3ffa24981451396c950ece2129da0f6":null,"_oembed_6f9091ebe2f3f5fcb5698ba6f4b41477":null,"_wp_old_slug":null,"_oembed_e4fb0f68ba12b85e9e231afe151ba12a":null,"_oembed_3c60e98bd703e617e67f5bbb3b97424d":null,"_oembed_bb060374498dcf40cb6068efe4be87e1":null,"_oembed_d0403e1e71c3a29020bd546b159480f1":null,"_oembed_b030ff17fbbbf8661c59c2ab8ff289eb":null,"_oembed_5cec699ba0631c6c0e4ba4f6af5f228e":null,"_oembed_b06a67f278b90cf4e8dd17cb12fe67b0":null,"_oembed_8e190e4fea2256f17420434651556236":null,"_oembed_b5ded119f1337916a0fc64d2ad85c95f":null,"_oembed_d9364a7a81be31c01415da2c50a48932":null,"_oembed_738cafa36d51a58e5ae3e458aa8f7584":null,"_oembed_ebcab5184b6b321b28efbcbec079859b":null,"_oembed_3dd9e35c2b7b268070e74da5b89cf937":null,"_oembed_e14b167b493e311a1c4e2aab38a463e8":null,"_oembed_dc8f7d108b38f3f0c2e0785b8bc46cae":null,"_oembed_55cf1c5142884afed312c2666bf27520":null,"_oembed_2292333bf03a956b4b61afafeff6bca0":null,"_oembed_82a986a6b900856fec23169de03a0038":null,"_oembed_4048ded025352b83569104210074165a":null,"_oembed_033b42b1af757abc39e4487233cee7f5":null,"_oembed_aec1d50f2b159366be8e37e94b201be1":null,"_oembed_0adc8480b2fcadf9a1733f572ce3d3f8":null,"_yoast_wpseo_title":null,"_yoast_wpseo_focuskw":null,"_yoast_wpseo_linkdex":null,"_yoast_wpseo_metadesc":null,"_yoast_wpseo_wordproof_timestamp":null,"_tpl_archive_meta_key":null,"_form":null,"_mail":null,"_mail_2":null,"_messages":null,"_additional_settings":null,"_locale":null,"_wp_old_date":null,"_edit_last":"5","_wpb_vc_js_status":"false","_yoast_wpseo_estimated-reading-time-minutes":"2","_edit_lock":"1691093795:5","_yoast_wpseo_content_score":"30","yoast_head":"<!-- This site is optimized with the Yoast SEO plugin v24.3 - https:\/\/yoast.com\/wordpress\/plugins\/seo\/ -->\n<title>Les bases de l&#039;Isolation Thermique par l&#039;Ext\u00e9rieur - La Maison naturelle | Blog<\/title>\n<meta name=\"robots\" content=\"index, follow, max-snippet:-1, max-image-preview:large, max-video-preview:-1\" \/>\n<link rel=\"canonical\" href=\"https:\/\/www.la-maison-naturelle.com\/blog\/mie-les-bases-de-lisolation-thermique-par-lexterieur\/\" \/>\n<meta property=\"og:locale\" content=\"fr_FR\" \/>\n<meta property=\"og:type\" content=\"article\" \/>\n<meta property=\"og:title\" content=\"Les bases de l&#039;Isolation Thermique par l&#039;Ext\u00e9rieur - La Maison naturelle | Blog\" \/>\n<meta property=\"og:description\" content=\"Les murs isol\u00e9s par\u00a0 l&rsquo;ext\u00e9rieur Qu&rsquo;il s&rsquo;agisse de utilisation de panneaux, de blocs d&rsquo;enduits, de murs en bardage ou de murs \u00e0 double paroi ma\u00e7onn\u00e9e, l&rsquo;isolation des murs par l&rsquo;ext\u00e9rieur (ITE) consiste dans tous les cas \u00e0 installer la couche isolante sur la face externe de la structure porteuse du mur. Cette technique d&rsquo;isolation est [&hellip;]\" \/>\n<meta property=\"og:url\" content=\"https:\/\/www.la-maison-naturelle.com\/blog\/mie-les-bases-de-lisolation-thermique-par-lexterieur\/\" \/>\n<meta property=\"og:site_name\" content=\"La Maison naturelle | Blog\" \/>\n<meta property=\"article:published_time\" content=\"2014-05-24T10:50:26+00:00\" \/>\n<meta property=\"article:modified_time\" content=\"2023-08-03T20:16:34+00:00\" \/>\n<meta name=\"author\" content=\"Eloise\" \/>\n<meta name=\"twitter:card\" content=\"summary_large_image\" \/>\n<meta name=\"twitter:label1\" content=\"\u00c9crit par\" \/>\n\t<meta name=\"twitter:data1\" content=\"Eloise\" \/>\n\t<meta name=\"twitter:label2\" content=\"Dur\u00e9e de lecture estim\u00e9e\" \/>\n\t<meta name=\"twitter:data2\" content=\"2 minutes\" \/>\n<script type=\"application\/ld+json\" class=\"yoast-schema-graph\">{\"@context\":\"https:\/\/schema.org\",\"@graph\":[{\"@type\":\"Article\",\"@id\":\"https:\/\/www.la-maison-naturelle.com\/blog\/mie-les-bases-de-lisolation-thermique-par-lexterieur\/#article\",\"isPartOf\":{\"@id\":\"https:\/\/www.la-maison-naturelle.com\/blog\/mie-les-bases-de-lisolation-thermique-par-lexterieur\/\"},\"author\":{\"name\":\"Eloise\",\"@id\":\"https:\/\/www.la-maison-naturelle.com\/blog\/#\/schema\/person\/cad2a9ed80410189f0688441d546d43f\"},\"headline\":\"Les bases de l&rsquo;Isolation Thermique par l&rsquo;Ext\u00e9rieur\",\"datePublished\":\"2014-05-24T10:50:26+00:00\",\"dateModified\":\"2023-08-03T20:16:34+00:00\",\"mainEntityOfPage\":{\"@id\":\"https:\/\/www.la-maison-naturelle.com\/blog\/mie-les-bases-de-lisolation-thermique-par-lexterieur\/\"},\"wordCount\":397,\"commentCount\":0,\"publisher\":{\"@id\":\"https:\/\/www.la-maison-naturelle.com\/blog\/#organization\"},\"articleSection\":[\"Les dossiers\"],\"inLanguage\":\"fr-FR\",\"potentialAction\":[{\"@type\":\"CommentAction\",\"name\":\"Comment\",\"target\":[\"https:\/\/www.la-maison-naturelle.com\/blog\/mie-les-bases-de-lisolation-thermique-par-lexterieur\/#respond\"]}]},{\"@type\":\"WebPage\",\"@id\":\"https:\/\/www.la-maison-naturelle.com\/blog\/mie-les-bases-de-lisolation-thermique-par-lexterieur\/\",\"url\":\"https:\/\/www.la-maison-naturelle.com\/blog\/mie-les-bases-de-lisolation-thermique-par-lexterieur\/\",\"name\":\"Les bases de l'Isolation Thermique par l'Ext\u00e9rieur - La Maison naturelle | Blog\",\"isPartOf\":{\"@id\":\"https:\/\/www.la-maison-naturelle.com\/blog\/#website\"},\"datePublished\":\"2014-05-24T10:50:26+00:00\",\"dateModified\":\"2023-08-03T20:16:34+00:00\",\"breadcrumb\":{\"@id\":\"https:\/\/www.la-maison-naturelle.com\/blog\/mie-les-bases-de-lisolation-thermique-par-lexterieur\/#breadcrumb\"},\"inLanguage\":\"fr-FR\",\"potentialAction\":[{\"@type\":\"ReadAction\",\"target\":[\"https:\/\/www.la-maison-naturelle.com\/blog\/mie-les-bases-de-lisolation-thermique-par-lexterieur\/\"]}]},{\"@type\":\"BreadcrumbList\",\"@id\":\"https:\/\/www.la-maison-naturelle.com\/blog\/mie-les-bases-de-lisolation-thermique-par-lexterieur\/#breadcrumb\",\"itemListElement\":[{\"@type\":\"ListItem\",\"position\":1,\"name\":\"Accueil\",\"item\":\"https:\/\/www.la-maison-naturelle.com\/blog\/\"},{\"@type\":\"ListItem\",\"position\":2,\"name\":\"Les bases de l&rsquo;Isolation Thermique par l&rsquo;Ext\u00e9rieur\"}]},{\"@type\":\"WebSite\",\"@id\":\"https:\/\/www.la-maison-naturelle.com\/blog\/#website\",\"url\":\"https:\/\/www.la-maison-naturelle.com\/blog\/\",\"name\":\"La Maison naturelle | Blog\",\"description\":\"Blog de la Maison naturelle\",\"publisher\":{\"@id\":\"https:\/\/www.la-maison-naturelle.com\/blog\/#organization\"},\"potentialAction\":[{\"@type\":\"SearchAction\",\"target\":{\"@type\":\"EntryPoint\",\"urlTemplate\":\"https:\/\/www.la-maison-naturelle.com\/blog\/?s={search_term_string}\"},\"query-input\":{\"@type\":\"PropertyValueSpecification\",\"valueRequired\":true,\"valueName\":\"search_term_string\"}}],\"inLanguage\":\"fr-FR\"},{\"@type\":\"Organization\",\"@id\":\"https:\/\/www.la-maison-naturelle.com\/blog\/#organization\",\"name\":\"La Maison naturelle | Blog\",\"url\":\"https:\/\/www.la-maison-naturelle.com\/blog\/\",\"logo\":{\"@type\":\"ImageObject\",\"inLanguage\":\"fr-FR\",\"@id\":\"https:\/\/www.la-maison-naturelle.com\/blog\/#\/schema\/logo\/image\/\",\"url\":\"https:\/\/www.la-maison-naturelle.com\/blog\/wp-content\/uploads\/2021\/07\/maison-naturelle-logo.svg\",\"contentUrl\":\"https:\/\/www.la-maison-naturelle.com\/blog\/wp-content\/uploads\/2021\/07\/maison-naturelle-logo.svg\",\"width\":156,\"height\":64,\"caption\":\"La Maison naturelle | Blog\"},\"image\":{\"@id\":\"https:\/\/www.la-maison-naturelle.com\/blog\/#\/schema\/logo\/image\/\"}},{\"@type\":\"Person\",\"@id\":\"https:\/\/www.la-maison-naturelle.com\/blog\/#\/schema\/person\/cad2a9ed80410189f0688441d546d43f\",\"name\":\"Eloise\",\"image\":{\"@type\":\"ImageObject\",\"inLanguage\":\"fr-FR\",\"@id\":\"https:\/\/www.la-maison-naturelle.com\/blog\/#\/schema\/person\/image\/\",\"url\":\"https:\/\/secure.gravatar.com\/avatar\/344186806f5e8613d4a2109f3b0228a847a7c0858a8023778c44bdcfc1111df9?s=96&d=mm&r=g\",\"contentUrl\":\"https:\/\/secure.gravatar.com\/avatar\/344186806f5e8613d4a2109f3b0228a847a7c0858a8023778c44bdcfc1111df9?s=96&d=mm&r=g\",\"caption\":\"Eloise\"},\"sameAs\":[\"https:\/\/www.la-maison-naturelle.com\/\"],\"url\":\"https:\/\/www.la-maison-naturelle.com\/blog\/author\/idries\/\"}]}<\/script>\n<!-- \/ Yoast SEO plugin. -->","yoast_head_json":{"title":"Les bases de l'Isolation Thermique par l'Ext\u00e9rieur - La Maison naturelle | Blog","robots":{"index":"index","follow":"follow","max-snippet":"max-snippet:-1","max-image-preview":"max-image-preview:large","max-video-preview":"max-video-preview:-1"},"canonical":"https:\/\/www.la-maison-naturelle.com\/blog\/mie-les-bases-de-lisolation-thermique-par-lexterieur\/","og_locale":"fr_FR","og_type":"article","og_title":"Les bases de l'Isolation Thermique par l'Ext\u00e9rieur - La Maison naturelle | Blog","og_description":"Les murs isol\u00e9s par\u00a0 l&rsquo;ext\u00e9rieur Qu&rsquo;il s&rsquo;agisse de utilisation de panneaux, de blocs d&rsquo;enduits, de murs en bardage ou de murs \u00e0 double paroi ma\u00e7onn\u00e9e, l&rsquo;isolation des murs par l&rsquo;ext\u00e9rieur (ITE) consiste dans tous les cas \u00e0 installer la couche isolante sur la face externe de la structure porteuse du mur. Cette technique d&rsquo;isolation est [&hellip;]","og_url":"https:\/\/www.la-maison-naturelle.com\/blog\/mie-les-bases-de-lisolation-thermique-par-lexterieur\/","og_site_name":"La Maison naturelle | Blog","article_published_time":"2014-05-24T10:50:26+00:00","article_modified_time":"2023-08-03T20:16:34+00:00","author":"Eloise","twitter_card":"summary_large_image","twitter_misc":{"\u00c9crit par":"Eloise","Dur\u00e9e de lecture estim\u00e9e":"2 minutes"},"schema":{"@context":"https:\/\/schema.org","@graph":[{"@type":"Article","@id":"https:\/\/www.la-maison-naturelle.com\/blog\/mie-les-bases-de-lisolation-thermique-par-lexterieur\/#article","isPartOf":{"@id":"https:\/\/www.la-maison-naturelle.com\/blog\/mie-les-bases-de-lisolation-thermique-par-lexterieur\/"},"author":{"name":"Eloise","@id":"https:\/\/www.la-maison-naturelle.com\/blog\/#\/schema\/person\/cad2a9ed80410189f0688441d546d43f"},"headline":"Les bases de l&rsquo;Isolation Thermique par l&rsquo;Ext\u00e9rieur","datePublished":"2014-05-24T10:50:26+00:00","dateModified":"2023-08-03T20:16:34+00:00","mainEntityOfPage":{"@id":"https:\/\/www.la-maison-naturelle.com\/blog\/mie-les-bases-de-lisolation-thermique-par-lexterieur\/"},"wordCount":397,"commentCount":0,"publisher":{"@id":"https:\/\/www.la-maison-naturelle.com\/blog\/#organization"},"articleSection":["Les dossiers"],"inLanguage":"fr-FR","potentialAction":[{"@type":"CommentAction","name":"Comment","target":["https:\/\/www.la-maison-naturelle.com\/blog\/mie-les-bases-de-lisolation-thermique-par-lexterieur\/#respond"]}]},{"@type":"WebPage","@id":"https:\/\/www.la-maison-naturelle.com\/blog\/mie-les-bases-de-lisolation-thermique-par-lexterieur\/","url":"https:\/\/www.la-maison-naturelle.com\/blog\/mie-les-bases-de-lisolation-thermique-par-lexterieur\/","name":"Les bases de l'Isolation Thermique par l'Ext\u00e9rieur - La Maison naturelle | Blog","isPartOf":{"@id":"https:\/\/www.la-maison-naturelle.com\/blog\/#website"},"datePublished":"2014-05-24T10:50:26+00:00","dateModified":"2023-08-03T20:16:34+00:00","breadcrumb":{"@id":"https:\/\/www.la-maison-naturelle.com\/blog\/mie-les-bases-de-lisolation-thermique-par-lexterieur\/#breadcrumb"},"inLanguage":"fr-FR","potentialAction":[{"@type":"ReadAction","target":["https:\/\/www.la-maison-naturelle.com\/blog\/mie-les-bases-de-lisolation-thermique-par-lexterieur\/"]}]},{"@type":"BreadcrumbList","@id":"https:\/\/www.la-maison-naturelle.com\/blog\/mie-les-bases-de-lisolation-thermique-par-lexterieur\/#breadcrumb","itemListElement":[{"@type":"ListItem","position":1,"name":"Accueil","item":"https:\/\/www.la-maison-naturelle.com\/blog\/"},{"@type":"ListItem","position":2,"name":"Les bases de l&rsquo;Isolation Thermique par l&rsquo;Ext\u00e9rieur"}]},{"@type":"WebSite","@id":"https:\/\/www.la-maison-naturelle.com\/blog\/#website","url":"https:\/\/www.la-maison-naturelle.com\/blog\/","name":"La Maison naturelle | Blog","description":"Blog de la Maison naturelle","publisher":{"@id":"https:\/\/www.la-maison-naturelle.com\/blog\/#organization"},"potentialAction":[{"@type":"SearchAction","target":{"@type":"EntryPoint","urlTemplate":"https:\/\/www.la-maison-naturelle.com\/blog\/?s={search_term_string}"},"query-input":{"@type":"PropertyValueSpecification","valueRequired":true,"valueName":"search_term_string"}}],"inLanguage":"fr-FR"},{"@type":"Organization","@id":"https:\/\/www.la-maison-naturelle.com\/blog\/#organization","name":"La Maison naturelle | Blog","url":"https:\/\/www.la-maison-naturelle.com\/blog\/","logo":{"@type":"ImageObject","inLanguage":"fr-FR","@id":"https:\/\/www.la-maison-naturelle.com\/blog\/#\/schema\/logo\/image\/","url":"https:\/\/www.la-maison-naturelle.com\/blog\/wp-content\/uploads\/2021\/07\/maison-naturelle-logo.svg","contentUrl":"https:\/\/www.la-maison-naturelle.com\/blog\/wp-content\/uploads\/2021\/07\/maison-naturelle-logo.svg","width":156,"height":64,"caption":"La Maison naturelle | Blog"},"image":{"@id":"https:\/\/www.la-maison-naturelle.com\/blog\/#\/schema\/logo\/image\/"}},{"@type":"Person","@id":"https:\/\/www.la-maison-naturelle.com\/blog\/#\/schema\/person\/cad2a9ed80410189f0688441d546d43f","name":"Eloise","image":{"@type":"ImageObject","inLanguage":"fr-FR","@id":"https:\/\/www.la-maison-naturelle.com\/blog\/#\/schema\/person\/image\/","url":"https:\/\/secure.gravatar.com\/avatar\/344186806f5e8613d4a2109f3b0228a847a7c0858a8023778c44bdcfc1111df9?s=96&d=mm&r=g","contentUrl":"https:\/\/secure.gravatar.com\/avatar\/344186806f5e8613d4a2109f3b0228a847a7c0858a8023778c44bdcfc1111df9?s=96&d=mm&r=g","caption":"Eloise"},"sameAs":["https:\/\/www.la-maison-naturelle.com\/"],"url":"https:\/\/www.la-maison-naturelle.com\/blog\/author\/idries\/"}]}},"_links":{"self":[{"href":"https:\/\/www.la-maison-naturelle.com\/blog\/wp-json\/wp\/v2\/posts\/1982","targetHints":{"allow":["GET"]}}],"collection":[{"href":"https:\/\/www.la-maison-naturelle.com\/blog\/wp-json\/wp\/v2\/posts"}],"about":[{"href":"https:\/\/www.la-maison-naturelle.com\/blog\/wp-json\/wp\/v2\/types\/post"}],"author":[{"embeddable":true,"href":"https:\/\/www.la-maison-naturelle.com\/blog\/wp-json\/wp\/v2\/users\/5"}],"replies":[{"embeddable":true,"href":"https:\/\/www.la-maison-naturelle.com\/blog\/wp-json\/wp\/v2\/comments?post=1982"}],"version-history":[{"count":2,"href":"https:\/\/www.la-maison-naturelle.com\/blog\/wp-json\/wp\/v2\/posts\/1982\/revisions"}],"predecessor-version":[{"id":5330,"href":"https:\/\/www.la-maison-naturelle.com\/blog\/wp-json\/wp\/v2\/posts\/1982\/revisions\/5330"}],"wp:attachment":[{"href":"https:\/\/www.la-maison-naturelle.com\/blog\/wp-json\/wp\/v2\/media?parent=1982"}],"wp:term":[{"taxonomy":"category","embeddable":true,"href":"https:\/\/www.la-maison-naturelle.com\/blog\/wp-json\/wp\/v2\/categories?post=1982"},{"taxonomy":"post_tag","embeddable":true,"href":"https:\/\/www.la-maison-naturelle.com\/blog\/wp-json\/wp\/v2\/tags?post=1982"}],"curies":[{"name":"wp","href":"https:\/\/api.w.org\/{rel}","templated":true}]}}