{"id":1929,"date":"2014-05-24T12:35:58","date_gmt":"2014-05-24T10:35:58","guid":{"rendered":"https:\/\/www.la-maison-naturelle.com\/blog\/?p=1929"},"modified":"2023-08-03T22:15:48","modified_gmt":"2023-08-03T20:15:48","slug":"mie-materiaux-ecologiques-et-sante-des-habitants","status":"publish","type":"post","link":"https:\/\/www.la-maison-naturelle.com\/blog\/mie-materiaux-ecologiques-et-sante-des-habitants\/","title":{"rendered":"Mat\u00e9riaux \u00e9cologiques et sant\u00e9 des habitants"},"content":{"rendered":"<h2>Les pr\u00e9occupations pour la sant\u00e9<\/h2>\n<p>Les mat\u00e9riaux influent sur la sant\u00e9 de l\u2019\u00eatre humain \u00e0 travers la pollution physico-chimique ou bact\u00e9riologique de l\u2019air et les odeurs, le renouvellement de l\u2019air, la r\u00e9gulation de l\u2019humidit\u00e9 ambiante, le maintien d\u2019une temp\u00e9rature adapt\u00e9e, l\u2019ionisation de l\u2019air et l\u2019\u00e9lectrostatisme, la cr\u00e9ation de champs \u00e9lectromagn\u00e9tiques, la modification du cosmotellurisme du lieu, la pollution physico-chimique de l\u2019eau, la pollution radioactive de l\u2019air ou de l\u2019eau, l\u2019amortissement des bruits int\u00e9rieurs ou ext\u00e9rieurs et l\u2019am\u00e9lioration de l\u2019acoustique, la r\u00e9gulation de la lumi\u00e8re et les apports de couleurs.<\/p>\n<h2>1) Les polluants int\u00e9rieurs<\/h2>\n<p>Les risques lies aux polluants dans l\u2019air \u00e0 l\u2019int\u00e9rieur des locaux sont mal connus alors que la population y s\u00e9journe 80 \u00e0 90 % de son temps. Le confinement important de l\u2019int\u00e9rieur par des parois herm\u00e9tiques et une mauvaise ventilation a augment\u00e9 l\u2019accumulation de produits polluants dans les locaux.<\/p>\n<p>M\u00eame en zone montagneuse, l\u2019int\u00e9rieur peut \u00eatre tr\u00e8s pollu\u00e9 malgr\u00e9 la puret\u00e9 de l\u2019air ext\u00e9rieur. L\u2019utilisation croissante de certains mat\u00e9riaux modernes a augment\u00e9 la pollution venant de l\u2019ext\u00e9rieur ou des activit\u00e9s des habitants. De plus, l\u2019ensoleillement, la temp\u00e9rature, l\u2019humidit\u00e9, les courants d\u2019air, le chauffage \u00e0 convection (brassage de l\u2019air), la ventilation, la climatisation jouent un grand r\u00f4le dans l\u2019\u00e9mission des polluants (principalement les COVs). Quand on sait que nous passons 80 \u00e0 90 % de notre temps \u00e0 l\u2019int\u00e9rieur et que nous inhalons quotidiennement 12000 litres d\u2019air repr\u00e9sentant 15kg, on mesure l\u2019importance de savoir analyser, r\u00e9soudre ou \u00e9viter cette pollution qui attaque bien s\u00fbr notre syst\u00e8me pulmonaire, notre syst\u00e8me olfactif mais aussi l\u2019ensemble du fonctionnement du corps humain.<\/p>\n<p>L\u2019O.M.S. a organis\u00e9 le premier symposium sur le \u00ab climat int\u00e9rieur \u00bb et a d\u00e9fini le \u00ab Sick Building Syndrome \u00bb (syndrome des b\u00e2timents malades) comme un syndrome de troubles divers concernant des sensations non sp\u00e9cifiques associ\u00e9es \u00e0 l\u2019occupation de certains b\u00e2timents modernes. Depuis, les organismes officiels prennent ce probl\u00e8me de plus en plus au s\u00e9rieux. En France, le CSTB a cr\u00e9\u00e9 un laboratoire d\u2019analyse pour tester la pollution int\u00e9rieure due aux mat\u00e9riaux.<\/p>\n<h2>2) L&rsquo;humidit\u00e9 ambiante<\/h2>\n<p>L\u2019\u00eatre humain souffre du manque ou de l\u2019exc\u00e8s d\u2019humidit\u00e9 dans l\u2019air. L\u2019humidit\u00e9 ambiante relative doit \u00eatre comprise entre 40 et 60 %. L\u2019humidit\u00e9 ambiante trop basse est principalement due au chauffage. L\u2019humidit\u00e9 ambiante trop importante est due \u00e0 la cuisine, \u00e0 la salle de bains, \u00e0 la machine \u00e0 laver, aux plantes, aux habitants, \u00e0 l\u2019humidit\u00e9 des murs. L\u2019isolation herm\u00e9tique des maisons modernes a consid\u00e9rablement diminu\u00e9 (par 10) la vitesse de renouvellement de l\u2019air int\u00e9rieur.<\/p>\n","protected":false},"excerpt":{"rendered":"<p>Les pr\u00e9occupations pour la sant\u00e9 Les mat\u00e9riaux influent sur la sant\u00e9 de l\u2019\u00eatre humain \u00e0 travers la pollution physico-chimique ou bact\u00e9riologique de l\u2019air et les odeurs, le renouvellement de l\u2019air, la r\u00e9gulation de l\u2019humidit\u00e9 ambiante, le maintien d\u2019une temp\u00e9rature adapt\u00e9e, l\u2019ionisation de l\u2019air et l\u2019\u00e9lectrostatisme, la cr\u00e9ation de champs \u00e9lectromagn\u00e9tiques, la modification du cosmotellurisme du [&hellip;]<\/p>\n","protected":false},"author":5,"featured_media":0,"comment_status":"open","ping_status":"open","sticky":false,"template":"","format":"standard","meta":{"footnotes":""},"categories":[6],"tags":[],"class_list":["post-1929","post","type-post","status-publish","format-standard","hentry","category-les-dossiers"],"_wp_attached_file":null,"_wp_attachment_metadata":null,"_wp_attachment_context":null,"_wp_attachment_image_alt":null,"_hf_settings":null,"hf_message_success":null,"hf_message_invalid_email":null,"hf_message_required_field_missing":null,"hf_message_error":null,"_menu_item_type":null,"_menu_item_menu_item_parent":null,"_menu_item_object_id":null,"_menu_item_object":null,"_menu_item_target":null,"_menu_item_classes":null,"_menu_item_xfn":null,"_menu_item_url":null,"_yoast_wpseo_primary_category":"6","_thumbnail_id":null,"_oembed_26d84b2c06432105b0a19987ae029a71":null,"_oembed_43e9e2dfde1b9b4ed91c9711026b7ef9":null,"_oembed_1fe1564764edbddc3b61e81acf52be88":null,"_oembed_df60f474cd845141e7ce6596d101e4a0":null,"_oembed_825e674795e2435c0bc66eb08e5d2c8b":null,"_oembed_time_825e674795e2435c0bc66eb08e5d2c8b":null,"_oembed_e917352ff4cc21ea91383201eeaa08cf":null,"_oembed_2363c16c972791c33e283320dc564fce":null,"_oembed_cc9ad5b5073a84776f6a62e33e6c7498":null,"_oembed_time_cc9ad5b5073a84776f6a62e33e6c7498":null,"_oembed_305147fcf4b856de518466e695c209cd":null,"_oembed_8517a877084ae01a5296813ee1d16a2b":null,"_oembed_2741f1556b243e68379198f98ba7f864":null,"_oembed_c3ffa24981451396c950ece2129da0f6":null,"_oembed_6f9091ebe2f3f5fcb5698ba6f4b41477":null,"_wp_old_slug":null,"_oembed_e4fb0f68ba12b85e9e231afe151ba12a":null,"_oembed_3c60e98bd703e617e67f5bbb3b97424d":null,"_oembed_bb060374498dcf40cb6068efe4be87e1":null,"_oembed_d0403e1e71c3a29020bd546b159480f1":null,"_oembed_b030ff17fbbbf8661c59c2ab8ff289eb":null,"_oembed_5cec699ba0631c6c0e4ba4f6af5f228e":null,"_oembed_b06a67f278b90cf4e8dd17cb12fe67b0":null,"_oembed_8e190e4fea2256f17420434651556236":null,"_oembed_b5ded119f1337916a0fc64d2ad85c95f":null,"_oembed_d9364a7a81be31c01415da2c50a48932":null,"_oembed_738cafa36d51a58e5ae3e458aa8f7584":null,"_oembed_ebcab5184b6b321b28efbcbec079859b":null,"_oembed_3dd9e35c2b7b268070e74da5b89cf937":null,"_oembed_e14b167b493e311a1c4e2aab38a463e8":null,"_oembed_dc8f7d108b38f3f0c2e0785b8bc46cae":null,"_oembed_55cf1c5142884afed312c2666bf27520":null,"_oembed_2292333bf03a956b4b61afafeff6bca0":null,"_oembed_82a986a6b900856fec23169de03a0038":null,"_oembed_4048ded025352b83569104210074165a":null,"_oembed_033b42b1af757abc39e4487233cee7f5":null,"_oembed_aec1d50f2b159366be8e37e94b201be1":null,"_oembed_0adc8480b2fcadf9a1733f572ce3d3f8":null,"_yoast_wpseo_title":null,"_yoast_wpseo_focuskw":null,"_yoast_wpseo_linkdex":null,"_yoast_wpseo_metadesc":null,"_yoast_wpseo_wordproof_timestamp":null,"_tpl_archive_meta_key":null,"_form":null,"_mail":null,"_mail_2":null,"_messages":null,"_additional_settings":null,"_locale":null,"_wp_old_date":null,"_edit_last":"5","_wpb_vc_js_status":"false","_yoast_wpseo_estimated-reading-time-minutes":"2","_edit_lock":"1691093749:5","_yoast_wpseo_content_score":"30","yoast_head":"<!-- This site is optimized with the Yoast SEO plugin v24.3 - https:\/\/yoast.com\/wordpress\/plugins\/seo\/ -->\n<title>Mat\u00e9riaux \u00e9cologiques et sant\u00e9 des habitants - La Maison naturelle | Blog<\/title>\n<meta name=\"robots\" content=\"index, follow, max-snippet:-1, max-image-preview:large, max-video-preview:-1\" \/>\n<link rel=\"canonical\" href=\"https:\/\/www.la-maison-naturelle.com\/blog\/mie-materiaux-ecologiques-et-sante-des-habitants\/\" \/>\n<meta property=\"og:locale\" content=\"fr_FR\" \/>\n<meta property=\"og:type\" content=\"article\" \/>\n<meta property=\"og:title\" content=\"Mat\u00e9riaux \u00e9cologiques et sant\u00e9 des habitants - La Maison naturelle | Blog\" \/>\n<meta property=\"og:description\" content=\"Les pr\u00e9occupations pour la sant\u00e9 Les mat\u00e9riaux influent sur la sant\u00e9 de l\u2019\u00eatre humain \u00e0 travers la pollution physico-chimique ou bact\u00e9riologique de l\u2019air et les odeurs, le renouvellement de l\u2019air, la r\u00e9gulation de l\u2019humidit\u00e9 ambiante, le maintien d\u2019une temp\u00e9rature adapt\u00e9e, l\u2019ionisation de l\u2019air et l\u2019\u00e9lectrostatisme, la cr\u00e9ation de champs \u00e9lectromagn\u00e9tiques, la modification du cosmotellurisme du [&hellip;]\" \/>\n<meta property=\"og:url\" content=\"https:\/\/www.la-maison-naturelle.com\/blog\/mie-materiaux-ecologiques-et-sante-des-habitants\/\" \/>\n<meta property=\"og:site_name\" content=\"La Maison naturelle | Blog\" \/>\n<meta property=\"article:published_time\" content=\"2014-05-24T10:35:58+00:00\" \/>\n<meta property=\"article:modified_time\" content=\"2023-08-03T20:15:48+00:00\" \/>\n<meta name=\"author\" content=\"Eloise\" \/>\n<meta name=\"twitter:card\" content=\"summary_large_image\" \/>\n<meta name=\"twitter:label1\" content=\"\u00c9crit par\" \/>\n\t<meta name=\"twitter:data1\" content=\"Eloise\" \/>\n\t<meta name=\"twitter:label2\" content=\"Dur\u00e9e de lecture estim\u00e9e\" \/>\n\t<meta name=\"twitter:data2\" content=\"2 minutes\" \/>\n<script type=\"application\/ld+json\" class=\"yoast-schema-graph\">{\"@context\":\"https:\/\/schema.org\",\"@graph\":[{\"@type\":\"Article\",\"@id\":\"https:\/\/www.la-maison-naturelle.com\/blog\/mie-materiaux-ecologiques-et-sante-des-habitants\/#article\",\"isPartOf\":{\"@id\":\"https:\/\/www.la-maison-naturelle.com\/blog\/mie-materiaux-ecologiques-et-sante-des-habitants\/\"},\"author\":{\"name\":\"Eloise\",\"@id\":\"https:\/\/www.la-maison-naturelle.com\/blog\/#\/schema\/person\/cad2a9ed80410189f0688441d546d43f\"},\"headline\":\"Mat\u00e9riaux \u00e9cologiques et sant\u00e9 des habitants\",\"datePublished\":\"2014-05-24T10:35:58+00:00\",\"dateModified\":\"2023-08-03T20:15:48+00:00\",\"mainEntityOfPage\":{\"@id\":\"https:\/\/www.la-maison-naturelle.com\/blog\/mie-materiaux-ecologiques-et-sante-des-habitants\/\"},\"wordCount\":482,\"commentCount\":0,\"publisher\":{\"@id\":\"https:\/\/www.la-maison-naturelle.com\/blog\/#organization\"},\"articleSection\":[\"Les dossiers\"],\"inLanguage\":\"fr-FR\",\"potentialAction\":[{\"@type\":\"CommentAction\",\"name\":\"Comment\",\"target\":[\"https:\/\/www.la-maison-naturelle.com\/blog\/mie-materiaux-ecologiques-et-sante-des-habitants\/#respond\"]}]},{\"@type\":\"WebPage\",\"@id\":\"https:\/\/www.la-maison-naturelle.com\/blog\/mie-materiaux-ecologiques-et-sante-des-habitants\/\",\"url\":\"https:\/\/www.la-maison-naturelle.com\/blog\/mie-materiaux-ecologiques-et-sante-des-habitants\/\",\"name\":\"Mat\u00e9riaux \u00e9cologiques et sant\u00e9 des habitants - La Maison naturelle | Blog\",\"isPartOf\":{\"@id\":\"https:\/\/www.la-maison-naturelle.com\/blog\/#website\"},\"datePublished\":\"2014-05-24T10:35:58+00:00\",\"dateModified\":\"2023-08-03T20:15:48+00:00\",\"breadcrumb\":{\"@id\":\"https:\/\/www.la-maison-naturelle.com\/blog\/mie-materiaux-ecologiques-et-sante-des-habitants\/#breadcrumb\"},\"inLanguage\":\"fr-FR\",\"potentialAction\":[{\"@type\":\"ReadAction\",\"target\":[\"https:\/\/www.la-maison-naturelle.com\/blog\/mie-materiaux-ecologiques-et-sante-des-habitants\/\"]}]},{\"@type\":\"BreadcrumbList\",\"@id\":\"https:\/\/www.la-maison-naturelle.com\/blog\/mie-materiaux-ecologiques-et-sante-des-habitants\/#breadcrumb\",\"itemListElement\":[{\"@type\":\"ListItem\",\"position\":1,\"name\":\"Accueil\",\"item\":\"https:\/\/www.la-maison-naturelle.com\/blog\/\"},{\"@type\":\"ListItem\",\"position\":2,\"name\":\"Mat\u00e9riaux \u00e9cologiques et sant\u00e9 des habitants\"}]},{\"@type\":\"WebSite\",\"@id\":\"https:\/\/www.la-maison-naturelle.com\/blog\/#website\",\"url\":\"https:\/\/www.la-maison-naturelle.com\/blog\/\",\"name\":\"La Maison naturelle | Blog\",\"description\":\"Blog de la Maison naturelle\",\"publisher\":{\"@id\":\"https:\/\/www.la-maison-naturelle.com\/blog\/#organization\"},\"potentialAction\":[{\"@type\":\"SearchAction\",\"target\":{\"@type\":\"EntryPoint\",\"urlTemplate\":\"https:\/\/www.la-maison-naturelle.com\/blog\/?s={search_term_string}\"},\"query-input\":{\"@type\":\"PropertyValueSpecification\",\"valueRequired\":true,\"valueName\":\"search_term_string\"}}],\"inLanguage\":\"fr-FR\"},{\"@type\":\"Organization\",\"@id\":\"https:\/\/www.la-maison-naturelle.com\/blog\/#organization\",\"name\":\"La Maison naturelle | Blog\",\"url\":\"https:\/\/www.la-maison-naturelle.com\/blog\/\",\"logo\":{\"@type\":\"ImageObject\",\"inLanguage\":\"fr-FR\",\"@id\":\"https:\/\/www.la-maison-naturelle.com\/blog\/#\/schema\/logo\/image\/\",\"url\":\"https:\/\/www.la-maison-naturelle.com\/blog\/wp-content\/uploads\/2021\/07\/maison-naturelle-logo.svg\",\"contentUrl\":\"https:\/\/www.la-maison-naturelle.com\/blog\/wp-content\/uploads\/2021\/07\/maison-naturelle-logo.svg\",\"width\":156,\"height\":64,\"caption\":\"La Maison naturelle | Blog\"},\"image\":{\"@id\":\"https:\/\/www.la-maison-naturelle.com\/blog\/#\/schema\/logo\/image\/\"}},{\"@type\":\"Person\",\"@id\":\"https:\/\/www.la-maison-naturelle.com\/blog\/#\/schema\/person\/cad2a9ed80410189f0688441d546d43f\",\"name\":\"Eloise\",\"image\":{\"@type\":\"ImageObject\",\"inLanguage\":\"fr-FR\",\"@id\":\"https:\/\/www.la-maison-naturelle.com\/blog\/#\/schema\/person\/image\/\",\"url\":\"https:\/\/secure.gravatar.com\/avatar\/344186806f5e8613d4a2109f3b0228a847a7c0858a8023778c44bdcfc1111df9?s=96&d=mm&r=g\",\"contentUrl\":\"https:\/\/secure.gravatar.com\/avatar\/344186806f5e8613d4a2109f3b0228a847a7c0858a8023778c44bdcfc1111df9?s=96&d=mm&r=g\",\"caption\":\"Eloise\"},\"sameAs\":[\"https:\/\/www.la-maison-naturelle.com\/\"],\"url\":\"https:\/\/www.la-maison-naturelle.com\/blog\/author\/idries\/\"}]}<\/script>\n<!-- \/ Yoast SEO plugin. -->","yoast_head_json":{"title":"Mat\u00e9riaux \u00e9cologiques et sant\u00e9 des habitants - La Maison naturelle | Blog","robots":{"index":"index","follow":"follow","max-snippet":"max-snippet:-1","max-image-preview":"max-image-preview:large","max-video-preview":"max-video-preview:-1"},"canonical":"https:\/\/www.la-maison-naturelle.com\/blog\/mie-materiaux-ecologiques-et-sante-des-habitants\/","og_locale":"fr_FR","og_type":"article","og_title":"Mat\u00e9riaux \u00e9cologiques et sant\u00e9 des habitants - La Maison naturelle | Blog","og_description":"Les pr\u00e9occupations pour la sant\u00e9 Les mat\u00e9riaux influent sur la sant\u00e9 de l\u2019\u00eatre humain \u00e0 travers la pollution physico-chimique ou bact\u00e9riologique de l\u2019air et les odeurs, le renouvellement de l\u2019air, la r\u00e9gulation de l\u2019humidit\u00e9 ambiante, le maintien d\u2019une temp\u00e9rature adapt\u00e9e, l\u2019ionisation de l\u2019air et l\u2019\u00e9lectrostatisme, la cr\u00e9ation de champs \u00e9lectromagn\u00e9tiques, la modification du cosmotellurisme du [&hellip;]","og_url":"https:\/\/www.la-maison-naturelle.com\/blog\/mie-materiaux-ecologiques-et-sante-des-habitants\/","og_site_name":"La Maison naturelle | Blog","article_published_time":"2014-05-24T10:35:58+00:00","article_modified_time":"2023-08-03T20:15:48+00:00","author":"Eloise","twitter_card":"summary_large_image","twitter_misc":{"\u00c9crit par":"Eloise","Dur\u00e9e de lecture estim\u00e9e":"2 minutes"},"schema":{"@context":"https:\/\/schema.org","@graph":[{"@type":"Article","@id":"https:\/\/www.la-maison-naturelle.com\/blog\/mie-materiaux-ecologiques-et-sante-des-habitants\/#article","isPartOf":{"@id":"https:\/\/www.la-maison-naturelle.com\/blog\/mie-materiaux-ecologiques-et-sante-des-habitants\/"},"author":{"name":"Eloise","@id":"https:\/\/www.la-maison-naturelle.com\/blog\/#\/schema\/person\/cad2a9ed80410189f0688441d546d43f"},"headline":"Mat\u00e9riaux \u00e9cologiques et sant\u00e9 des habitants","datePublished":"2014-05-24T10:35:58+00:00","dateModified":"2023-08-03T20:15:48+00:00","mainEntityOfPage":{"@id":"https:\/\/www.la-maison-naturelle.com\/blog\/mie-materiaux-ecologiques-et-sante-des-habitants\/"},"wordCount":482,"commentCount":0,"publisher":{"@id":"https:\/\/www.la-maison-naturelle.com\/blog\/#organization"},"articleSection":["Les dossiers"],"inLanguage":"fr-FR","potentialAction":[{"@type":"CommentAction","name":"Comment","target":["https:\/\/www.la-maison-naturelle.com\/blog\/mie-materiaux-ecologiques-et-sante-des-habitants\/#respond"]}]},{"@type":"WebPage","@id":"https:\/\/www.la-maison-naturelle.com\/blog\/mie-materiaux-ecologiques-et-sante-des-habitants\/","url":"https:\/\/www.la-maison-naturelle.com\/blog\/mie-materiaux-ecologiques-et-sante-des-habitants\/","name":"Mat\u00e9riaux \u00e9cologiques et sant\u00e9 des habitants - La Maison naturelle | Blog","isPartOf":{"@id":"https:\/\/www.la-maison-naturelle.com\/blog\/#website"},"datePublished":"2014-05-24T10:35:58+00:00","dateModified":"2023-08-03T20:15:48+00:00","breadcrumb":{"@id":"https:\/\/www.la-maison-naturelle.com\/blog\/mie-materiaux-ecologiques-et-sante-des-habitants\/#breadcrumb"},"inLanguage":"fr-FR","potentialAction":[{"@type":"ReadAction","target":["https:\/\/www.la-maison-naturelle.com\/blog\/mie-materiaux-ecologiques-et-sante-des-habitants\/"]}]},{"@type":"BreadcrumbList","@id":"https:\/\/www.la-maison-naturelle.com\/blog\/mie-materiaux-ecologiques-et-sante-des-habitants\/#breadcrumb","itemListElement":[{"@type":"ListItem","position":1,"name":"Accueil","item":"https:\/\/www.la-maison-naturelle.com\/blog\/"},{"@type":"ListItem","position":2,"name":"Mat\u00e9riaux \u00e9cologiques et sant\u00e9 des habitants"}]},{"@type":"WebSite","@id":"https:\/\/www.la-maison-naturelle.com\/blog\/#website","url":"https:\/\/www.la-maison-naturelle.com\/blog\/","name":"La Maison naturelle | Blog","description":"Blog de la Maison naturelle","publisher":{"@id":"https:\/\/www.la-maison-naturelle.com\/blog\/#organization"},"potentialAction":[{"@type":"SearchAction","target":{"@type":"EntryPoint","urlTemplate":"https:\/\/www.la-maison-naturelle.com\/blog\/?s={search_term_string}"},"query-input":{"@type":"PropertyValueSpecification","valueRequired":true,"valueName":"search_term_string"}}],"inLanguage":"fr-FR"},{"@type":"Organization","@id":"https:\/\/www.la-maison-naturelle.com\/blog\/#organization","name":"La Maison naturelle | Blog","url":"https:\/\/www.la-maison-naturelle.com\/blog\/","logo":{"@type":"ImageObject","inLanguage":"fr-FR","@id":"https:\/\/www.la-maison-naturelle.com\/blog\/#\/schema\/logo\/image\/","url":"https:\/\/www.la-maison-naturelle.com\/blog\/wp-content\/uploads\/2021\/07\/maison-naturelle-logo.svg","contentUrl":"https:\/\/www.la-maison-naturelle.com\/blog\/wp-content\/uploads\/2021\/07\/maison-naturelle-logo.svg","width":156,"height":64,"caption":"La Maison naturelle | Blog"},"image":{"@id":"https:\/\/www.la-maison-naturelle.com\/blog\/#\/schema\/logo\/image\/"}},{"@type":"Person","@id":"https:\/\/www.la-maison-naturelle.com\/blog\/#\/schema\/person\/cad2a9ed80410189f0688441d546d43f","name":"Eloise","image":{"@type":"ImageObject","inLanguage":"fr-FR","@id":"https:\/\/www.la-maison-naturelle.com\/blog\/#\/schema\/person\/image\/","url":"https:\/\/secure.gravatar.com\/avatar\/344186806f5e8613d4a2109f3b0228a847a7c0858a8023778c44bdcfc1111df9?s=96&d=mm&r=g","contentUrl":"https:\/\/secure.gravatar.com\/avatar\/344186806f5e8613d4a2109f3b0228a847a7c0858a8023778c44bdcfc1111df9?s=96&d=mm&r=g","caption":"Eloise"},"sameAs":["https:\/\/www.la-maison-naturelle.com\/"],"url":"https:\/\/www.la-maison-naturelle.com\/blog\/author\/idries\/"}]}},"_links":{"self":[{"href":"https:\/\/www.la-maison-naturelle.com\/blog\/wp-json\/wp\/v2\/posts\/1929","targetHints":{"allow":["GET"]}}],"collection":[{"href":"https:\/\/www.la-maison-naturelle.com\/blog\/wp-json\/wp\/v2\/posts"}],"about":[{"href":"https:\/\/www.la-maison-naturelle.com\/blog\/wp-json\/wp\/v2\/types\/post"}],"author":[{"embeddable":true,"href":"https:\/\/www.la-maison-naturelle.com\/blog\/wp-json\/wp\/v2\/users\/5"}],"replies":[{"embeddable":true,"href":"https:\/\/www.la-maison-naturelle.com\/blog\/wp-json\/wp\/v2\/comments?post=1929"}],"version-history":[{"count":2,"href":"https:\/\/www.la-maison-naturelle.com\/blog\/wp-json\/wp\/v2\/posts\/1929\/revisions"}],"predecessor-version":[{"id":5328,"href":"https:\/\/www.la-maison-naturelle.com\/blog\/wp-json\/wp\/v2\/posts\/1929\/revisions\/5328"}],"wp:attachment":[{"href":"https:\/\/www.la-maison-naturelle.com\/blog\/wp-json\/wp\/v2\/media?parent=1929"}],"wp:term":[{"taxonomy":"category","embeddable":true,"href":"https:\/\/www.la-maison-naturelle.com\/blog\/wp-json\/wp\/v2\/categories?post=1929"},{"taxonomy":"post_tag","embeddable":true,"href":"https:\/\/www.la-maison-naturelle.com\/blog\/wp-json\/wp\/v2\/tags?post=1929"}],"curies":[{"name":"wp","href":"https:\/\/api.w.org\/{rel}","templated":true}]}}