{"id":1885,"date":"2015-05-24T12:21:23","date_gmt":"2015-05-24T10:21:23","guid":{"rendered":"https:\/\/www.la-maison-naturelle.com\/blog\/?p=1885"},"modified":"2023-07-29T09:45:30","modified_gmt":"2023-07-29T07:45:30","slug":"le-liege-expanse-provient-du-chene-liege-matiere-premiere-naturelle-et-renouvelable","status":"publish","type":"post","link":"https:\/\/www.la-maison-naturelle.com\/blog\/le-liege-expanse-provient-du-chene-liege-matiere-premiere-naturelle-et-renouvelable\/","title":{"rendered":"Le li\u00e8ge expans\u00e9 noir provient du ch\u00eane li\u00e8ge mati\u00e8re premi\u00e8re naturelle et renouvelable"},"content":{"rendered":"<h2>Le li\u00e8ge comme mati\u00e8re premi\u00e8re, avant de devenir un isolant naturel, bio-sourc\u00e9.<\/h2>\n<p>Le <a href=\"https:\/\/www.la-maison-naturelle.com\/4365-liege-expanse-en-panneau\" data-internallinksmanager029f6b8e52c=\"3\" title=\"plaque de li\u00e8ge\">li\u00e8ge expans\u00e9<\/a> agglom\u00e9r\u00e9 provient du ch\u00eane li\u00e8ge mati\u00e8re premi\u00e8re naturelle et renouvelable<\/p>\n<h3>Le processus d&rsquo;extraction du li\u00e8ge<\/h3>\n<p>Le processus d&rsquo;extraction de l&rsquo;\u00e9corce du li\u00e8ge est appel\u00e9 d\u00e9capage et est effectu\u00e9e pendant la p\u00e9riode de plus forte croissance du ch\u00eane-li\u00e8ge: de la mi-mai jusqu&rsquo;\u00e0 la fin Ao\u00fbt.\u00a0Le premier d\u00e9capage n&rsquo;a lieu qu&rsquo;apr\u00e8s 25 ans, lorsque le tronc de l&rsquo;arbre a une circonf\u00e9rence de 70 cm.\u00a0Apr\u00e8s cette extraction, le d\u00e9capage est effectu\u00e9 tous les neuf ans.<\/p>\n<p>Le ch\u00eane-li\u00e8ge est un arbre \u00e0 croissance lente qui peut vivre 200 ans, ce qui lui permet, en moyenne, \u00e0 d\u00e9caper 16 fois au cours de sa vie.<\/p>\n<h3>Le li\u00e8ge, produit naturel fournisseur de services environnementaux<\/h3>\n<p>Le li\u00e8ge est donc un produit naturel, l&rsquo;extraction du li\u00e8ge contribue \u00e0 la fourniture de services environnementaux essentiels et au maintien d&rsquo;un nombre important d&#8217;emplois dans des r\u00e9gions particuli\u00e8rement appauvris.<\/p>\n<p>Selon un rapport publi\u00e9 en 2006 par le WWF, plus de 100 000 personnes dans les sept pays producteurs de li\u00e8ge d\u00e9pendent directement ou indirectement \u00e0 la production de li\u00e8ge dans le \u00ab\u00a0montado\u00a0\u00bb.\u00a0Comme on le sait, les ph\u00e9nom\u00e8nes de la d\u00e9sertification et l&rsquo;exode physique de l&rsquo;homme sont \u00e9troitement li\u00e9s.<\/p>\n<h3>L&rsquo;avenir de la production du li\u00e8ge<\/h3>\n<p>Le Portugal veille corps et \u00e2mes sur ses for\u00eats de li\u00e8ge, \u00e0 l&rsquo;inverse de nombreux pays du bassin m\u00e9dit\u00e9ran\u00e9en qui voient leur production fondre comme neige au soleil sous la forte pression sp\u00e9culative immobili\u00e8re, Alg\u00e9rie en t\u00eate. L&rsquo;Espagne, avec des plantations trop serr\u00e9s, \u00e0 vu une bonne part de ses for\u00eats partir en fum\u00e9e. Pour les d\u00e9cideurs Portugais, l&rsquo;industrie du Li\u00e8ge est consid\u00e9r\u00e9e comme un vecteur important d&rsquo;innovation dans la construction, le bouchon, mais pas seulement gr\u00e2ce \u00e0 de gros moyens mis \u00e0 disposition des services de R&amp;D.<\/p>\n<p>C&rsquo;est aussi un secteur important pour la micro-\u00e9conomie locale, autour des usines et des for\u00eats, avec des circuits courts de collectes pour les productions familliales environnantes, aussi commune dans certaines r\u00e9gions que les pommes chez nous, en Normandie.<\/p>\n<p>Ces combinaisons de production et de transformation locales \u00e9vitent des taux plus \u00e9lev\u00e9s de migration des populations rurales vers les villes. Les Ch\u00eanes-li\u00e8ges et l&rsquo;extraction du li\u00e8ge sont donc d&rsquo;une importance fondamentale dans la lutte contre le d\u00e9peuplement des zones rurales ainsi que pour le maintien d&rsquo;une diversit\u00e9 de la flore et la faune dans des espaces sensibles \u00e0 la d\u00e9sertification. Peu sensible \u00e0 la pr\u00e9dation, le Ch\u00eane-li\u00e8ge entretenu manuellement par des \u00e9quipes sensibles \u00e0 l&rsquo;enjeu et comp\u00e9tentes dans le geste ne n\u00e9cessite aucun traitement chimique pr\u00e9servant ainsi de nombreux espaces salubres pour les populations animales sauvages les plus sensibles.<\/p>\n<p>Autres articles concernant le li\u00e8ge :<\/p>\n<p>La durabilit\u00e9 du li\u00e8ge<\/p>\n<p>L&rsquo;exploitation du li\u00e8ge<\/p>\n<p>Commander en ligne des panneaux de li\u00e8ge expans\u00e9<\/p>\n","protected":false},"excerpt":{"rendered":"<p>Le li\u00e8ge comme mati\u00e8re premi\u00e8re, avant de devenir un isolant naturel, bio-sourc\u00e9. Le li\u00e8ge expans\u00e9 agglom\u00e9r\u00e9 provient du ch\u00eane li\u00e8ge mati\u00e8re premi\u00e8re naturelle et renouvelable Le processus d&rsquo;extraction du li\u00e8ge Le processus d&rsquo;extraction de l&rsquo;\u00e9corce du li\u00e8ge est appel\u00e9 d\u00e9capage et est effectu\u00e9e pendant la p\u00e9riode de plus forte croissance du ch\u00eane-li\u00e8ge: de la mi-mai [&hellip;]<\/p>\n","protected":false},"author":5,"featured_media":0,"comment_status":"open","ping_status":"open","sticky":false,"template":"","format":"standard","meta":{"footnotes":""},"categories":[6],"tags":[],"class_list":["post-1885","post","type-post","status-publish","format-standard","hentry","category-les-dossiers"],"_wp_attached_file":null,"_wp_attachment_metadata":null,"_wp_attachment_context":null,"_wp_attachment_image_alt":null,"_hf_settings":null,"hf_message_success":null,"hf_message_invalid_email":null,"hf_message_required_field_missing":null,"hf_message_error":null,"_menu_item_type":null,"_menu_item_menu_item_parent":null,"_menu_item_object_id":null,"_menu_item_object":null,"_menu_item_target":null,"_menu_item_classes":null,"_menu_item_xfn":null,"_menu_item_url":null,"_yoast_wpseo_primary_category":"6","_thumbnail_id":null,"_oembed_26d84b2c06432105b0a19987ae029a71":null,"_oembed_43e9e2dfde1b9b4ed91c9711026b7ef9":null,"_oembed_1fe1564764edbddc3b61e81acf52be88":null,"_oembed_df60f474cd845141e7ce6596d101e4a0":null,"_oembed_825e674795e2435c0bc66eb08e5d2c8b":null,"_oembed_time_825e674795e2435c0bc66eb08e5d2c8b":null,"_oembed_e917352ff4cc21ea91383201eeaa08cf":null,"_oembed_2363c16c972791c33e283320dc564fce":null,"_oembed_cc9ad5b5073a84776f6a62e33e6c7498":null,"_oembed_time_cc9ad5b5073a84776f6a62e33e6c7498":null,"_oembed_305147fcf4b856de518466e695c209cd":null,"_oembed_8517a877084ae01a5296813ee1d16a2b":null,"_oembed_2741f1556b243e68379198f98ba7f864":null,"_oembed_c3ffa24981451396c950ece2129da0f6":null,"_oembed_6f9091ebe2f3f5fcb5698ba6f4b41477":null,"_wp_old_slug":null,"_oembed_e4fb0f68ba12b85e9e231afe151ba12a":null,"_oembed_3c60e98bd703e617e67f5bbb3b97424d":null,"_oembed_bb060374498dcf40cb6068efe4be87e1":null,"_oembed_d0403e1e71c3a29020bd546b159480f1":null,"_oembed_b030ff17fbbbf8661c59c2ab8ff289eb":null,"_oembed_5cec699ba0631c6c0e4ba4f6af5f228e":null,"_oembed_b06a67f278b90cf4e8dd17cb12fe67b0":null,"_oembed_8e190e4fea2256f17420434651556236":null,"_oembed_b5ded119f1337916a0fc64d2ad85c95f":null,"_oembed_d9364a7a81be31c01415da2c50a48932":null,"_oembed_738cafa36d51a58e5ae3e458aa8f7584":null,"_oembed_ebcab5184b6b321b28efbcbec079859b":null,"_oembed_3dd9e35c2b7b268070e74da5b89cf937":null,"_oembed_e14b167b493e311a1c4e2aab38a463e8":null,"_oembed_dc8f7d108b38f3f0c2e0785b8bc46cae":null,"_oembed_55cf1c5142884afed312c2666bf27520":null,"_oembed_2292333bf03a956b4b61afafeff6bca0":null,"_oembed_82a986a6b900856fec23169de03a0038":null,"_oembed_4048ded025352b83569104210074165a":null,"_oembed_033b42b1af757abc39e4487233cee7f5":null,"_oembed_aec1d50f2b159366be8e37e94b201be1":null,"_oembed_0adc8480b2fcadf9a1733f572ce3d3f8":null,"_yoast_wpseo_title":null,"_yoast_wpseo_focuskw":null,"_yoast_wpseo_linkdex":null,"_yoast_wpseo_metadesc":null,"_yoast_wpseo_wordproof_timestamp":"","_tpl_archive_meta_key":null,"_form":null,"_mail":null,"_mail_2":null,"_messages":null,"_additional_settings":null,"_locale":null,"_wp_old_date":null,"_edit_last":"5","_wpb_vc_js_status":"false","_yoast_wpseo_estimated-reading-time-minutes":"3","_edit_lock":"1690616587:5","_yoast_wpseo_content_score":"60","yoast_head":"<!-- This site is optimized with the Yoast SEO plugin v24.3 - https:\/\/yoast.com\/wordpress\/plugins\/seo\/ -->\n<title>Le li\u00e8ge expans\u00e9 noir provient du ch\u00eane li\u00e8ge mati\u00e8re premi\u00e8re naturelle et renouvelable - La Maison naturelle | Blog<\/title>\n<meta name=\"robots\" content=\"index, follow, max-snippet:-1, max-image-preview:large, max-video-preview:-1\" \/>\n<link rel=\"canonical\" href=\"https:\/\/www.la-maison-naturelle.com\/blog\/le-liege-expanse-provient-du-chene-liege-matiere-premiere-naturelle-et-renouvelable\/\" \/>\n<meta property=\"og:locale\" content=\"fr_FR\" \/>\n<meta property=\"og:type\" content=\"article\" \/>\n<meta property=\"og:title\" content=\"Le li\u00e8ge expans\u00e9 noir provient du ch\u00eane li\u00e8ge mati\u00e8re premi\u00e8re naturelle et renouvelable - La Maison naturelle | Blog\" \/>\n<meta property=\"og:description\" content=\"Le li\u00e8ge comme mati\u00e8re premi\u00e8re, avant de devenir un isolant naturel, bio-sourc\u00e9. Le li\u00e8ge expans\u00e9 agglom\u00e9r\u00e9 provient du ch\u00eane li\u00e8ge mati\u00e8re premi\u00e8re naturelle et renouvelable Le processus d&rsquo;extraction du li\u00e8ge Le processus d&rsquo;extraction de l&rsquo;\u00e9corce du li\u00e8ge est appel\u00e9 d\u00e9capage et est effectu\u00e9e pendant la p\u00e9riode de plus forte croissance du ch\u00eane-li\u00e8ge: de la mi-mai [&hellip;]\" \/>\n<meta property=\"og:url\" content=\"https:\/\/www.la-maison-naturelle.com\/blog\/le-liege-expanse-provient-du-chene-liege-matiere-premiere-naturelle-et-renouvelable\/\" \/>\n<meta property=\"og:site_name\" content=\"La Maison naturelle | Blog\" \/>\n<meta property=\"article:published_time\" content=\"2015-05-24T10:21:23+00:00\" \/>\n<meta property=\"article:modified_time\" content=\"2023-07-29T07:45:30+00:00\" \/>\n<meta name=\"author\" content=\"Eloise\" \/>\n<meta name=\"twitter:card\" content=\"summary_large_image\" \/>\n<meta name=\"twitter:label1\" content=\"\u00c9crit par\" \/>\n\t<meta name=\"twitter:data1\" content=\"Eloise\" \/>\n\t<meta name=\"twitter:label2\" content=\"Dur\u00e9e de lecture estim\u00e9e\" \/>\n\t<meta name=\"twitter:data2\" content=\"3 minutes\" \/>\n<script type=\"application\/ld+json\" class=\"yoast-schema-graph\">{\"@context\":\"https:\/\/schema.org\",\"@graph\":[{\"@type\":\"Article\",\"@id\":\"https:\/\/www.la-maison-naturelle.com\/blog\/le-liege-expanse-provient-du-chene-liege-matiere-premiere-naturelle-et-renouvelable\/#article\",\"isPartOf\":{\"@id\":\"https:\/\/www.la-maison-naturelle.com\/blog\/le-liege-expanse-provient-du-chene-liege-matiere-premiere-naturelle-et-renouvelable\/\"},\"author\":{\"name\":\"Eloise\",\"@id\":\"https:\/\/www.la-maison-naturelle.com\/blog\/#\/schema\/person\/cad2a9ed80410189f0688441d546d43f\"},\"headline\":\"Le li\u00e8ge expans\u00e9 noir provient du ch\u00eane li\u00e8ge mati\u00e8re premi\u00e8re naturelle et renouvelable\",\"datePublished\":\"2015-05-24T10:21:23+00:00\",\"dateModified\":\"2023-07-29T07:45:30+00:00\",\"mainEntityOfPage\":{\"@id\":\"https:\/\/www.la-maison-naturelle.com\/blog\/le-liege-expanse-provient-du-chene-liege-matiere-premiere-naturelle-et-renouvelable\/\"},\"wordCount\":534,\"commentCount\":0,\"publisher\":{\"@id\":\"https:\/\/www.la-maison-naturelle.com\/blog\/#organization\"},\"articleSection\":[\"Les dossiers\"],\"inLanguage\":\"fr-FR\",\"potentialAction\":[{\"@type\":\"CommentAction\",\"name\":\"Comment\",\"target\":[\"https:\/\/www.la-maison-naturelle.com\/blog\/le-liege-expanse-provient-du-chene-liege-matiere-premiere-naturelle-et-renouvelable\/#respond\"]}]},{\"@type\":\"WebPage\",\"@id\":\"https:\/\/www.la-maison-naturelle.com\/blog\/le-liege-expanse-provient-du-chene-liege-matiere-premiere-naturelle-et-renouvelable\/\",\"url\":\"https:\/\/www.la-maison-naturelle.com\/blog\/le-liege-expanse-provient-du-chene-liege-matiere-premiere-naturelle-et-renouvelable\/\",\"name\":\"Le li\u00e8ge expans\u00e9 noir provient du ch\u00eane li\u00e8ge mati\u00e8re premi\u00e8re naturelle et renouvelable - La Maison naturelle | Blog\",\"isPartOf\":{\"@id\":\"https:\/\/www.la-maison-naturelle.com\/blog\/#website\"},\"datePublished\":\"2015-05-24T10:21:23+00:00\",\"dateModified\":\"2023-07-29T07:45:30+00:00\",\"breadcrumb\":{\"@id\":\"https:\/\/www.la-maison-naturelle.com\/blog\/le-liege-expanse-provient-du-chene-liege-matiere-premiere-naturelle-et-renouvelable\/#breadcrumb\"},\"inLanguage\":\"fr-FR\",\"potentialAction\":[{\"@type\":\"ReadAction\",\"target\":[\"https:\/\/www.la-maison-naturelle.com\/blog\/le-liege-expanse-provient-du-chene-liege-matiere-premiere-naturelle-et-renouvelable\/\"]}]},{\"@type\":\"BreadcrumbList\",\"@id\":\"https:\/\/www.la-maison-naturelle.com\/blog\/le-liege-expanse-provient-du-chene-liege-matiere-premiere-naturelle-et-renouvelable\/#breadcrumb\",\"itemListElement\":[{\"@type\":\"ListItem\",\"position\":1,\"name\":\"Accueil\",\"item\":\"https:\/\/www.la-maison-naturelle.com\/blog\/\"},{\"@type\":\"ListItem\",\"position\":2,\"name\":\"Le li\u00e8ge expans\u00e9 noir provient du ch\u00eane li\u00e8ge mati\u00e8re premi\u00e8re naturelle et renouvelable\"}]},{\"@type\":\"WebSite\",\"@id\":\"https:\/\/www.la-maison-naturelle.com\/blog\/#website\",\"url\":\"https:\/\/www.la-maison-naturelle.com\/blog\/\",\"name\":\"La Maison naturelle | Blog\",\"description\":\"Blog de la Maison naturelle\",\"publisher\":{\"@id\":\"https:\/\/www.la-maison-naturelle.com\/blog\/#organization\"},\"potentialAction\":[{\"@type\":\"SearchAction\",\"target\":{\"@type\":\"EntryPoint\",\"urlTemplate\":\"https:\/\/www.la-maison-naturelle.com\/blog\/?s={search_term_string}\"},\"query-input\":{\"@type\":\"PropertyValueSpecification\",\"valueRequired\":true,\"valueName\":\"search_term_string\"}}],\"inLanguage\":\"fr-FR\"},{\"@type\":\"Organization\",\"@id\":\"https:\/\/www.la-maison-naturelle.com\/blog\/#organization\",\"name\":\"La Maison naturelle | Blog\",\"url\":\"https:\/\/www.la-maison-naturelle.com\/blog\/\",\"logo\":{\"@type\":\"ImageObject\",\"inLanguage\":\"fr-FR\",\"@id\":\"https:\/\/www.la-maison-naturelle.com\/blog\/#\/schema\/logo\/image\/\",\"url\":\"https:\/\/www.la-maison-naturelle.com\/blog\/wp-content\/uploads\/2021\/07\/maison-naturelle-logo.svg\",\"contentUrl\":\"https:\/\/www.la-maison-naturelle.com\/blog\/wp-content\/uploads\/2021\/07\/maison-naturelle-logo.svg\",\"width\":156,\"height\":64,\"caption\":\"La Maison naturelle | Blog\"},\"image\":{\"@id\":\"https:\/\/www.la-maison-naturelle.com\/blog\/#\/schema\/logo\/image\/\"}},{\"@type\":\"Person\",\"@id\":\"https:\/\/www.la-maison-naturelle.com\/blog\/#\/schema\/person\/cad2a9ed80410189f0688441d546d43f\",\"name\":\"Eloise\",\"image\":{\"@type\":\"ImageObject\",\"inLanguage\":\"fr-FR\",\"@id\":\"https:\/\/www.la-maison-naturelle.com\/blog\/#\/schema\/person\/image\/\",\"url\":\"https:\/\/secure.gravatar.com\/avatar\/344186806f5e8613d4a2109f3b0228a847a7c0858a8023778c44bdcfc1111df9?s=96&d=mm&r=g\",\"contentUrl\":\"https:\/\/secure.gravatar.com\/avatar\/344186806f5e8613d4a2109f3b0228a847a7c0858a8023778c44bdcfc1111df9?s=96&d=mm&r=g\",\"caption\":\"Eloise\"},\"sameAs\":[\"https:\/\/www.la-maison-naturelle.com\/\"],\"url\":\"https:\/\/www.la-maison-naturelle.com\/blog\/author\/idries\/\"}]}<\/script>\n<!-- \/ Yoast SEO plugin. -->","yoast_head_json":{"title":"Le li\u00e8ge expans\u00e9 noir provient du ch\u00eane li\u00e8ge mati\u00e8re premi\u00e8re naturelle et renouvelable - La Maison naturelle | Blog","robots":{"index":"index","follow":"follow","max-snippet":"max-snippet:-1","max-image-preview":"max-image-preview:large","max-video-preview":"max-video-preview:-1"},"canonical":"https:\/\/www.la-maison-naturelle.com\/blog\/le-liege-expanse-provient-du-chene-liege-matiere-premiere-naturelle-et-renouvelable\/","og_locale":"fr_FR","og_type":"article","og_title":"Le li\u00e8ge expans\u00e9 noir provient du ch\u00eane li\u00e8ge mati\u00e8re premi\u00e8re naturelle et renouvelable - La Maison naturelle | Blog","og_description":"Le li\u00e8ge comme mati\u00e8re premi\u00e8re, avant de devenir un isolant naturel, bio-sourc\u00e9. Le li\u00e8ge expans\u00e9 agglom\u00e9r\u00e9 provient du ch\u00eane li\u00e8ge mati\u00e8re premi\u00e8re naturelle et renouvelable Le processus d&rsquo;extraction du li\u00e8ge Le processus d&rsquo;extraction de l&rsquo;\u00e9corce du li\u00e8ge est appel\u00e9 d\u00e9capage et est effectu\u00e9e pendant la p\u00e9riode de plus forte croissance du ch\u00eane-li\u00e8ge: de la mi-mai [&hellip;]","og_url":"https:\/\/www.la-maison-naturelle.com\/blog\/le-liege-expanse-provient-du-chene-liege-matiere-premiere-naturelle-et-renouvelable\/","og_site_name":"La Maison naturelle | Blog","article_published_time":"2015-05-24T10:21:23+00:00","article_modified_time":"2023-07-29T07:45:30+00:00","author":"Eloise","twitter_card":"summary_large_image","twitter_misc":{"\u00c9crit par":"Eloise","Dur\u00e9e de lecture estim\u00e9e":"3 minutes"},"schema":{"@context":"https:\/\/schema.org","@graph":[{"@type":"Article","@id":"https:\/\/www.la-maison-naturelle.com\/blog\/le-liege-expanse-provient-du-chene-liege-matiere-premiere-naturelle-et-renouvelable\/#article","isPartOf":{"@id":"https:\/\/www.la-maison-naturelle.com\/blog\/le-liege-expanse-provient-du-chene-liege-matiere-premiere-naturelle-et-renouvelable\/"},"author":{"name":"Eloise","@id":"https:\/\/www.la-maison-naturelle.com\/blog\/#\/schema\/person\/cad2a9ed80410189f0688441d546d43f"},"headline":"Le li\u00e8ge expans\u00e9 noir provient du ch\u00eane li\u00e8ge mati\u00e8re premi\u00e8re naturelle et renouvelable","datePublished":"2015-05-24T10:21:23+00:00","dateModified":"2023-07-29T07:45:30+00:00","mainEntityOfPage":{"@id":"https:\/\/www.la-maison-naturelle.com\/blog\/le-liege-expanse-provient-du-chene-liege-matiere-premiere-naturelle-et-renouvelable\/"},"wordCount":534,"commentCount":0,"publisher":{"@id":"https:\/\/www.la-maison-naturelle.com\/blog\/#organization"},"articleSection":["Les dossiers"],"inLanguage":"fr-FR","potentialAction":[{"@type":"CommentAction","name":"Comment","target":["https:\/\/www.la-maison-naturelle.com\/blog\/le-liege-expanse-provient-du-chene-liege-matiere-premiere-naturelle-et-renouvelable\/#respond"]}]},{"@type":"WebPage","@id":"https:\/\/www.la-maison-naturelle.com\/blog\/le-liege-expanse-provient-du-chene-liege-matiere-premiere-naturelle-et-renouvelable\/","url":"https:\/\/www.la-maison-naturelle.com\/blog\/le-liege-expanse-provient-du-chene-liege-matiere-premiere-naturelle-et-renouvelable\/","name":"Le li\u00e8ge expans\u00e9 noir provient du ch\u00eane li\u00e8ge mati\u00e8re premi\u00e8re naturelle et renouvelable - La Maison naturelle | Blog","isPartOf":{"@id":"https:\/\/www.la-maison-naturelle.com\/blog\/#website"},"datePublished":"2015-05-24T10:21:23+00:00","dateModified":"2023-07-29T07:45:30+00:00","breadcrumb":{"@id":"https:\/\/www.la-maison-naturelle.com\/blog\/le-liege-expanse-provient-du-chene-liege-matiere-premiere-naturelle-et-renouvelable\/#breadcrumb"},"inLanguage":"fr-FR","potentialAction":[{"@type":"ReadAction","target":["https:\/\/www.la-maison-naturelle.com\/blog\/le-liege-expanse-provient-du-chene-liege-matiere-premiere-naturelle-et-renouvelable\/"]}]},{"@type":"BreadcrumbList","@id":"https:\/\/www.la-maison-naturelle.com\/blog\/le-liege-expanse-provient-du-chene-liege-matiere-premiere-naturelle-et-renouvelable\/#breadcrumb","itemListElement":[{"@type":"ListItem","position":1,"name":"Accueil","item":"https:\/\/www.la-maison-naturelle.com\/blog\/"},{"@type":"ListItem","position":2,"name":"Le li\u00e8ge expans\u00e9 noir provient du ch\u00eane li\u00e8ge mati\u00e8re premi\u00e8re naturelle et renouvelable"}]},{"@type":"WebSite","@id":"https:\/\/www.la-maison-naturelle.com\/blog\/#website","url":"https:\/\/www.la-maison-naturelle.com\/blog\/","name":"La Maison naturelle | Blog","description":"Blog de la Maison naturelle","publisher":{"@id":"https:\/\/www.la-maison-naturelle.com\/blog\/#organization"},"potentialAction":[{"@type":"SearchAction","target":{"@type":"EntryPoint","urlTemplate":"https:\/\/www.la-maison-naturelle.com\/blog\/?s={search_term_string}"},"query-input":{"@type":"PropertyValueSpecification","valueRequired":true,"valueName":"search_term_string"}}],"inLanguage":"fr-FR"},{"@type":"Organization","@id":"https:\/\/www.la-maison-naturelle.com\/blog\/#organization","name":"La Maison naturelle | Blog","url":"https:\/\/www.la-maison-naturelle.com\/blog\/","logo":{"@type":"ImageObject","inLanguage":"fr-FR","@id":"https:\/\/www.la-maison-naturelle.com\/blog\/#\/schema\/logo\/image\/","url":"https:\/\/www.la-maison-naturelle.com\/blog\/wp-content\/uploads\/2021\/07\/maison-naturelle-logo.svg","contentUrl":"https:\/\/www.la-maison-naturelle.com\/blog\/wp-content\/uploads\/2021\/07\/maison-naturelle-logo.svg","width":156,"height":64,"caption":"La Maison naturelle | Blog"},"image":{"@id":"https:\/\/www.la-maison-naturelle.com\/blog\/#\/schema\/logo\/image\/"}},{"@type":"Person","@id":"https:\/\/www.la-maison-naturelle.com\/blog\/#\/schema\/person\/cad2a9ed80410189f0688441d546d43f","name":"Eloise","image":{"@type":"ImageObject","inLanguage":"fr-FR","@id":"https:\/\/www.la-maison-naturelle.com\/blog\/#\/schema\/person\/image\/","url":"https:\/\/secure.gravatar.com\/avatar\/344186806f5e8613d4a2109f3b0228a847a7c0858a8023778c44bdcfc1111df9?s=96&d=mm&r=g","contentUrl":"https:\/\/secure.gravatar.com\/avatar\/344186806f5e8613d4a2109f3b0228a847a7c0858a8023778c44bdcfc1111df9?s=96&d=mm&r=g","caption":"Eloise"},"sameAs":["https:\/\/www.la-maison-naturelle.com\/"],"url":"https:\/\/www.la-maison-naturelle.com\/blog\/author\/idries\/"}]}},"_links":{"self":[{"href":"https:\/\/www.la-maison-naturelle.com\/blog\/wp-json\/wp\/v2\/posts\/1885","targetHints":{"allow":["GET"]}}],"collection":[{"href":"https:\/\/www.la-maison-naturelle.com\/blog\/wp-json\/wp\/v2\/posts"}],"about":[{"href":"https:\/\/www.la-maison-naturelle.com\/blog\/wp-json\/wp\/v2\/types\/post"}],"author":[{"embeddable":true,"href":"https:\/\/www.la-maison-naturelle.com\/blog\/wp-json\/wp\/v2\/users\/5"}],"replies":[{"embeddable":true,"href":"https:\/\/www.la-maison-naturelle.com\/blog\/wp-json\/wp\/v2\/comments?post=1885"}],"version-history":[{"count":2,"href":"https:\/\/www.la-maison-naturelle.com\/blog\/wp-json\/wp\/v2\/posts\/1885\/revisions"}],"predecessor-version":[{"id":4934,"href":"https:\/\/www.la-maison-naturelle.com\/blog\/wp-json\/wp\/v2\/posts\/1885\/revisions\/4934"}],"wp:attachment":[{"href":"https:\/\/www.la-maison-naturelle.com\/blog\/wp-json\/wp\/v2\/media?parent=1885"}],"wp:term":[{"taxonomy":"category","embeddable":true,"href":"https:\/\/www.la-maison-naturelle.com\/blog\/wp-json\/wp\/v2\/categories?post=1885"},{"taxonomy":"post_tag","embeddable":true,"href":"https:\/\/www.la-maison-naturelle.com\/blog\/wp-json\/wp\/v2\/tags?post=1885"}],"curies":[{"name":"wp","href":"https:\/\/api.w.org\/{rel}","templated":true}]}}