{"id":1883,"date":"2015-05-24T12:20:15","date_gmt":"2015-05-24T10:20:15","guid":{"rendered":"https:\/\/www.la-maison-naturelle.com\/blog\/?p=1883"},"modified":"2023-08-03T22:19:32","modified_gmt":"2023-08-03T20:19:32","slug":"l-exploitation-du-liege-l-environnement-et-l-economie-sociale","status":"publish","type":"post","link":"https:\/\/www.la-maison-naturelle.com\/blog\/l-exploitation-du-liege-l-environnement-et-l-economie-sociale\/","title":{"rendered":"L&rsquo;exploitation du li\u00e8ge, l&rsquo;environnement et l&rsquo;\u00e9conomie sociale"},"content":{"rendered":"<p>Le <a href=\"https:\/\/www.la-maison-naturelle.com\/4365-liege-expanse-en-panneau\" data-internallinksmanager029f6b8e52c=\"3\" title=\"plaque de li\u00e8ge\">li\u00e8ge expans\u00e9<\/a> en panneau ou en vrac est exploit\u00e9 dans le respect des r\u00e8gles de certifications europ\u00e9ennes et mondiales.<\/p>\n<h2>Les for\u00eats de li\u00e8ge et l&rsquo;exploitation du li\u00e8ge.<\/h2>\n<p>L&rsquo;exploitation du li\u00e8ge posent des questions environnementales \u00e9conomiques et sociales.<\/p>\n<p>Les domaines dans lesquels le ch\u00eane-li\u00e8ge pousse fournissent des habitats h\u00e9t\u00e9rog\u00e8nes et r\u00e9silient, abritent un large \u00e9ventail de la biodiversit\u00e9, ce qui entra\u00eene la reconnaissance du bassin m\u00e9diterran\u00e9en comme un hotspot de la biodiversit\u00e9 mondiale.\u00a0Le bassin m\u00e9diterran\u00e9en est le foyer de 15 \u00e0 25 mille esp\u00e8ces de plantes, un nombre beaucoup plus grand que dans le reste de l&rsquo;Europe, par exemple.<\/p>\n<p>Parmi ces esp\u00e8ces, plus de la moiti\u00e9 ne vivent que dans la M\u00e9diterran\u00e9e, ce qui les rend end\u00e9miques \u00e0 la r\u00e9gion.\u00a0En plus de la grande diversit\u00e9 des plantes, la combinaison de leurs caract\u00e9ristiques structurelles et biologiques rend les \u00ab\u00a0montados\u00a0\u00bb particuli\u00e8rement appropri\u00e9s comme couvert de fuite, aires de nidification et d&rsquo;alimentation pour de nombreuses esp\u00e8ces de la faune indig\u00e8nes, y compris:<\/p>\n<ul>\n<li>24 esp\u00e8ces de reptiles et d&rsquo;amphibiens,<\/li>\n<\/ul>\n<ul>\n<li>160 esp\u00e8ces d&rsquo;oiseaux<\/li>\n<\/ul>\n<ul>\n<li>37 esp\u00e8ces de mammif\u00e8res,<\/li>\n<\/ul>\n<p>dont certains sont en voie de disparition, comme le lynx ib\u00e9rique, l&rsquo;aigle de Bonelli, le vautour noir, la cigogne noire ou l&rsquo;aigle imp\u00e9rial.<\/p>\n<p>En plus des avantages mentionn\u00e9s en termes de pr\u00e9servation de la biodiversit\u00e9 ou la lutte contre la d\u00e9sertification, le \u00ab\u00a0montado\u00a0\u00bb est aussi un important puits de carbone naturel. En 2006, le \u00ab\u00a0montado\u00a0\u00bb portugais \u00e9tait responsable de la r\u00e9tention d&rsquo;environ 4,8 millions de tonnes de CO2, soit l&rsquo;\u00e9quivalent d&rsquo;environ 5% des \u00e9missions totales du pays.<\/p>\n<p>Toujours en ce qui concerne la r\u00e9duction des \u00e9missions \u00e0 effet de serre, les for\u00eats de ch\u00eanes-li\u00e8ges jouent un r\u00f4le important dans la r\u00e9duction du risque d&rsquo;incendie en raison de ses caract\u00e9ristiques ( le li\u00e8ge, gr\u00e2ce \u00e0 ses caract\u00e9ristiques uniques, agit comme un coupe-feu naturel, prot\u00e9geant activement l&rsquo;arbre), le faible volume de sous-bois et une gestion appropri\u00e9e des propri\u00e9t\u00e9s.<\/p>\n","protected":false},"excerpt":{"rendered":"<p>Le li\u00e8ge expans\u00e9 en panneau ou en vrac est exploit\u00e9 dans le respect des r\u00e8gles de certifications europ\u00e9ennes et mondiales. Les for\u00eats de li\u00e8ge et l&rsquo;exploitation du li\u00e8ge. L&rsquo;exploitation du li\u00e8ge posent des questions environnementales \u00e9conomiques et sociales. Les domaines dans lesquels le ch\u00eane-li\u00e8ge pousse fournissent des habitats h\u00e9t\u00e9rog\u00e8nes et r\u00e9silient, abritent un large \u00e9ventail [&hellip;]<\/p>\n","protected":false},"author":5,"featured_media":0,"comment_status":"open","ping_status":"open","sticky":false,"template":"","format":"standard","meta":{"footnotes":""},"categories":[6],"tags":[],"class_list":["post-1883","post","type-post","status-publish","format-standard","hentry","category-les-dossiers"],"_wp_attached_file":null,"_wp_attachment_metadata":null,"_wp_attachment_context":null,"_wp_attachment_image_alt":null,"_hf_settings":null,"hf_message_success":null,"hf_message_invalid_email":null,"hf_message_required_field_missing":null,"hf_message_error":null,"_menu_item_type":null,"_menu_item_menu_item_parent":null,"_menu_item_object_id":null,"_menu_item_object":null,"_menu_item_target":null,"_menu_item_classes":null,"_menu_item_xfn":null,"_menu_item_url":null,"_yoast_wpseo_primary_category":"6","_thumbnail_id":null,"_oembed_26d84b2c06432105b0a19987ae029a71":null,"_oembed_43e9e2dfde1b9b4ed91c9711026b7ef9":null,"_oembed_1fe1564764edbddc3b61e81acf52be88":null,"_oembed_df60f474cd845141e7ce6596d101e4a0":null,"_oembed_825e674795e2435c0bc66eb08e5d2c8b":null,"_oembed_time_825e674795e2435c0bc66eb08e5d2c8b":null,"_oembed_e917352ff4cc21ea91383201eeaa08cf":null,"_oembed_2363c16c972791c33e283320dc564fce":null,"_oembed_cc9ad5b5073a84776f6a62e33e6c7498":null,"_oembed_time_cc9ad5b5073a84776f6a62e33e6c7498":null,"_oembed_305147fcf4b856de518466e695c209cd":null,"_oembed_8517a877084ae01a5296813ee1d16a2b":null,"_oembed_2741f1556b243e68379198f98ba7f864":null,"_oembed_c3ffa24981451396c950ece2129da0f6":null,"_oembed_6f9091ebe2f3f5fcb5698ba6f4b41477":null,"_wp_old_slug":null,"_oembed_e4fb0f68ba12b85e9e231afe151ba12a":null,"_oembed_3c60e98bd703e617e67f5bbb3b97424d":null,"_oembed_bb060374498dcf40cb6068efe4be87e1":null,"_oembed_d0403e1e71c3a29020bd546b159480f1":null,"_oembed_b030ff17fbbbf8661c59c2ab8ff289eb":null,"_oembed_5cec699ba0631c6c0e4ba4f6af5f228e":null,"_oembed_b06a67f278b90cf4e8dd17cb12fe67b0":null,"_oembed_8e190e4fea2256f17420434651556236":null,"_oembed_b5ded119f1337916a0fc64d2ad85c95f":null,"_oembed_d9364a7a81be31c01415da2c50a48932":null,"_oembed_738cafa36d51a58e5ae3e458aa8f7584":null,"_oembed_ebcab5184b6b321b28efbcbec079859b":null,"_oembed_3dd9e35c2b7b268070e74da5b89cf937":null,"_oembed_e14b167b493e311a1c4e2aab38a463e8":null,"_oembed_dc8f7d108b38f3f0c2e0785b8bc46cae":null,"_oembed_55cf1c5142884afed312c2666bf27520":null,"_oembed_2292333bf03a956b4b61afafeff6bca0":null,"_oembed_82a986a6b900856fec23169de03a0038":null,"_oembed_4048ded025352b83569104210074165a":null,"_oembed_033b42b1af757abc39e4487233cee7f5":null,"_oembed_aec1d50f2b159366be8e37e94b201be1":null,"_oembed_0adc8480b2fcadf9a1733f572ce3d3f8":null,"_yoast_wpseo_title":null,"_yoast_wpseo_focuskw":null,"_yoast_wpseo_linkdex":null,"_yoast_wpseo_metadesc":null,"_yoast_wpseo_wordproof_timestamp":null,"_tpl_archive_meta_key":null,"_form":null,"_mail":null,"_mail_2":null,"_messages":null,"_additional_settings":null,"_locale":null,"_wp_old_date":null,"_edit_last":"5","_wpb_vc_js_status":"false","_yoast_wpseo_estimated-reading-time-minutes":"2","_edit_lock":"1691093972:5","_yoast_wpseo_content_score":"60","yoast_head":"<!-- This site is optimized with the Yoast SEO plugin v24.3 - https:\/\/yoast.com\/wordpress\/plugins\/seo\/ -->\n<title>L&#039;exploitation du li\u00e8ge, l&#039;environnement et l&#039;\u00e9conomie sociale - La Maison naturelle | Blog<\/title>\n<meta name=\"robots\" content=\"index, follow, max-snippet:-1, max-image-preview:large, max-video-preview:-1\" \/>\n<link rel=\"canonical\" href=\"https:\/\/www.la-maison-naturelle.com\/blog\/l-exploitation-du-liege-l-environnement-et-l-economie-sociale\/\" \/>\n<meta property=\"og:locale\" content=\"fr_FR\" \/>\n<meta property=\"og:type\" content=\"article\" \/>\n<meta property=\"og:title\" content=\"L&#039;exploitation du li\u00e8ge, l&#039;environnement et l&#039;\u00e9conomie sociale - La Maison naturelle | Blog\" \/>\n<meta property=\"og:description\" content=\"Le li\u00e8ge expans\u00e9 en panneau ou en vrac est exploit\u00e9 dans le respect des r\u00e8gles de certifications europ\u00e9ennes et mondiales. Les for\u00eats de li\u00e8ge et l&rsquo;exploitation du li\u00e8ge. L&rsquo;exploitation du li\u00e8ge posent des questions environnementales \u00e9conomiques et sociales. Les domaines dans lesquels le ch\u00eane-li\u00e8ge pousse fournissent des habitats h\u00e9t\u00e9rog\u00e8nes et r\u00e9silient, abritent un large \u00e9ventail [&hellip;]\" \/>\n<meta property=\"og:url\" content=\"https:\/\/www.la-maison-naturelle.com\/blog\/l-exploitation-du-liege-l-environnement-et-l-economie-sociale\/\" \/>\n<meta property=\"og:site_name\" content=\"La Maison naturelle | Blog\" \/>\n<meta property=\"article:published_time\" content=\"2015-05-24T10:20:15+00:00\" \/>\n<meta property=\"article:modified_time\" content=\"2023-08-03T20:19:32+00:00\" \/>\n<meta name=\"author\" content=\"Eloise\" \/>\n<meta name=\"twitter:card\" content=\"summary_large_image\" \/>\n<meta name=\"twitter:label1\" content=\"\u00c9crit par\" \/>\n\t<meta name=\"twitter:data1\" content=\"Eloise\" \/>\n\t<meta name=\"twitter:label2\" content=\"Dur\u00e9e de lecture estim\u00e9e\" \/>\n\t<meta name=\"twitter:data2\" content=\"2 minutes\" \/>\n<script type=\"application\/ld+json\" class=\"yoast-schema-graph\">{\"@context\":\"https:\/\/schema.org\",\"@graph\":[{\"@type\":\"Article\",\"@id\":\"https:\/\/www.la-maison-naturelle.com\/blog\/l-exploitation-du-liege-l-environnement-et-l-economie-sociale\/#article\",\"isPartOf\":{\"@id\":\"https:\/\/www.la-maison-naturelle.com\/blog\/l-exploitation-du-liege-l-environnement-et-l-economie-sociale\/\"},\"author\":{\"name\":\"Eloise\",\"@id\":\"https:\/\/www.la-maison-naturelle.com\/blog\/#\/schema\/person\/cad2a9ed80410189f0688441d546d43f\"},\"headline\":\"L&rsquo;exploitation du li\u00e8ge, l&rsquo;environnement et l&rsquo;\u00e9conomie sociale\",\"datePublished\":\"2015-05-24T10:20:15+00:00\",\"dateModified\":\"2023-08-03T20:19:32+00:00\",\"mainEntityOfPage\":{\"@id\":\"https:\/\/www.la-maison-naturelle.com\/blog\/l-exploitation-du-liege-l-environnement-et-l-economie-sociale\/\"},\"wordCount\":360,\"commentCount\":0,\"publisher\":{\"@id\":\"https:\/\/www.la-maison-naturelle.com\/blog\/#organization\"},\"articleSection\":[\"Les dossiers\"],\"inLanguage\":\"fr-FR\",\"potentialAction\":[{\"@type\":\"CommentAction\",\"name\":\"Comment\",\"target\":[\"https:\/\/www.la-maison-naturelle.com\/blog\/l-exploitation-du-liege-l-environnement-et-l-economie-sociale\/#respond\"]}]},{\"@type\":\"WebPage\",\"@id\":\"https:\/\/www.la-maison-naturelle.com\/blog\/l-exploitation-du-liege-l-environnement-et-l-economie-sociale\/\",\"url\":\"https:\/\/www.la-maison-naturelle.com\/blog\/l-exploitation-du-liege-l-environnement-et-l-economie-sociale\/\",\"name\":\"L'exploitation du li\u00e8ge, l'environnement et l'\u00e9conomie sociale - La Maison naturelle | Blog\",\"isPartOf\":{\"@id\":\"https:\/\/www.la-maison-naturelle.com\/blog\/#website\"},\"datePublished\":\"2015-05-24T10:20:15+00:00\",\"dateModified\":\"2023-08-03T20:19:32+00:00\",\"breadcrumb\":{\"@id\":\"https:\/\/www.la-maison-naturelle.com\/blog\/l-exploitation-du-liege-l-environnement-et-l-economie-sociale\/#breadcrumb\"},\"inLanguage\":\"fr-FR\",\"potentialAction\":[{\"@type\":\"ReadAction\",\"target\":[\"https:\/\/www.la-maison-naturelle.com\/blog\/l-exploitation-du-liege-l-environnement-et-l-economie-sociale\/\"]}]},{\"@type\":\"BreadcrumbList\",\"@id\":\"https:\/\/www.la-maison-naturelle.com\/blog\/l-exploitation-du-liege-l-environnement-et-l-economie-sociale\/#breadcrumb\",\"itemListElement\":[{\"@type\":\"ListItem\",\"position\":1,\"name\":\"Accueil\",\"item\":\"https:\/\/www.la-maison-naturelle.com\/blog\/\"},{\"@type\":\"ListItem\",\"position\":2,\"name\":\"L&rsquo;exploitation du li\u00e8ge, l&rsquo;environnement et l&rsquo;\u00e9conomie sociale\"}]},{\"@type\":\"WebSite\",\"@id\":\"https:\/\/www.la-maison-naturelle.com\/blog\/#website\",\"url\":\"https:\/\/www.la-maison-naturelle.com\/blog\/\",\"name\":\"La Maison naturelle | Blog\",\"description\":\"Blog de la Maison naturelle\",\"publisher\":{\"@id\":\"https:\/\/www.la-maison-naturelle.com\/blog\/#organization\"},\"potentialAction\":[{\"@type\":\"SearchAction\",\"target\":{\"@type\":\"EntryPoint\",\"urlTemplate\":\"https:\/\/www.la-maison-naturelle.com\/blog\/?s={search_term_string}\"},\"query-input\":{\"@type\":\"PropertyValueSpecification\",\"valueRequired\":true,\"valueName\":\"search_term_string\"}}],\"inLanguage\":\"fr-FR\"},{\"@type\":\"Organization\",\"@id\":\"https:\/\/www.la-maison-naturelle.com\/blog\/#organization\",\"name\":\"La Maison naturelle | Blog\",\"url\":\"https:\/\/www.la-maison-naturelle.com\/blog\/\",\"logo\":{\"@type\":\"ImageObject\",\"inLanguage\":\"fr-FR\",\"@id\":\"https:\/\/www.la-maison-naturelle.com\/blog\/#\/schema\/logo\/image\/\",\"url\":\"https:\/\/www.la-maison-naturelle.com\/blog\/wp-content\/uploads\/2021\/07\/maison-naturelle-logo.svg\",\"contentUrl\":\"https:\/\/www.la-maison-naturelle.com\/blog\/wp-content\/uploads\/2021\/07\/maison-naturelle-logo.svg\",\"width\":156,\"height\":64,\"caption\":\"La Maison naturelle | Blog\"},\"image\":{\"@id\":\"https:\/\/www.la-maison-naturelle.com\/blog\/#\/schema\/logo\/image\/\"}},{\"@type\":\"Person\",\"@id\":\"https:\/\/www.la-maison-naturelle.com\/blog\/#\/schema\/person\/cad2a9ed80410189f0688441d546d43f\",\"name\":\"Eloise\",\"image\":{\"@type\":\"ImageObject\",\"inLanguage\":\"fr-FR\",\"@id\":\"https:\/\/www.la-maison-naturelle.com\/blog\/#\/schema\/person\/image\/\",\"url\":\"https:\/\/secure.gravatar.com\/avatar\/344186806f5e8613d4a2109f3b0228a847a7c0858a8023778c44bdcfc1111df9?s=96&d=mm&r=g\",\"contentUrl\":\"https:\/\/secure.gravatar.com\/avatar\/344186806f5e8613d4a2109f3b0228a847a7c0858a8023778c44bdcfc1111df9?s=96&d=mm&r=g\",\"caption\":\"Eloise\"},\"sameAs\":[\"https:\/\/www.la-maison-naturelle.com\/\"],\"url\":\"https:\/\/www.la-maison-naturelle.com\/blog\/author\/idries\/\"}]}<\/script>\n<!-- \/ Yoast SEO plugin. -->","yoast_head_json":{"title":"L'exploitation du li\u00e8ge, l'environnement et l'\u00e9conomie sociale - La Maison naturelle | Blog","robots":{"index":"index","follow":"follow","max-snippet":"max-snippet:-1","max-image-preview":"max-image-preview:large","max-video-preview":"max-video-preview:-1"},"canonical":"https:\/\/www.la-maison-naturelle.com\/blog\/l-exploitation-du-liege-l-environnement-et-l-economie-sociale\/","og_locale":"fr_FR","og_type":"article","og_title":"L'exploitation du li\u00e8ge, l'environnement et l'\u00e9conomie sociale - La Maison naturelle | Blog","og_description":"Le li\u00e8ge expans\u00e9 en panneau ou en vrac est exploit\u00e9 dans le respect des r\u00e8gles de certifications europ\u00e9ennes et mondiales. Les for\u00eats de li\u00e8ge et l&rsquo;exploitation du li\u00e8ge. L&rsquo;exploitation du li\u00e8ge posent des questions environnementales \u00e9conomiques et sociales. Les domaines dans lesquels le ch\u00eane-li\u00e8ge pousse fournissent des habitats h\u00e9t\u00e9rog\u00e8nes et r\u00e9silient, abritent un large \u00e9ventail [&hellip;]","og_url":"https:\/\/www.la-maison-naturelle.com\/blog\/l-exploitation-du-liege-l-environnement-et-l-economie-sociale\/","og_site_name":"La Maison naturelle | Blog","article_published_time":"2015-05-24T10:20:15+00:00","article_modified_time":"2023-08-03T20:19:32+00:00","author":"Eloise","twitter_card":"summary_large_image","twitter_misc":{"\u00c9crit par":"Eloise","Dur\u00e9e de lecture estim\u00e9e":"2 minutes"},"schema":{"@context":"https:\/\/schema.org","@graph":[{"@type":"Article","@id":"https:\/\/www.la-maison-naturelle.com\/blog\/l-exploitation-du-liege-l-environnement-et-l-economie-sociale\/#article","isPartOf":{"@id":"https:\/\/www.la-maison-naturelle.com\/blog\/l-exploitation-du-liege-l-environnement-et-l-economie-sociale\/"},"author":{"name":"Eloise","@id":"https:\/\/www.la-maison-naturelle.com\/blog\/#\/schema\/person\/cad2a9ed80410189f0688441d546d43f"},"headline":"L&rsquo;exploitation du li\u00e8ge, l&rsquo;environnement et l&rsquo;\u00e9conomie sociale","datePublished":"2015-05-24T10:20:15+00:00","dateModified":"2023-08-03T20:19:32+00:00","mainEntityOfPage":{"@id":"https:\/\/www.la-maison-naturelle.com\/blog\/l-exploitation-du-liege-l-environnement-et-l-economie-sociale\/"},"wordCount":360,"commentCount":0,"publisher":{"@id":"https:\/\/www.la-maison-naturelle.com\/blog\/#organization"},"articleSection":["Les dossiers"],"inLanguage":"fr-FR","potentialAction":[{"@type":"CommentAction","name":"Comment","target":["https:\/\/www.la-maison-naturelle.com\/blog\/l-exploitation-du-liege-l-environnement-et-l-economie-sociale\/#respond"]}]},{"@type":"WebPage","@id":"https:\/\/www.la-maison-naturelle.com\/blog\/l-exploitation-du-liege-l-environnement-et-l-economie-sociale\/","url":"https:\/\/www.la-maison-naturelle.com\/blog\/l-exploitation-du-liege-l-environnement-et-l-economie-sociale\/","name":"L'exploitation du li\u00e8ge, l'environnement et l'\u00e9conomie sociale - La Maison naturelle | Blog","isPartOf":{"@id":"https:\/\/www.la-maison-naturelle.com\/blog\/#website"},"datePublished":"2015-05-24T10:20:15+00:00","dateModified":"2023-08-03T20:19:32+00:00","breadcrumb":{"@id":"https:\/\/www.la-maison-naturelle.com\/blog\/l-exploitation-du-liege-l-environnement-et-l-economie-sociale\/#breadcrumb"},"inLanguage":"fr-FR","potentialAction":[{"@type":"ReadAction","target":["https:\/\/www.la-maison-naturelle.com\/blog\/l-exploitation-du-liege-l-environnement-et-l-economie-sociale\/"]}]},{"@type":"BreadcrumbList","@id":"https:\/\/www.la-maison-naturelle.com\/blog\/l-exploitation-du-liege-l-environnement-et-l-economie-sociale\/#breadcrumb","itemListElement":[{"@type":"ListItem","position":1,"name":"Accueil","item":"https:\/\/www.la-maison-naturelle.com\/blog\/"},{"@type":"ListItem","position":2,"name":"L&rsquo;exploitation du li\u00e8ge, l&rsquo;environnement et l&rsquo;\u00e9conomie sociale"}]},{"@type":"WebSite","@id":"https:\/\/www.la-maison-naturelle.com\/blog\/#website","url":"https:\/\/www.la-maison-naturelle.com\/blog\/","name":"La Maison naturelle | Blog","description":"Blog de la Maison naturelle","publisher":{"@id":"https:\/\/www.la-maison-naturelle.com\/blog\/#organization"},"potentialAction":[{"@type":"SearchAction","target":{"@type":"EntryPoint","urlTemplate":"https:\/\/www.la-maison-naturelle.com\/blog\/?s={search_term_string}"},"query-input":{"@type":"PropertyValueSpecification","valueRequired":true,"valueName":"search_term_string"}}],"inLanguage":"fr-FR"},{"@type":"Organization","@id":"https:\/\/www.la-maison-naturelle.com\/blog\/#organization","name":"La Maison naturelle | Blog","url":"https:\/\/www.la-maison-naturelle.com\/blog\/","logo":{"@type":"ImageObject","inLanguage":"fr-FR","@id":"https:\/\/www.la-maison-naturelle.com\/blog\/#\/schema\/logo\/image\/","url":"https:\/\/www.la-maison-naturelle.com\/blog\/wp-content\/uploads\/2021\/07\/maison-naturelle-logo.svg","contentUrl":"https:\/\/www.la-maison-naturelle.com\/blog\/wp-content\/uploads\/2021\/07\/maison-naturelle-logo.svg","width":156,"height":64,"caption":"La Maison naturelle | Blog"},"image":{"@id":"https:\/\/www.la-maison-naturelle.com\/blog\/#\/schema\/logo\/image\/"}},{"@type":"Person","@id":"https:\/\/www.la-maison-naturelle.com\/blog\/#\/schema\/person\/cad2a9ed80410189f0688441d546d43f","name":"Eloise","image":{"@type":"ImageObject","inLanguage":"fr-FR","@id":"https:\/\/www.la-maison-naturelle.com\/blog\/#\/schema\/person\/image\/","url":"https:\/\/secure.gravatar.com\/avatar\/344186806f5e8613d4a2109f3b0228a847a7c0858a8023778c44bdcfc1111df9?s=96&d=mm&r=g","contentUrl":"https:\/\/secure.gravatar.com\/avatar\/344186806f5e8613d4a2109f3b0228a847a7c0858a8023778c44bdcfc1111df9?s=96&d=mm&r=g","caption":"Eloise"},"sameAs":["https:\/\/www.la-maison-naturelle.com\/"],"url":"https:\/\/www.la-maison-naturelle.com\/blog\/author\/idries\/"}]}},"_links":{"self":[{"href":"https:\/\/www.la-maison-naturelle.com\/blog\/wp-json\/wp\/v2\/posts\/1883","targetHints":{"allow":["GET"]}}],"collection":[{"href":"https:\/\/www.la-maison-naturelle.com\/blog\/wp-json\/wp\/v2\/posts"}],"about":[{"href":"https:\/\/www.la-maison-naturelle.com\/blog\/wp-json\/wp\/v2\/types\/post"}],"author":[{"embeddable":true,"href":"https:\/\/www.la-maison-naturelle.com\/blog\/wp-json\/wp\/v2\/users\/5"}],"replies":[{"embeddable":true,"href":"https:\/\/www.la-maison-naturelle.com\/blog\/wp-json\/wp\/v2\/comments?post=1883"}],"version-history":[{"count":2,"href":"https:\/\/www.la-maison-naturelle.com\/blog\/wp-json\/wp\/v2\/posts\/1883\/revisions"}],"predecessor-version":[{"id":5342,"href":"https:\/\/www.la-maison-naturelle.com\/blog\/wp-json\/wp\/v2\/posts\/1883\/revisions\/5342"}],"wp:attachment":[{"href":"https:\/\/www.la-maison-naturelle.com\/blog\/wp-json\/wp\/v2\/media?parent=1883"}],"wp:term":[{"taxonomy":"category","embeddable":true,"href":"https:\/\/www.la-maison-naturelle.com\/blog\/wp-json\/wp\/v2\/categories?post=1883"},{"taxonomy":"post_tag","embeddable":true,"href":"https:\/\/www.la-maison-naturelle.com\/blog\/wp-json\/wp\/v2\/tags?post=1883"}],"curies":[{"name":"wp","href":"https:\/\/api.w.org\/{rel}","templated":true}]}}