{"id":1847,"date":"2011-05-24T12:10:39","date_gmt":"2011-05-24T10:10:39","guid":{"rendered":"https:\/\/www.la-maison-naturelle.com\/blog\/?p=1847"},"modified":"2023-08-04T19:30:17","modified_gmt":"2023-08-04T17:30:17","slug":"vente-de-liege-en-panneaux-destockage-sur-clermont-ferrand-63","status":"publish","type":"post","link":"https:\/\/www.la-maison-naturelle.com\/blog\/vente-de-liege-en-panneaux-destockage-sur-clermont-ferrand-63\/","title":{"rendered":"L&rsquo;isolation en li\u00e8ge en panneaux : une solution \u00e9cologique pour la ville de Clermont-Ferrand"},"content":{"rendered":"<table style=\" width=\"100%\",max-width=\"839\">\n<tbody>\n<tr>\n<td colspan=\"3\"><a href=\"https:\/\/www.la-maison-naturelle.com\/\"><img decoding=\"async\" class=\"wp-image-5568 aligncenter\" src=\"https:\/\/www.la-maison-naturelle.com\/blog\/wp-content\/uploads\/2012\/05\/Dark-Green-and-Gray-Professional-and-Clean-E-Commerce-Email-Header-300x35.png\" alt=\"\" width=\"839\" srcset=\"https:\/\/www.la-maison-naturelle.com\/blog\/wp-content\/uploads\/2012\/05\/Dark-Green-and-Gray-Professional-and-Clean-E-Commerce-Email-Header-300x35.png 300w, https:\/\/www.la-maison-naturelle.com\/blog\/wp-content\/uploads\/2012\/05\/Dark-Green-and-Gray-Professional-and-Clean-E-Commerce-Email-Header-1024x119.png 1024w, https:\/\/www.la-maison-naturelle.com\/blog\/wp-content\/uploads\/2012\/05\/Dark-Green-and-Gray-Professional-and-Clean-E-Commerce-Email-Header-768x89.png 768w, https:\/\/www.la-maison-naturelle.com\/blog\/wp-content\/uploads\/2012\/05\/Dark-Green-and-Gray-Professional-and-Clean-E-Commerce-Email-Header-1536x178.png 1536w, https:\/\/www.la-maison-naturelle.com\/blog\/wp-content\/uploads\/2012\/05\/Dark-Green-and-Gray-Professional-and-Clean-E-Commerce-Email-Header.png 1578w\" sizes=\"(max-width: 300px) 100vw, 300px\" \/><\/a><\/td>\n<\/tr>\n<tr>\n<td><a href=\"https:\/\/www.la-maison-naturelle.com\/5260-materiaux-et-bricolage\"><img loading=\"lazy\" decoding=\"async\" class=\"alignright size-medium wp-image-5565\" src=\"https:\/\/www.la-maison-naturelle.com\/blog\/wp-content\/uploads\/2012\/05\/73a5f09c-2ef6-46dd-90d1-9cf73599e16b-1-249x300.png\" alt=\"Mat\u00e9riaux et bricolage\" width=\"249\" height=\"300\" srcset=\"https:\/\/www.la-maison-naturelle.com\/blog\/wp-content\/uploads\/2012\/05\/73a5f09c-2ef6-46dd-90d1-9cf73599e16b-1-249x300.png 249w, https:\/\/www.la-maison-naturelle.com\/blog\/wp-content\/uploads\/2012\/05\/73a5f09c-2ef6-46dd-90d1-9cf73599e16b-1.png 397w\" sizes=\"auto, (max-width: 249px) 100vw, 249px\" \/><\/a><\/td>\n<td><a href=\"https:\/\/www.la-maison-naturelle.com\/5266-amenagement-du-jardin\"><img loading=\"lazy\" decoding=\"async\" class=\"alignright size-medium wp-image-5564\" src=\"https:\/\/www.la-maison-naturelle.com\/blog\/wp-content\/uploads\/2012\/05\/9224811f-6da5-4d4d-8634-e9a2517a9565-1-249x300.png\" alt=\"Jardin et ext\u00e9rieur\" width=\"249\" height=\"300\" srcset=\"https:\/\/www.la-maison-naturelle.com\/blog\/wp-content\/uploads\/2012\/05\/9224811f-6da5-4d4d-8634-e9a2517a9565-1-249x300.png 249w, https:\/\/www.la-maison-naturelle.com\/blog\/wp-content\/uploads\/2012\/05\/9224811f-6da5-4d4d-8634-e9a2517a9565-1.png 397w\" sizes=\"auto, (max-width: 249px) 100vw, 249px\" \/><\/a><\/td>\n<td><a href=\"https:\/\/www.la-maison-naturelle.com\/5267-interieur-et-decoration\"><img loading=\"lazy\" decoding=\"async\" class=\"alignright size-medium wp-image-5563\" src=\"https:\/\/www.la-maison-naturelle.com\/blog\/wp-content\/uploads\/2012\/05\/b9400ea8-440a-4a4a-8db6-682fde3f9652-1-249x300.png\" alt=\"Int\u00e9rieur et d\u00e9coration\" width=\"249\" height=\"300\" srcset=\"https:\/\/www.la-maison-naturelle.com\/blog\/wp-content\/uploads\/2012\/05\/b9400ea8-440a-4a4a-8db6-682fde3f9652-1-249x300.png 249w, https:\/\/www.la-maison-naturelle.com\/blog\/wp-content\/uploads\/2012\/05\/b9400ea8-440a-4a4a-8db6-682fde3f9652-1.png 397w\" sizes=\"auto, (max-width: 249px) 100vw, 249px\" \/><\/a><\/td>\n<\/tr>\n<\/tbody>\n<\/table>\n<p>Situ\u00e9e dans la r\u00e9gion du Puy-de-D\u00f4me, la ville de Clermont-Ferrand est reconnue pour son patrimoine architectural et son dynamisme \u00e9conomique. En tant qu&rsquo;habitant de cette ville, vous \u00eates peut-\u00eatre \u00e0 la recherche de solutions d&rsquo;isolation performantes pour votre maison, tout en veillant \u00e0 pr\u00e9server l&rsquo;environnement ? Dans ce cas, l&rsquo;isolation en li\u00e8ge en panneaux est une option \u00e0 consid\u00e9rer.<\/p>\n<h3>Pourquoi opter pour l&rsquo;isolation en li\u00e8ge en panneaux ?<\/h3>\n<p>Tout d&rsquo;abord, il convient de souligner que le li\u00e8ge est un mat\u00e9riau \u00e9cologique, naturel et recyclable. Il est obtenu \u00e0 partir de l&rsquo;\u00e9corce de ch\u00eane-li\u00e8ge, une plante qui ne n\u00e9cessite pas d&rsquo;irrigation ni de traitements chimiques pour se d\u00e9velopper. En choisissant l&rsquo;isolation en li\u00e8ge en panneaux, vous contribuez donc \u00e0 r\u00e9duire votre empreinte environnementale.<\/p>\n<p>Ensuite, le li\u00e8ge poss\u00e8de de nombreuses propri\u00e9t\u00e9s thermiques et acoustiques int\u00e9ressantes. Il est en effet capable de retenir la chaleur en hiver et de la restituer en \u00e9t\u00e9, ce qui peut vous permettre de faire des \u00e9conomies de chauffage. De plus, le li\u00e8ge est un excellent isolant phonique, ce qui peut \u00eatre un atout appr\u00e9ciable si vous habitez dans une zone bruyante.<\/p>\n<p>Enfin, l&rsquo;isolation en li\u00e8ge en panneaux est simple \u00e0 mettre en oeuvre et peut \u00eatre utilis\u00e9e dans diff\u00e9rentes pi\u00e8ces de la maison (combles, murs, sols, etc.). Elle peut \u00e9galement \u00eatre combin\u00e9e avec d&rsquo;autres mat\u00e9riaux d&rsquo;isolation, ce qui vous permet de personnaliser votre projet selon vos besoins et vos contraintes.<\/p>\n<h3>O\u00f9 acheter des panneaux d&rsquo;isolation en li\u00e8ge \u00e0 Clermont-Ferrand ?<\/h3>\n<p>Si vous \u00eates int\u00e9ress\u00e9 par l&rsquo;isolation en li\u00e8ge en panneaux pour votre maison \u00e0 Clermont-Ferrand, vous pouvez vous rendre sur le site <a href=\"www.la-maison-naturelle.com\">www.la-maison-naturelle.com<\/a>, qui propose une large gamme de mat\u00e9riaux \u00e9cologiques pour l&rsquo;isolation et la construction.<\/p>\n<p>Sur ce site, vous pourrez trouver des panneaux d&rsquo;isolation en li\u00e8ge de qualit\u00e9, fabriqu\u00e9s \u00e0 partir de <a href=\"https:\/\/www.la-maison-naturelle.com\/4365-liege-expanse-en-panneau\" data-internallinksmanager029f6b8e52c=\"3\" title=\"plaque de li\u00e8ge\">li\u00e8ge expans\u00e9<\/a> ou de li\u00e8ge agglom\u00e9r\u00e9. Vous pourrez \u00e9galement profiter de conseils et de services de professionnels pour vous aider \u00e0 choisir les produits qui conviennent le mieux \u00e0 votre projet d&rsquo;isolation.<\/p>\n<p>En achetant vos panneaux d&rsquo;isolation en li\u00e8ge sur ce site, vous b\u00e9n\u00e9ficierez de nombreux avantages : une livraison rapide et s\u00e9curis\u00e9e, des prix comp\u00e9titifs, un paiement en ligne s\u00e9curis\u00e9, etc. De plus, vous pourrez \u00e9galement profiter de promotions et de codes de r\u00e9duction r\u00e9guli\u00e8rement propos\u00e9s sur le site.<\/p>\n<h3>Comment poser des panneaux d&rsquo;isolation en li\u00e8ge ?<\/h3>\n<p>Il est recommand\u00e9 de faire appel \u00e0 un professionnel pour la pose des panneaux d&rsquo;isolation en li\u00e8ge, afin de garantir une installation efficace et durable. Cependant, voici quelques informations g\u00e9n\u00e9rales sur la fa\u00e7on de proc\u00e9der :<\/p>\n<ul>\n<li>Commencez par pr\u00e9parer votre surface d&rsquo;isolation (enlevez les obstacles, v\u00e9rifiez l&rsquo;\u00e9tat de la <a href=\"https:\/\/www.la-maison-naturelle.com\/blog\/la-difference-entre-une-charpente-fermette-et-une-charpente-traditionnelle\/\" data-internallinksmanager029f6b8e52c=\"85\" title=\"Quelle est la diff\u00e9rence entre une charpente fermette et une charpente traditionnelle ?\">charpente<\/a>, etc.).<\/li>\n<li>Fixez les panneaux de li\u00e8ge sur la surface \u00e0 isoler en utilisant des vis ou des colles sp\u00e9ciales (suivez les instructions du fabricant).<\/li>\n<li>Veillez \u00e0 laisser une l\u00e9g\u00e8re dilatation entre les panneaux pour \u00e9viter toute d\u00e9formation.<\/li>\n<li>Recouvrez les panneaux d&rsquo;un <a href=\"https:\/\/www.la-maison-naturelle.com\/3132-pare-vapeur\" data-internallinksmanager029f6b8e52c=\"1\" title=\"Pare Vapeur\">pare-vapeur<\/a> pour prot\u00e9ger l&rsquo;isolation de l&rsquo;humidit\u00e9.<\/li>\n<li>Terminez par la pose du rev\u00eatement de finition (plaques de pl\u00e2tre, par exemple).<\/li>\n<\/ul>\n<p><strong>N&rsquo;h\u00e9sitez pas \u00e0 consulter les fiches techniques et les guides de pose disponibles sur le site de <a href=\"https:\/\/www.la-maison-naturelle.com\/\" data-internallinksmanager029f6b8e52c=\"38\" title=\"la maison naturelle\">La Maison Naturelle<\/a> pour plus de d\u00e9tails sur la mise en oeuvre de l&rsquo;isolation en li\u00e8ge en panneaux.<\/strong><\/p>\n<h2>En conclusion<\/h2>\n<p>L&rsquo;isolation en li\u00e8ge en panneaux est une solution \u00e9cologique, performante et facile \u00e0 mettre en oeuvre pour l&rsquo;isolation de votre maison \u00e0 Clermont-Ferrand. Elle vous permet de profiter de nombreux avantages, tant en termes de confort thermique et acoustique qu&rsquo;en termes de respect de l&rsquo;environnement.<\/p>\n<p>Si vous souhaitez en savoir plus sur cette solution d&rsquo;isolation ou si vous \u00eates int\u00e9ress\u00e9 par l&rsquo;achat de panneaux d&rsquo;isolation en li\u00e8ge, n&rsquo;h\u00e9sitez pas \u00e0 visiter le site <a href=\"www.la-maison-naturelle.com\">www.la-maison-naturelle.com<\/a>, qui vous offre une large gamme de produits \u00e9cologiques de qualit\u00e9 pour l&rsquo;isolation et la construction. Vous pourrez \u00e9galement b\u00e9n\u00e9ficier de conseils et de services de professionnels pour vous aider \u00e0 r\u00e9aliser votre projet d&rsquo;isolation en toute s\u00e9r\u00e9nit\u00e9.<\/p>\n<p>N&rsquo;oubliez pas qu&rsquo;investir dans une bonne isolation est essentiel pour am\u00e9liorer le confort de votre maison et faire des \u00e9conomies d&rsquo;\u00e9nergie \u00e0 long terme. Alors n&rsquo;h\u00e9sitez pas \u00e0 faire le choix de l&rsquo;isolation en li\u00e8ge en panneaux pour votre maison \u00e0 Clermont-Ferrand !<\/p>\n","protected":false},"excerpt":{"rendered":"","protected":false},"author":5,"featured_media":3995,"comment_status":"open","ping_status":"open","sticky":false,"template":"","format":"standard","meta":{"footnotes":""},"categories":[5],"tags":[],"class_list":["post-1847","post","type-post","status-publish","format-standard","has-post-thumbnail","hentry","category-espace-pro"],"_wp_attached_file":null,"_wp_attachment_metadata":null,"_wp_attachment_context":null,"_wp_attachment_image_alt":null,"_hf_settings":null,"hf_message_success":null,"hf_message_invalid_email":null,"hf_message_required_field_missing":null,"hf_message_error":null,"_menu_item_type":null,"_menu_item_menu_item_parent":null,"_menu_item_object_id":null,"_menu_item_object":null,"_menu_item_target":null,"_menu_item_classes":null,"_menu_item_xfn":null,"_menu_item_url":null,"_yoast_wpseo_primary_category":"5","_thumbnail_id":"3995","_oembed_26d84b2c06432105b0a19987ae029a71":null,"_oembed_43e9e2dfde1b9b4ed91c9711026b7ef9":null,"_oembed_1fe1564764edbddc3b61e81acf52be88":null,"_oembed_df60f474cd845141e7ce6596d101e4a0":null,"_oembed_825e674795e2435c0bc66eb08e5d2c8b":null,"_oembed_time_825e674795e2435c0bc66eb08e5d2c8b":null,"_oembed_e917352ff4cc21ea91383201eeaa08cf":null,"_oembed_2363c16c972791c33e283320dc564fce":null,"_oembed_cc9ad5b5073a84776f6a62e33e6c7498":null,"_oembed_time_cc9ad5b5073a84776f6a62e33e6c7498":null,"_oembed_305147fcf4b856de518466e695c209cd":null,"_oembed_8517a877084ae01a5296813ee1d16a2b":null,"_oembed_2741f1556b243e68379198f98ba7f864":null,"_oembed_c3ffa24981451396c950ece2129da0f6":null,"_oembed_6f9091ebe2f3f5fcb5698ba6f4b41477":null,"_wp_old_slug":null,"_oembed_e4fb0f68ba12b85e9e231afe151ba12a":null,"_oembed_3c60e98bd703e617e67f5bbb3b97424d":null,"_oembed_bb060374498dcf40cb6068efe4be87e1":null,"_oembed_d0403e1e71c3a29020bd546b159480f1":null,"_oembed_b030ff17fbbbf8661c59c2ab8ff289eb":null,"_oembed_5cec699ba0631c6c0e4ba4f6af5f228e":null,"_oembed_b06a67f278b90cf4e8dd17cb12fe67b0":null,"_oembed_8e190e4fea2256f17420434651556236":null,"_oembed_b5ded119f1337916a0fc64d2ad85c95f":null,"_oembed_d9364a7a81be31c01415da2c50a48932":null,"_oembed_738cafa36d51a58e5ae3e458aa8f7584":null,"_oembed_ebcab5184b6b321b28efbcbec079859b":null,"_oembed_3dd9e35c2b7b268070e74da5b89cf937":null,"_oembed_e14b167b493e311a1c4e2aab38a463e8":null,"_oembed_dc8f7d108b38f3f0c2e0785b8bc46cae":null,"_oembed_55cf1c5142884afed312c2666bf27520":null,"_oembed_2292333bf03a956b4b61afafeff6bca0":null,"_oembed_82a986a6b900856fec23169de03a0038":null,"_oembed_4048ded025352b83569104210074165a":null,"_oembed_033b42b1af757abc39e4487233cee7f5":null,"_oembed_aec1d50f2b159366be8e37e94b201be1":null,"_oembed_0adc8480b2fcadf9a1733f572ce3d3f8":null,"_yoast_wpseo_title":null,"_yoast_wpseo_focuskw":null,"_yoast_wpseo_linkdex":null,"_yoast_wpseo_metadesc":null,"_yoast_wpseo_wordproof_timestamp":"","_tpl_archive_meta_key":null,"_form":null,"_mail":null,"_mail_2":null,"_messages":null,"_additional_settings":null,"_locale":null,"_wp_old_date":null,"_edit_last":"5","_wpb_vc_js_status":"false","_yoast_wpseo_estimated-reading-time-minutes":"4","_edit_lock":"1691170106:5","_yoast_wpseo_content_score":"60","yoast_head":"<!-- This site is optimized with the Yoast SEO plugin v24.3 - https:\/\/yoast.com\/wordpress\/plugins\/seo\/ -->\n<title>L&#039;isolation en li\u00e8ge en panneaux : une solution \u00e9cologique pour la ville de Clermont-Ferrand - La Maison naturelle | Blog<\/title>\n<meta name=\"robots\" content=\"index, follow, max-snippet:-1, max-image-preview:large, max-video-preview:-1\" \/>\n<link rel=\"canonical\" href=\"https:\/\/www.la-maison-naturelle.com\/blog\/vente-de-liege-en-panneaux-destockage-sur-clermont-ferrand-63\/\" \/>\n<meta property=\"og:locale\" content=\"fr_FR\" \/>\n<meta property=\"og:type\" content=\"article\" \/>\n<meta property=\"og:title\" content=\"L&#039;isolation en li\u00e8ge en panneaux : une solution \u00e9cologique pour la ville de Clermont-Ferrand - La Maison naturelle | Blog\" \/>\n<meta property=\"og:url\" content=\"https:\/\/www.la-maison-naturelle.com\/blog\/vente-de-liege-en-panneaux-destockage-sur-clermont-ferrand-63\/\" \/>\n<meta property=\"og:site_name\" content=\"La Maison naturelle | Blog\" \/>\n<meta property=\"article:published_time\" content=\"2011-05-24T10:10:39+00:00\" \/>\n<meta property=\"article:modified_time\" content=\"2023-08-04T17:30:17+00:00\" \/>\n<meta property=\"og:image\" content=\"https:\/\/www.la-maison-naturelle.com\/blog\/wp-content\/uploads\/2018\/05\/csm_STEICOflex_036_several_boards_reduced_Acermi_c07281d037.png\" \/>\n\t<meta property=\"og:image:width\" content=\"1320\" \/>\n\t<meta property=\"og:image:height\" content=\"743\" \/>\n\t<meta property=\"og:image:type\" content=\"image\/png\" \/>\n<meta name=\"author\" content=\"Eloise\" \/>\n<meta name=\"twitter:card\" content=\"summary_large_image\" \/>\n<meta name=\"twitter:label1\" content=\"\u00c9crit par\" \/>\n\t<meta name=\"twitter:data1\" content=\"Eloise\" \/>\n\t<meta name=\"twitter:label2\" content=\"Dur\u00e9e de lecture estim\u00e9e\" \/>\n\t<meta name=\"twitter:data2\" content=\"4 minutes\" \/>\n<script type=\"application\/ld+json\" class=\"yoast-schema-graph\">{\"@context\":\"https:\/\/schema.org\",\"@graph\":[{\"@type\":\"Article\",\"@id\":\"https:\/\/www.la-maison-naturelle.com\/blog\/vente-de-liege-en-panneaux-destockage-sur-clermont-ferrand-63\/#article\",\"isPartOf\":{\"@id\":\"https:\/\/www.la-maison-naturelle.com\/blog\/vente-de-liege-en-panneaux-destockage-sur-clermont-ferrand-63\/\"},\"author\":{\"name\":\"Eloise\",\"@id\":\"https:\/\/www.la-maison-naturelle.com\/blog\/#\/schema\/person\/cad2a9ed80410189f0688441d546d43f\"},\"headline\":\"L&rsquo;isolation en li\u00e8ge en panneaux : une solution \u00e9cologique pour la ville de Clermont-Ferrand\",\"datePublished\":\"2011-05-24T10:10:39+00:00\",\"dateModified\":\"2023-08-04T17:30:17+00:00\",\"mainEntityOfPage\":{\"@id\":\"https:\/\/www.la-maison-naturelle.com\/blog\/vente-de-liege-en-panneaux-destockage-sur-clermont-ferrand-63\/\"},\"wordCount\":14,\"commentCount\":0,\"publisher\":{\"@id\":\"https:\/\/www.la-maison-naturelle.com\/blog\/#organization\"},\"image\":{\"@id\":\"https:\/\/www.la-maison-naturelle.com\/blog\/vente-de-liege-en-panneaux-destockage-sur-clermont-ferrand-63\/#primaryimage\"},\"thumbnailUrl\":\"https:\/\/www.la-maison-naturelle.com\/blog\/wp-content\/uploads\/2018\/05\/csm_STEICOflex_036_several_boards_reduced_Acermi_c07281d037.png\",\"articleSection\":[\"Espace pro\"],\"inLanguage\":\"fr-FR\",\"potentialAction\":[{\"@type\":\"CommentAction\",\"name\":\"Comment\",\"target\":[\"https:\/\/www.la-maison-naturelle.com\/blog\/vente-de-liege-en-panneaux-destockage-sur-clermont-ferrand-63\/#respond\"]}]},{\"@type\":\"WebPage\",\"@id\":\"https:\/\/www.la-maison-naturelle.com\/blog\/vente-de-liege-en-panneaux-destockage-sur-clermont-ferrand-63\/\",\"url\":\"https:\/\/www.la-maison-naturelle.com\/blog\/vente-de-liege-en-panneaux-destockage-sur-clermont-ferrand-63\/\",\"name\":\"L'isolation en li\u00e8ge en panneaux : une solution \u00e9cologique pour la ville de Clermont-Ferrand - La Maison naturelle | Blog\",\"isPartOf\":{\"@id\":\"https:\/\/www.la-maison-naturelle.com\/blog\/#website\"},\"primaryImageOfPage\":{\"@id\":\"https:\/\/www.la-maison-naturelle.com\/blog\/vente-de-liege-en-panneaux-destockage-sur-clermont-ferrand-63\/#primaryimage\"},\"image\":{\"@id\":\"https:\/\/www.la-maison-naturelle.com\/blog\/vente-de-liege-en-panneaux-destockage-sur-clermont-ferrand-63\/#primaryimage\"},\"thumbnailUrl\":\"https:\/\/www.la-maison-naturelle.com\/blog\/wp-content\/uploads\/2018\/05\/csm_STEICOflex_036_several_boards_reduced_Acermi_c07281d037.png\",\"datePublished\":\"2011-05-24T10:10:39+00:00\",\"dateModified\":\"2023-08-04T17:30:17+00:00\",\"breadcrumb\":{\"@id\":\"https:\/\/www.la-maison-naturelle.com\/blog\/vente-de-liege-en-panneaux-destockage-sur-clermont-ferrand-63\/#breadcrumb\"},\"inLanguage\":\"fr-FR\",\"potentialAction\":[{\"@type\":\"ReadAction\",\"target\":[\"https:\/\/www.la-maison-naturelle.com\/blog\/vente-de-liege-en-panneaux-destockage-sur-clermont-ferrand-63\/\"]}]},{\"@type\":\"ImageObject\",\"inLanguage\":\"fr-FR\",\"@id\":\"https:\/\/www.la-maison-naturelle.com\/blog\/vente-de-liege-en-panneaux-destockage-sur-clermont-ferrand-63\/#primaryimage\",\"url\":\"https:\/\/www.la-maison-naturelle.com\/blog\/wp-content\/uploads\/2018\/05\/csm_STEICOflex_036_several_boards_reduced_Acermi_c07281d037.png\",\"contentUrl\":\"https:\/\/www.la-maison-naturelle.com\/blog\/wp-content\/uploads\/2018\/05\/csm_STEICOflex_036_several_boards_reduced_Acermi_c07281d037.png\",\"width\":1320,\"height\":743},{\"@type\":\"BreadcrumbList\",\"@id\":\"https:\/\/www.la-maison-naturelle.com\/blog\/vente-de-liege-en-panneaux-destockage-sur-clermont-ferrand-63\/#breadcrumb\",\"itemListElement\":[{\"@type\":\"ListItem\",\"position\":1,\"name\":\"Accueil\",\"item\":\"https:\/\/www.la-maison-naturelle.com\/blog\/\"},{\"@type\":\"ListItem\",\"position\":2,\"name\":\"L&rsquo;isolation en li\u00e8ge en panneaux : une solution \u00e9cologique pour la ville de Clermont-Ferrand\"}]},{\"@type\":\"WebSite\",\"@id\":\"https:\/\/www.la-maison-naturelle.com\/blog\/#website\",\"url\":\"https:\/\/www.la-maison-naturelle.com\/blog\/\",\"name\":\"La Maison naturelle | Blog\",\"description\":\"Blog de la Maison naturelle\",\"publisher\":{\"@id\":\"https:\/\/www.la-maison-naturelle.com\/blog\/#organization\"},\"potentialAction\":[{\"@type\":\"SearchAction\",\"target\":{\"@type\":\"EntryPoint\",\"urlTemplate\":\"https:\/\/www.la-maison-naturelle.com\/blog\/?s={search_term_string}\"},\"query-input\":{\"@type\":\"PropertyValueSpecification\",\"valueRequired\":true,\"valueName\":\"search_term_string\"}}],\"inLanguage\":\"fr-FR\"},{\"@type\":\"Organization\",\"@id\":\"https:\/\/www.la-maison-naturelle.com\/blog\/#organization\",\"name\":\"La Maison naturelle | Blog\",\"url\":\"https:\/\/www.la-maison-naturelle.com\/blog\/\",\"logo\":{\"@type\":\"ImageObject\",\"inLanguage\":\"fr-FR\",\"@id\":\"https:\/\/www.la-maison-naturelle.com\/blog\/#\/schema\/logo\/image\/\",\"url\":\"https:\/\/www.la-maison-naturelle.com\/blog\/wp-content\/uploads\/2021\/07\/maison-naturelle-logo.svg\",\"contentUrl\":\"https:\/\/www.la-maison-naturelle.com\/blog\/wp-content\/uploads\/2021\/07\/maison-naturelle-logo.svg\",\"width\":156,\"height\":64,\"caption\":\"La Maison naturelle | Blog\"},\"image\":{\"@id\":\"https:\/\/www.la-maison-naturelle.com\/blog\/#\/schema\/logo\/image\/\"}},{\"@type\":\"Person\",\"@id\":\"https:\/\/www.la-maison-naturelle.com\/blog\/#\/schema\/person\/cad2a9ed80410189f0688441d546d43f\",\"name\":\"Eloise\",\"image\":{\"@type\":\"ImageObject\",\"inLanguage\":\"fr-FR\",\"@id\":\"https:\/\/www.la-maison-naturelle.com\/blog\/#\/schema\/person\/image\/\",\"url\":\"https:\/\/secure.gravatar.com\/avatar\/344186806f5e8613d4a2109f3b0228a847a7c0858a8023778c44bdcfc1111df9?s=96&d=mm&r=g\",\"contentUrl\":\"https:\/\/secure.gravatar.com\/avatar\/344186806f5e8613d4a2109f3b0228a847a7c0858a8023778c44bdcfc1111df9?s=96&d=mm&r=g\",\"caption\":\"Eloise\"},\"sameAs\":[\"https:\/\/www.la-maison-naturelle.com\/\"],\"url\":\"https:\/\/www.la-maison-naturelle.com\/blog\/author\/idries\/\"}]}<\/script>\n<!-- \/ Yoast SEO plugin. -->","yoast_head_json":{"title":"L'isolation en li\u00e8ge en panneaux : une solution \u00e9cologique pour la ville de Clermont-Ferrand - La Maison naturelle | Blog","robots":{"index":"index","follow":"follow","max-snippet":"max-snippet:-1","max-image-preview":"max-image-preview:large","max-video-preview":"max-video-preview:-1"},"canonical":"https:\/\/www.la-maison-naturelle.com\/blog\/vente-de-liege-en-panneaux-destockage-sur-clermont-ferrand-63\/","og_locale":"fr_FR","og_type":"article","og_title":"L'isolation en li\u00e8ge en panneaux : une solution \u00e9cologique pour la ville de Clermont-Ferrand - La Maison naturelle | Blog","og_url":"https:\/\/www.la-maison-naturelle.com\/blog\/vente-de-liege-en-panneaux-destockage-sur-clermont-ferrand-63\/","og_site_name":"La Maison naturelle | Blog","article_published_time":"2011-05-24T10:10:39+00:00","article_modified_time":"2023-08-04T17:30:17+00:00","og_image":[{"width":1320,"height":743,"url":"https:\/\/www.la-maison-naturelle.com\/blog\/wp-content\/uploads\/2018\/05\/csm_STEICOflex_036_several_boards_reduced_Acermi_c07281d037.png","type":"image\/png"}],"author":"Eloise","twitter_card":"summary_large_image","twitter_misc":{"\u00c9crit par":"Eloise","Dur\u00e9e de lecture estim\u00e9e":"4 minutes"},"schema":{"@context":"https:\/\/schema.org","@graph":[{"@type":"Article","@id":"https:\/\/www.la-maison-naturelle.com\/blog\/vente-de-liege-en-panneaux-destockage-sur-clermont-ferrand-63\/#article","isPartOf":{"@id":"https:\/\/www.la-maison-naturelle.com\/blog\/vente-de-liege-en-panneaux-destockage-sur-clermont-ferrand-63\/"},"author":{"name":"Eloise","@id":"https:\/\/www.la-maison-naturelle.com\/blog\/#\/schema\/person\/cad2a9ed80410189f0688441d546d43f"},"headline":"L&rsquo;isolation en li\u00e8ge en panneaux : une solution \u00e9cologique pour la ville de Clermont-Ferrand","datePublished":"2011-05-24T10:10:39+00:00","dateModified":"2023-08-04T17:30:17+00:00","mainEntityOfPage":{"@id":"https:\/\/www.la-maison-naturelle.com\/blog\/vente-de-liege-en-panneaux-destockage-sur-clermont-ferrand-63\/"},"wordCount":14,"commentCount":0,"publisher":{"@id":"https:\/\/www.la-maison-naturelle.com\/blog\/#organization"},"image":{"@id":"https:\/\/www.la-maison-naturelle.com\/blog\/vente-de-liege-en-panneaux-destockage-sur-clermont-ferrand-63\/#primaryimage"},"thumbnailUrl":"https:\/\/www.la-maison-naturelle.com\/blog\/wp-content\/uploads\/2018\/05\/csm_STEICOflex_036_several_boards_reduced_Acermi_c07281d037.png","articleSection":["Espace pro"],"inLanguage":"fr-FR","potentialAction":[{"@type":"CommentAction","name":"Comment","target":["https:\/\/www.la-maison-naturelle.com\/blog\/vente-de-liege-en-panneaux-destockage-sur-clermont-ferrand-63\/#respond"]}]},{"@type":"WebPage","@id":"https:\/\/www.la-maison-naturelle.com\/blog\/vente-de-liege-en-panneaux-destockage-sur-clermont-ferrand-63\/","url":"https:\/\/www.la-maison-naturelle.com\/blog\/vente-de-liege-en-panneaux-destockage-sur-clermont-ferrand-63\/","name":"L'isolation en li\u00e8ge en panneaux : une solution \u00e9cologique pour la ville de Clermont-Ferrand - La Maison naturelle | Blog","isPartOf":{"@id":"https:\/\/www.la-maison-naturelle.com\/blog\/#website"},"primaryImageOfPage":{"@id":"https:\/\/www.la-maison-naturelle.com\/blog\/vente-de-liege-en-panneaux-destockage-sur-clermont-ferrand-63\/#primaryimage"},"image":{"@id":"https:\/\/www.la-maison-naturelle.com\/blog\/vente-de-liege-en-panneaux-destockage-sur-clermont-ferrand-63\/#primaryimage"},"thumbnailUrl":"https:\/\/www.la-maison-naturelle.com\/blog\/wp-content\/uploads\/2018\/05\/csm_STEICOflex_036_several_boards_reduced_Acermi_c07281d037.png","datePublished":"2011-05-24T10:10:39+00:00","dateModified":"2023-08-04T17:30:17+00:00","breadcrumb":{"@id":"https:\/\/www.la-maison-naturelle.com\/blog\/vente-de-liege-en-panneaux-destockage-sur-clermont-ferrand-63\/#breadcrumb"},"inLanguage":"fr-FR","potentialAction":[{"@type":"ReadAction","target":["https:\/\/www.la-maison-naturelle.com\/blog\/vente-de-liege-en-panneaux-destockage-sur-clermont-ferrand-63\/"]}]},{"@type":"ImageObject","inLanguage":"fr-FR","@id":"https:\/\/www.la-maison-naturelle.com\/blog\/vente-de-liege-en-panneaux-destockage-sur-clermont-ferrand-63\/#primaryimage","url":"https:\/\/www.la-maison-naturelle.com\/blog\/wp-content\/uploads\/2018\/05\/csm_STEICOflex_036_several_boards_reduced_Acermi_c07281d037.png","contentUrl":"https:\/\/www.la-maison-naturelle.com\/blog\/wp-content\/uploads\/2018\/05\/csm_STEICOflex_036_several_boards_reduced_Acermi_c07281d037.png","width":1320,"height":743},{"@type":"BreadcrumbList","@id":"https:\/\/www.la-maison-naturelle.com\/blog\/vente-de-liege-en-panneaux-destockage-sur-clermont-ferrand-63\/#breadcrumb","itemListElement":[{"@type":"ListItem","position":1,"name":"Accueil","item":"https:\/\/www.la-maison-naturelle.com\/blog\/"},{"@type":"ListItem","position":2,"name":"L&rsquo;isolation en li\u00e8ge en panneaux : une solution \u00e9cologique pour la ville de Clermont-Ferrand"}]},{"@type":"WebSite","@id":"https:\/\/www.la-maison-naturelle.com\/blog\/#website","url":"https:\/\/www.la-maison-naturelle.com\/blog\/","name":"La Maison naturelle | Blog","description":"Blog de la Maison naturelle","publisher":{"@id":"https:\/\/www.la-maison-naturelle.com\/blog\/#organization"},"potentialAction":[{"@type":"SearchAction","target":{"@type":"EntryPoint","urlTemplate":"https:\/\/www.la-maison-naturelle.com\/blog\/?s={search_term_string}"},"query-input":{"@type":"PropertyValueSpecification","valueRequired":true,"valueName":"search_term_string"}}],"inLanguage":"fr-FR"},{"@type":"Organization","@id":"https:\/\/www.la-maison-naturelle.com\/blog\/#organization","name":"La Maison naturelle | Blog","url":"https:\/\/www.la-maison-naturelle.com\/blog\/","logo":{"@type":"ImageObject","inLanguage":"fr-FR","@id":"https:\/\/www.la-maison-naturelle.com\/blog\/#\/schema\/logo\/image\/","url":"https:\/\/www.la-maison-naturelle.com\/blog\/wp-content\/uploads\/2021\/07\/maison-naturelle-logo.svg","contentUrl":"https:\/\/www.la-maison-naturelle.com\/blog\/wp-content\/uploads\/2021\/07\/maison-naturelle-logo.svg","width":156,"height":64,"caption":"La Maison naturelle | Blog"},"image":{"@id":"https:\/\/www.la-maison-naturelle.com\/blog\/#\/schema\/logo\/image\/"}},{"@type":"Person","@id":"https:\/\/www.la-maison-naturelle.com\/blog\/#\/schema\/person\/cad2a9ed80410189f0688441d546d43f","name":"Eloise","image":{"@type":"ImageObject","inLanguage":"fr-FR","@id":"https:\/\/www.la-maison-naturelle.com\/blog\/#\/schema\/person\/image\/","url":"https:\/\/secure.gravatar.com\/avatar\/344186806f5e8613d4a2109f3b0228a847a7c0858a8023778c44bdcfc1111df9?s=96&d=mm&r=g","contentUrl":"https:\/\/secure.gravatar.com\/avatar\/344186806f5e8613d4a2109f3b0228a847a7c0858a8023778c44bdcfc1111df9?s=96&d=mm&r=g","caption":"Eloise"},"sameAs":["https:\/\/www.la-maison-naturelle.com\/"],"url":"https:\/\/www.la-maison-naturelle.com\/blog\/author\/idries\/"}]}},"_links":{"self":[{"href":"https:\/\/www.la-maison-naturelle.com\/blog\/wp-json\/wp\/v2\/posts\/1847","targetHints":{"allow":["GET"]}}],"collection":[{"href":"https:\/\/www.la-maison-naturelle.com\/blog\/wp-json\/wp\/v2\/posts"}],"about":[{"href":"https:\/\/www.la-maison-naturelle.com\/blog\/wp-json\/wp\/v2\/types\/post"}],"author":[{"embeddable":true,"href":"https:\/\/www.la-maison-naturelle.com\/blog\/wp-json\/wp\/v2\/users\/5"}],"replies":[{"embeddable":true,"href":"https:\/\/www.la-maison-naturelle.com\/blog\/wp-json\/wp\/v2\/comments?post=1847"}],"version-history":[{"count":5,"href":"https:\/\/www.la-maison-naturelle.com\/blog\/wp-json\/wp\/v2\/posts\/1847\/revisions"}],"predecessor-version":[{"id":5856,"href":"https:\/\/www.la-maison-naturelle.com\/blog\/wp-json\/wp\/v2\/posts\/1847\/revisions\/5856"}],"wp:featuredmedia":[{"embeddable":true,"href":"https:\/\/www.la-maison-naturelle.com\/blog\/wp-json\/wp\/v2\/media\/3995"}],"wp:attachment":[{"href":"https:\/\/www.la-maison-naturelle.com\/blog\/wp-json\/wp\/v2\/media?parent=1847"}],"wp:term":[{"taxonomy":"category","embeddable":true,"href":"https:\/\/www.la-maison-naturelle.com\/blog\/wp-json\/wp\/v2\/categories?post=1847"},{"taxonomy":"post_tag","embeddable":true,"href":"https:\/\/www.la-maison-naturelle.com\/blog\/wp-json\/wp\/v2\/tags?post=1847"}],"curies":[{"name":"wp","href":"https:\/\/api.w.org\/{rel}","templated":true}]}}