{"id":1833,"date":"2011-05-24T12:06:44","date_gmt":"2011-05-24T10:06:44","guid":{"rendered":"https:\/\/www.la-maison-naturelle.com\/blog\/?p=1833"},"modified":"2023-08-04T18:49:24","modified_gmt":"2023-08-04T16:49:24","slug":"fibre-bois-pose-d-une-isolation-thermique-de-murs-exterieurs-dite-ite","status":"publish","type":"post","link":"https:\/\/www.la-maison-naturelle.com\/blog\/fibre-bois-pose-d-une-isolation-thermique-de-murs-exterieurs-dite-ite\/","title":{"rendered":"Fibre bois pose: d&rsquo;une Isolation Thermique de murs Ext\u00e9rieurs dite \u00ab\u00a0ITE\u00a0\u00bb"},"content":{"rendered":"<table style=\" width=\"100%\",max-width=\"839\">\n<tbody>\n<tr>\n<td colspan=\"3\"><a href=\"https:\/\/www.la-maison-naturelle.com\/\"><img decoding=\"async\" class=\"wp-image-5568 aligncenter\" src=\"https:\/\/www.la-maison-naturelle.com\/blog\/wp-content\/uploads\/2012\/05\/Dark-Green-and-Gray-Professional-and-Clean-E-Commerce-Email-Header-300x35.png\" alt=\"\" width=\"839\" srcset=\"https:\/\/www.la-maison-naturelle.com\/blog\/wp-content\/uploads\/2012\/05\/Dark-Green-and-Gray-Professional-and-Clean-E-Commerce-Email-Header-300x35.png 300w, https:\/\/www.la-maison-naturelle.com\/blog\/wp-content\/uploads\/2012\/05\/Dark-Green-and-Gray-Professional-and-Clean-E-Commerce-Email-Header-1024x119.png 1024w, https:\/\/www.la-maison-naturelle.com\/blog\/wp-content\/uploads\/2012\/05\/Dark-Green-and-Gray-Professional-and-Clean-E-Commerce-Email-Header-768x89.png 768w, https:\/\/www.la-maison-naturelle.com\/blog\/wp-content\/uploads\/2012\/05\/Dark-Green-and-Gray-Professional-and-Clean-E-Commerce-Email-Header-1536x178.png 1536w, https:\/\/www.la-maison-naturelle.com\/blog\/wp-content\/uploads\/2012\/05\/Dark-Green-and-Gray-Professional-and-Clean-E-Commerce-Email-Header.png 1578w\" sizes=\"(max-width: 300px) 100vw, 300px\" \/><\/a><\/td>\n<\/tr>\n<tr>\n<td><a href=\"https:\/\/www.la-maison-naturelle.com\/5260-materiaux-et-bricolage\"><img loading=\"lazy\" decoding=\"async\" class=\"alignright size-medium wp-image-5565\" src=\"https:\/\/www.la-maison-naturelle.com\/blog\/wp-content\/uploads\/2012\/05\/73a5f09c-2ef6-46dd-90d1-9cf73599e16b-1-249x300.png\" alt=\"Mat\u00e9riaux et bricolage\" width=\"249\" height=\"300\" srcset=\"https:\/\/www.la-maison-naturelle.com\/blog\/wp-content\/uploads\/2012\/05\/73a5f09c-2ef6-46dd-90d1-9cf73599e16b-1-249x300.png 249w, https:\/\/www.la-maison-naturelle.com\/blog\/wp-content\/uploads\/2012\/05\/73a5f09c-2ef6-46dd-90d1-9cf73599e16b-1.png 397w\" sizes=\"auto, (max-width: 249px) 100vw, 249px\" \/><\/a><\/td>\n<td><a href=\"https:\/\/www.la-maison-naturelle.com\/5266-amenagement-du-jardin\"><img loading=\"lazy\" decoding=\"async\" class=\"alignright size-medium wp-image-5564\" src=\"https:\/\/www.la-maison-naturelle.com\/blog\/wp-content\/uploads\/2012\/05\/9224811f-6da5-4d4d-8634-e9a2517a9565-1-249x300.png\" alt=\"Jardin et ext\u00e9rieur\" width=\"249\" height=\"300\" srcset=\"https:\/\/www.la-maison-naturelle.com\/blog\/wp-content\/uploads\/2012\/05\/9224811f-6da5-4d4d-8634-e9a2517a9565-1-249x300.png 249w, https:\/\/www.la-maison-naturelle.com\/blog\/wp-content\/uploads\/2012\/05\/9224811f-6da5-4d4d-8634-e9a2517a9565-1.png 397w\" sizes=\"auto, (max-width: 249px) 100vw, 249px\" \/><\/a><\/td>\n<td><a href=\"https:\/\/www.la-maison-naturelle.com\/5267-interieur-et-decoration\"><img loading=\"lazy\" decoding=\"async\" class=\"alignright size-medium wp-image-5563\" src=\"https:\/\/www.la-maison-naturelle.com\/blog\/wp-content\/uploads\/2012\/05\/b9400ea8-440a-4a4a-8db6-682fde3f9652-1-249x300.png\" alt=\"Int\u00e9rieur et d\u00e9coration\" width=\"249\" height=\"300\" srcset=\"https:\/\/www.la-maison-naturelle.com\/blog\/wp-content\/uploads\/2012\/05\/b9400ea8-440a-4a4a-8db6-682fde3f9652-1-249x300.png 249w, https:\/\/www.la-maison-naturelle.com\/blog\/wp-content\/uploads\/2012\/05\/b9400ea8-440a-4a4a-8db6-682fde3f9652-1.png 397w\" sizes=\"auto, (max-width: 249px) 100vw, 249px\" \/><\/a><\/td>\n<\/tr>\n<\/tbody>\n<\/table>\n<h2>Pourquoi opter pour une ITE en fibre bois ?<\/h2>\n<p>L&rsquo;isolation thermique des murs ext\u00e9rieurs, ou ITE, est une solution efficace pour am\u00e9liorer la performance \u00e9nerg\u00e9tique de votre maison et r\u00e9duire votre facture de chauffage. Elle consiste \u00e0 poser un isolant sur la fa\u00e7ade ext\u00e9rieure de votre maison, en laissant un vide d&rsquo;air entre l&rsquo;isolant et le mur.<\/p>\n<p>Le choix des mat\u00e9riaux pour l&rsquo;ITE est crucial, car ils ont un impact sur l&rsquo;efficacit\u00e9 de l&rsquo;isolation et sur l&rsquo;environnement. Les fibres de bois sont une option de plus en plus populaire pour l&rsquo;ITE, car elles pr\u00e9sentent de nombreux avantages :<\/p>\n<ul>\n<li>Elles sont naturelles et \u00e9cologiques, car elles sont fabriqu\u00e9es \u00e0 partir de bois issu de for\u00eats g\u00e9r\u00e9es de mani\u00e8re durable.<\/li>\n<li>Elles ont un excellent pouvoir isolant, gr\u00e2ce \u00e0 leur structure cellulaire creuse qui pi\u00e8ge l&rsquo;air. Elles sont \u00e9galement tr\u00e8s l\u00e9g\u00e8res et faciles \u00e0 manipuler.<\/li>\n<li>Elles sont durables dans le temps et ne n\u00e9cessitent pas d&rsquo;entretien particulier.<\/li>\n<li>Elles sont \u00e9conomiques, car elles permettent de r\u00e9aliser des \u00e9conomies sur la facture de chauffage.<\/li>\n<\/ul>\n<p>En optant pour une ITE en fibre bois, vous faites le choix de prot\u00e9ger votre sant\u00e9 et celle de votre famille, en limitant l&rsquo;exposition aux mat\u00e9riaux synth\u00e9tiques et aux produits chimiques utilis\u00e9s dans la fabrication de certains isolants. Vous contribuez \u00e9galement \u00e0 la pr\u00e9servation de l&rsquo;environnement en utilisant des mat\u00e9riaux naturels et durables.<\/p>\n<h2>Comment poser une ITE en fibre bois ?<\/h2>\n<p>La pose d&rsquo;une ITE en fibre bois n\u00e9cessite des comp\u00e9tences en bricolage et en ma\u00e7onnerie, mais elle peut \u00eatre r\u00e9alis\u00e9e par un bricoleur averti. Voici les \u00e9tapes \u00e0 suivre pour poser une ITE en fibre bois :<\/p>\n<h3>Etape 1 : Pr\u00e9parer les murs<\/h3>\n<p>Avant de commencer la pose de l&rsquo;ITE, il est important de pr\u00e9parer les murs en les nettoyant et en r\u00e9parant toutes les fissures et les imperfections. Vous devez \u00e9galement v\u00e9rifier l&rsquo;\u00e9tat de l&rsquo;enduit de votre maison et le refaire si n\u00e9cessaire.<\/p>\n<h3>Etape 2 : Installer les supports d&rsquo;ITE<\/h3>\n<p>Pour fixer l&rsquo;ITE, vous devez installer des supports sur les murs. Il existe plusieurs types de supports pour l&rsquo;ITE en fibre bois, tels que des tasseaux de bois, des profil\u00e9s m\u00e9talliques ou des rails en plastique.<\/p>\n<p>Il est important de bien espacer les supports pour permettre \u00e0 l&rsquo;air de circuler entre l&rsquo;isolant et le mur, ce qui contribue \u00e0 l&rsquo;efficacit\u00e9 de l&rsquo;isolation. Suivez les instructions du fabricant pour savoir quelle distance il faut laisser entre les supports.<\/p>\n<h3>Etape 3 : Poser l&rsquo;isolant<\/h3>\n<p>Une fois les supports install\u00e9s, vous pouvez poser l&rsquo;isolant en fibre bois. Commencez par couper les panneaux d&rsquo;isolant \u00e0 la bonne taille et \u00e0 les fixer sur les supports \u00e0 l&rsquo;aide de vis ou de colles sp\u00e9ciales.<\/p>\n<p>Veillez \u00e0 bien ajuster les panneaux et \u00e0 les mettre en place de mani\u00e8re bien serr\u00e9e pour \u00e9viter tout vide d&rsquo;air. Si vous utilisez des panneaux \u00e0 embo\u00eetement, n&rsquo;oubliez pas de couper les angles pour qu&rsquo;ils s&#8217;embo\u00eetent correctement.<\/p>\n<h3>Etape 4 : Recouvrir l&rsquo;ITE<\/h3>\n<p>Pour finir, il est recommand\u00e9 de recouvrir l&rsquo;ITE en fibre bois avec un parement de finition, comme de la brique, de la pierre ou du bois. Cela permet de prot\u00e9ger l&rsquo;isolant des intemp\u00e9ries et de donner un aspect esth\u00e9tique \u00e0 votre maison.<\/p>\n<p>Il est important de choisir un parement adapt\u00e9 aux conditions climatiques de votre r\u00e9gion et \u00e0 l&rsquo;exposition de votre maison. N&rsquo;h\u00e9sitez pas \u00e0 demander conseil \u00e0 un professionnel ou \u00e0 un vendeur sp\u00e9cialis\u00e9 pour trouver le parement qui convient le mieux \u00e0 votre maison.<\/p>\n<h2>O\u00f9 acheter les mat\u00e9riaux pour une ITE en fibre bois ?<\/h2>\n<p>Pour acheter les mat\u00e9riaux n\u00e9cessaires \u00e0 la pose d&rsquo;une ITE en fibre bois, vous pouvez vous rendre dans un magasin de bricolage ou sur un site de vente en ligne sp\u00e9cialis\u00e9.<\/p>\n<p>Nous vous recommandons de commander vos mat\u00e9riaux sur <strong>www.<a href=\"https:\/\/www.la-maison-naturelle.com\/\" data-internallinksmanager029f6b8e52c=\"38\" title=\"la maison naturelle\">la-maison-naturelle.com<\/a><\/strong>, un site de vente en ligne proposant une large gamme de produits \u00e9cologiques pour l&rsquo;am\u00e9nagement et la d\u00e9coration de votre maison.<\/p>\n<p>Vous y trouverez des isolants en fibre bois de qualit\u00e9, ainsi que tous les accessoires n\u00e9cessaires pour la pose de l&rsquo;ITE, comme des supports, des vis ou des colles sp\u00e9ciales.<\/p>\n<hr \/>\n<p>l&rsquo;isolant en fibre bois par panneaux enduits ou avec bardage bois pour l&rsquo;Isolation Thermique Ext\u00e9rieure (ITE)<\/p>\n<h3>La fibre bois isolante avec panneaux enduits :<\/h3>\n<p>ITE : On d\u00e9fini ainsi cette technique de pose : Isolation des murs ext\u00e9rieur \u00e0 l&rsquo;aide de panneaux de fibre bois enduits coll\u00e9s ou viss\u00e9s sur le mur qui sont ensuite recouverts d&rsquo;un enduit de finition.<\/p>\n<p>Attention cette technique de pose est r\u00e9serv\u00e9e aux professionnels exp\u00e9riment\u00e9s. La technique est strictement encadr\u00e9es par des Avis Techniques propres \u00e0 chaque marque de fabricants de fibre bois qui ont adapt\u00e9 leur produit fibre bois aux\u00a0 enduits de recouvrements sp\u00e9ciaux pour ITE qui sont eux aussi sous <a href=\"https:\/\/www.la-maison-naturelle.com\/blog\/avis-technique-du-cstb\/\" data-internallinksmanager029f6b8e52c=\"153\" title=\"C'est quoi un Avis technique du CSTB?\">Avis Technique<\/a>.<\/p>\n<h3>La fibre bois isolante avec bardage bois :<\/h3>\n<p>L&rsquo;\u00e9paisseur des panneaux en fibre de bois n&rsquo;\u00e9tant pas limit\u00e9e, les performances thermiques sont particuli\u00e8rement remarquables avec cette technique de montage \u00e0 sec qui r\u00e9clame toutefois une attention particuli\u00e8re et une technicit\u00e9 de pose parfaite dans le traitement des points de jonction.<\/p>\n<p>Les montants d&rsquo;ossature en bois sont fix\u00e9s au mur ext\u00e9rieur et les panneaux isolant en fibre de bois (au minimum 8 cm) sont positionn\u00e9s entre les montants g\u00e9n\u00e9ralement verticaux. Selon les risques d&rsquo;humidit\u00e9 de la paroi on recouvre les panneaux de fibre de bois d&rsquo;<a href=\"https:\/\/www.la-maison-naturelle.com\/3071-ecran-de-sous-toiture-pare-pluie\" data-internallinksmanager029f6b8e52c=\"2\" title=\"Pare-pluie\">un pare pluie<\/a> ou d&rsquo;un <a href=\"https:\/\/www.la-maison-naturelle.com\/3205-fibre-de-bois-rigide\" data-internallinksmanager029f6b8e52c=\"60\" title=\"panneau fibre de bois rigide\">panneau de fibre de bois rigide<\/a> hydrofuge et respirant.<\/p>\n<p>Puis une lame d&rsquo;air est am\u00e9nag\u00e9e \u00e0 l&rsquo;aide de tasseaux de 3,5 cm puis le bardage bois est fix\u00e9 sur les tasseaux en parement ext\u00e9rieur de finition.<\/p>\n","protected":false},"excerpt":{"rendered":"","protected":false},"author":5,"featured_media":3809,"comment_status":"open","ping_status":"open","sticky":false,"template":"","format":"standard","meta":{"footnotes":""},"categories":[6],"tags":[],"class_list":["post-1833","post","type-post","status-publish","format-standard","has-post-thumbnail","hentry","category-les-dossiers"],"_wp_attached_file":null,"_wp_attachment_metadata":null,"_wp_attachment_context":null,"_wp_attachment_image_alt":null,"_hf_settings":null,"hf_message_success":null,"hf_message_invalid_email":null,"hf_message_required_field_missing":null,"hf_message_error":null,"_menu_item_type":null,"_menu_item_menu_item_parent":null,"_menu_item_object_id":null,"_menu_item_object":null,"_menu_item_target":null,"_menu_item_classes":null,"_menu_item_xfn":null,"_menu_item_url":null,"_yoast_wpseo_primary_category":"6","_thumbnail_id":"3809","_oembed_26d84b2c06432105b0a19987ae029a71":null,"_oembed_43e9e2dfde1b9b4ed91c9711026b7ef9":null,"_oembed_1fe1564764edbddc3b61e81acf52be88":null,"_oembed_df60f474cd845141e7ce6596d101e4a0":null,"_oembed_825e674795e2435c0bc66eb08e5d2c8b":null,"_oembed_time_825e674795e2435c0bc66eb08e5d2c8b":null,"_oembed_e917352ff4cc21ea91383201eeaa08cf":null,"_oembed_2363c16c972791c33e283320dc564fce":null,"_oembed_cc9ad5b5073a84776f6a62e33e6c7498":null,"_oembed_time_cc9ad5b5073a84776f6a62e33e6c7498":null,"_oembed_305147fcf4b856de518466e695c209cd":null,"_oembed_8517a877084ae01a5296813ee1d16a2b":null,"_oembed_2741f1556b243e68379198f98ba7f864":null,"_oembed_c3ffa24981451396c950ece2129da0f6":null,"_oembed_6f9091ebe2f3f5fcb5698ba6f4b41477":null,"_wp_old_slug":null,"_oembed_e4fb0f68ba12b85e9e231afe151ba12a":null,"_oembed_3c60e98bd703e617e67f5bbb3b97424d":null,"_oembed_bb060374498dcf40cb6068efe4be87e1":null,"_oembed_d0403e1e71c3a29020bd546b159480f1":null,"_oembed_b030ff17fbbbf8661c59c2ab8ff289eb":null,"_oembed_5cec699ba0631c6c0e4ba4f6af5f228e":null,"_oembed_b06a67f278b90cf4e8dd17cb12fe67b0":null,"_oembed_8e190e4fea2256f17420434651556236":null,"_oembed_b5ded119f1337916a0fc64d2ad85c95f":null,"_oembed_d9364a7a81be31c01415da2c50a48932":null,"_oembed_738cafa36d51a58e5ae3e458aa8f7584":null,"_oembed_ebcab5184b6b321b28efbcbec079859b":null,"_oembed_3dd9e35c2b7b268070e74da5b89cf937":null,"_oembed_e14b167b493e311a1c4e2aab38a463e8":null,"_oembed_dc8f7d108b38f3f0c2e0785b8bc46cae":null,"_oembed_55cf1c5142884afed312c2666bf27520":null,"_oembed_2292333bf03a956b4b61afafeff6bca0":null,"_oembed_82a986a6b900856fec23169de03a0038":null,"_oembed_4048ded025352b83569104210074165a":null,"_oembed_033b42b1af757abc39e4487233cee7f5":null,"_oembed_aec1d50f2b159366be8e37e94b201be1":null,"_oembed_0adc8480b2fcadf9a1733f572ce3d3f8":null,"_yoast_wpseo_title":null,"_yoast_wpseo_focuskw":null,"_yoast_wpseo_linkdex":null,"_yoast_wpseo_metadesc":null,"_yoast_wpseo_wordproof_timestamp":"","_tpl_archive_meta_key":null,"_form":null,"_mail":null,"_mail_2":null,"_messages":null,"_additional_settings":null,"_locale":null,"_wp_old_date":null,"_edit_last":"5","_wpb_vc_js_status":"false","_yoast_wpseo_estimated-reading-time-minutes":"6","_edit_lock":"1691173806:5","_yoast_wpseo_content_score":"30","yoast_head":"<!-- This site is optimized with the Yoast SEO plugin v24.3 - https:\/\/yoast.com\/wordpress\/plugins\/seo\/ -->\n<title>Fibre bois pose: d&#039;une Isolation Thermique de murs Ext\u00e9rieurs dite &quot;ITE&quot; - La Maison naturelle | Blog<\/title>\n<meta name=\"robots\" content=\"index, follow, max-snippet:-1, max-image-preview:large, max-video-preview:-1\" \/>\n<link rel=\"canonical\" href=\"https:\/\/www.la-maison-naturelle.com\/blog\/fibre-bois-pose-d-une-isolation-thermique-de-murs-exterieurs-dite-ite\/\" \/>\n<meta property=\"og:locale\" content=\"fr_FR\" \/>\n<meta property=\"og:type\" content=\"article\" \/>\n<meta property=\"og:title\" content=\"Fibre bois pose: d&#039;une Isolation Thermique de murs Ext\u00e9rieurs dite &quot;ITE&quot; - La Maison naturelle | Blog\" \/>\n<meta property=\"og:url\" content=\"https:\/\/www.la-maison-naturelle.com\/blog\/fibre-bois-pose-d-une-isolation-thermique-de-murs-exterieurs-dite-ite\/\" \/>\n<meta property=\"og:site_name\" content=\"La Maison naturelle | Blog\" \/>\n<meta property=\"article:published_time\" content=\"2011-05-24T10:06:44+00:00\" \/>\n<meta property=\"article:modified_time\" content=\"2023-08-04T16:49:24+00:00\" \/>\n<meta property=\"og:image\" content=\"https:\/\/www.la-maison-naturelle.com\/blog\/wp-content\/uploads\/2022\/08\/360-360-pavatex-20pavatherm-20plus_5dd69e89d854c.png\" \/>\n\t<meta property=\"og:image:width\" content=\"538\" \/>\n\t<meta property=\"og:image:height\" content=\"360\" \/>\n\t<meta property=\"og:image:type\" content=\"image\/png\" \/>\n<meta name=\"author\" content=\"Eloise\" \/>\n<meta name=\"twitter:card\" content=\"summary_large_image\" \/>\n<meta name=\"twitter:label1\" content=\"\u00c9crit par\" \/>\n\t<meta name=\"twitter:data1\" content=\"Eloise\" \/>\n\t<meta name=\"twitter:label2\" content=\"Dur\u00e9e de lecture estim\u00e9e\" \/>\n\t<meta name=\"twitter:data2\" content=\"6 minutes\" \/>\n<script type=\"application\/ld+json\" class=\"yoast-schema-graph\">{\"@context\":\"https:\/\/schema.org\",\"@graph\":[{\"@type\":\"Article\",\"@id\":\"https:\/\/www.la-maison-naturelle.com\/blog\/fibre-bois-pose-d-une-isolation-thermique-de-murs-exterieurs-dite-ite\/#article\",\"isPartOf\":{\"@id\":\"https:\/\/www.la-maison-naturelle.com\/blog\/fibre-bois-pose-d-une-isolation-thermique-de-murs-exterieurs-dite-ite\/\"},\"author\":{\"name\":\"Eloise\",\"@id\":\"https:\/\/www.la-maison-naturelle.com\/blog\/#\/schema\/person\/cad2a9ed80410189f0688441d546d43f\"},\"headline\":\"Fibre bois pose: d&rsquo;une Isolation Thermique de murs Ext\u00e9rieurs dite \u00ab\u00a0ITE\u00a0\u00bb\",\"datePublished\":\"2011-05-24T10:06:44+00:00\",\"dateModified\":\"2023-08-04T16:49:24+00:00\",\"mainEntityOfPage\":{\"@id\":\"https:\/\/www.la-maison-naturelle.com\/blog\/fibre-bois-pose-d-une-isolation-thermique-de-murs-exterieurs-dite-ite\/\"},\"wordCount\":12,\"commentCount\":0,\"publisher\":{\"@id\":\"https:\/\/www.la-maison-naturelle.com\/blog\/#organization\"},\"image\":{\"@id\":\"https:\/\/www.la-maison-naturelle.com\/blog\/fibre-bois-pose-d-une-isolation-thermique-de-murs-exterieurs-dite-ite\/#primaryimage\"},\"thumbnailUrl\":\"https:\/\/www.la-maison-naturelle.com\/blog\/wp-content\/uploads\/2022\/08\/360-360-pavatex-20pavatherm-20plus_5dd69e89d854c.png\",\"articleSection\":[\"Les dossiers\"],\"inLanguage\":\"fr-FR\",\"potentialAction\":[{\"@type\":\"CommentAction\",\"name\":\"Comment\",\"target\":[\"https:\/\/www.la-maison-naturelle.com\/blog\/fibre-bois-pose-d-une-isolation-thermique-de-murs-exterieurs-dite-ite\/#respond\"]}]},{\"@type\":\"WebPage\",\"@id\":\"https:\/\/www.la-maison-naturelle.com\/blog\/fibre-bois-pose-d-une-isolation-thermique-de-murs-exterieurs-dite-ite\/\",\"url\":\"https:\/\/www.la-maison-naturelle.com\/blog\/fibre-bois-pose-d-une-isolation-thermique-de-murs-exterieurs-dite-ite\/\",\"name\":\"Fibre bois pose: d'une Isolation Thermique de murs Ext\u00e9rieurs dite \\\"ITE\\\" - La Maison naturelle | Blog\",\"isPartOf\":{\"@id\":\"https:\/\/www.la-maison-naturelle.com\/blog\/#website\"},\"primaryImageOfPage\":{\"@id\":\"https:\/\/www.la-maison-naturelle.com\/blog\/fibre-bois-pose-d-une-isolation-thermique-de-murs-exterieurs-dite-ite\/#primaryimage\"},\"image\":{\"@id\":\"https:\/\/www.la-maison-naturelle.com\/blog\/fibre-bois-pose-d-une-isolation-thermique-de-murs-exterieurs-dite-ite\/#primaryimage\"},\"thumbnailUrl\":\"https:\/\/www.la-maison-naturelle.com\/blog\/wp-content\/uploads\/2022\/08\/360-360-pavatex-20pavatherm-20plus_5dd69e89d854c.png\",\"datePublished\":\"2011-05-24T10:06:44+00:00\",\"dateModified\":\"2023-08-04T16:49:24+00:00\",\"breadcrumb\":{\"@id\":\"https:\/\/www.la-maison-naturelle.com\/blog\/fibre-bois-pose-d-une-isolation-thermique-de-murs-exterieurs-dite-ite\/#breadcrumb\"},\"inLanguage\":\"fr-FR\",\"potentialAction\":[{\"@type\":\"ReadAction\",\"target\":[\"https:\/\/www.la-maison-naturelle.com\/blog\/fibre-bois-pose-d-une-isolation-thermique-de-murs-exterieurs-dite-ite\/\"]}]},{\"@type\":\"ImageObject\",\"inLanguage\":\"fr-FR\",\"@id\":\"https:\/\/www.la-maison-naturelle.com\/blog\/fibre-bois-pose-d-une-isolation-thermique-de-murs-exterieurs-dite-ite\/#primaryimage\",\"url\":\"https:\/\/www.la-maison-naturelle.com\/blog\/wp-content\/uploads\/2022\/08\/360-360-pavatex-20pavatherm-20plus_5dd69e89d854c.png\",\"contentUrl\":\"https:\/\/www.la-maison-naturelle.com\/blog\/wp-content\/uploads\/2022\/08\/360-360-pavatex-20pavatherm-20plus_5dd69e89d854c.png\",\"width\":538,\"height\":360},{\"@type\":\"BreadcrumbList\",\"@id\":\"https:\/\/www.la-maison-naturelle.com\/blog\/fibre-bois-pose-d-une-isolation-thermique-de-murs-exterieurs-dite-ite\/#breadcrumb\",\"itemListElement\":[{\"@type\":\"ListItem\",\"position\":1,\"name\":\"Accueil\",\"item\":\"https:\/\/www.la-maison-naturelle.com\/blog\/\"},{\"@type\":\"ListItem\",\"position\":2,\"name\":\"Fibre bois pose: d&rsquo;une Isolation Thermique de murs Ext\u00e9rieurs dite \u00ab\u00a0ITE\u00a0\u00bb\"}]},{\"@type\":\"WebSite\",\"@id\":\"https:\/\/www.la-maison-naturelle.com\/blog\/#website\",\"url\":\"https:\/\/www.la-maison-naturelle.com\/blog\/\",\"name\":\"La Maison naturelle | Blog\",\"description\":\"Blog de la Maison naturelle\",\"publisher\":{\"@id\":\"https:\/\/www.la-maison-naturelle.com\/blog\/#organization\"},\"potentialAction\":[{\"@type\":\"SearchAction\",\"target\":{\"@type\":\"EntryPoint\",\"urlTemplate\":\"https:\/\/www.la-maison-naturelle.com\/blog\/?s={search_term_string}\"},\"query-input\":{\"@type\":\"PropertyValueSpecification\",\"valueRequired\":true,\"valueName\":\"search_term_string\"}}],\"inLanguage\":\"fr-FR\"},{\"@type\":\"Organization\",\"@id\":\"https:\/\/www.la-maison-naturelle.com\/blog\/#organization\",\"name\":\"La Maison naturelle | Blog\",\"url\":\"https:\/\/www.la-maison-naturelle.com\/blog\/\",\"logo\":{\"@type\":\"ImageObject\",\"inLanguage\":\"fr-FR\",\"@id\":\"https:\/\/www.la-maison-naturelle.com\/blog\/#\/schema\/logo\/image\/\",\"url\":\"https:\/\/www.la-maison-naturelle.com\/blog\/wp-content\/uploads\/2021\/07\/maison-naturelle-logo.svg\",\"contentUrl\":\"https:\/\/www.la-maison-naturelle.com\/blog\/wp-content\/uploads\/2021\/07\/maison-naturelle-logo.svg\",\"width\":156,\"height\":64,\"caption\":\"La Maison naturelle | Blog\"},\"image\":{\"@id\":\"https:\/\/www.la-maison-naturelle.com\/blog\/#\/schema\/logo\/image\/\"}},{\"@type\":\"Person\",\"@id\":\"https:\/\/www.la-maison-naturelle.com\/blog\/#\/schema\/person\/cad2a9ed80410189f0688441d546d43f\",\"name\":\"Eloise\",\"image\":{\"@type\":\"ImageObject\",\"inLanguage\":\"fr-FR\",\"@id\":\"https:\/\/www.la-maison-naturelle.com\/blog\/#\/schema\/person\/image\/\",\"url\":\"https:\/\/secure.gravatar.com\/avatar\/344186806f5e8613d4a2109f3b0228a847a7c0858a8023778c44bdcfc1111df9?s=96&d=mm&r=g\",\"contentUrl\":\"https:\/\/secure.gravatar.com\/avatar\/344186806f5e8613d4a2109f3b0228a847a7c0858a8023778c44bdcfc1111df9?s=96&d=mm&r=g\",\"caption\":\"Eloise\"},\"sameAs\":[\"https:\/\/www.la-maison-naturelle.com\/\"],\"url\":\"https:\/\/www.la-maison-naturelle.com\/blog\/author\/idries\/\"}]}<\/script>\n<!-- \/ Yoast SEO plugin. -->","yoast_head_json":{"title":"Fibre bois pose: d'une Isolation Thermique de murs Ext\u00e9rieurs dite \"ITE\" - La Maison naturelle | Blog","robots":{"index":"index","follow":"follow","max-snippet":"max-snippet:-1","max-image-preview":"max-image-preview:large","max-video-preview":"max-video-preview:-1"},"canonical":"https:\/\/www.la-maison-naturelle.com\/blog\/fibre-bois-pose-d-une-isolation-thermique-de-murs-exterieurs-dite-ite\/","og_locale":"fr_FR","og_type":"article","og_title":"Fibre bois pose: d'une Isolation Thermique de murs Ext\u00e9rieurs dite \"ITE\" - La Maison naturelle | Blog","og_url":"https:\/\/www.la-maison-naturelle.com\/blog\/fibre-bois-pose-d-une-isolation-thermique-de-murs-exterieurs-dite-ite\/","og_site_name":"La Maison naturelle | Blog","article_published_time":"2011-05-24T10:06:44+00:00","article_modified_time":"2023-08-04T16:49:24+00:00","og_image":[{"width":538,"height":360,"url":"https:\/\/www.la-maison-naturelle.com\/blog\/wp-content\/uploads\/2022\/08\/360-360-pavatex-20pavatherm-20plus_5dd69e89d854c.png","type":"image\/png"}],"author":"Eloise","twitter_card":"summary_large_image","twitter_misc":{"\u00c9crit par":"Eloise","Dur\u00e9e de lecture estim\u00e9e":"6 minutes"},"schema":{"@context":"https:\/\/schema.org","@graph":[{"@type":"Article","@id":"https:\/\/www.la-maison-naturelle.com\/blog\/fibre-bois-pose-d-une-isolation-thermique-de-murs-exterieurs-dite-ite\/#article","isPartOf":{"@id":"https:\/\/www.la-maison-naturelle.com\/blog\/fibre-bois-pose-d-une-isolation-thermique-de-murs-exterieurs-dite-ite\/"},"author":{"name":"Eloise","@id":"https:\/\/www.la-maison-naturelle.com\/blog\/#\/schema\/person\/cad2a9ed80410189f0688441d546d43f"},"headline":"Fibre bois pose: d&rsquo;une Isolation Thermique de murs Ext\u00e9rieurs dite \u00ab\u00a0ITE\u00a0\u00bb","datePublished":"2011-05-24T10:06:44+00:00","dateModified":"2023-08-04T16:49:24+00:00","mainEntityOfPage":{"@id":"https:\/\/www.la-maison-naturelle.com\/blog\/fibre-bois-pose-d-une-isolation-thermique-de-murs-exterieurs-dite-ite\/"},"wordCount":12,"commentCount":0,"publisher":{"@id":"https:\/\/www.la-maison-naturelle.com\/blog\/#organization"},"image":{"@id":"https:\/\/www.la-maison-naturelle.com\/blog\/fibre-bois-pose-d-une-isolation-thermique-de-murs-exterieurs-dite-ite\/#primaryimage"},"thumbnailUrl":"https:\/\/www.la-maison-naturelle.com\/blog\/wp-content\/uploads\/2022\/08\/360-360-pavatex-20pavatherm-20plus_5dd69e89d854c.png","articleSection":["Les dossiers"],"inLanguage":"fr-FR","potentialAction":[{"@type":"CommentAction","name":"Comment","target":["https:\/\/www.la-maison-naturelle.com\/blog\/fibre-bois-pose-d-une-isolation-thermique-de-murs-exterieurs-dite-ite\/#respond"]}]},{"@type":"WebPage","@id":"https:\/\/www.la-maison-naturelle.com\/blog\/fibre-bois-pose-d-une-isolation-thermique-de-murs-exterieurs-dite-ite\/","url":"https:\/\/www.la-maison-naturelle.com\/blog\/fibre-bois-pose-d-une-isolation-thermique-de-murs-exterieurs-dite-ite\/","name":"Fibre bois pose: d'une Isolation Thermique de murs Ext\u00e9rieurs dite \"ITE\" - La Maison naturelle | Blog","isPartOf":{"@id":"https:\/\/www.la-maison-naturelle.com\/blog\/#website"},"primaryImageOfPage":{"@id":"https:\/\/www.la-maison-naturelle.com\/blog\/fibre-bois-pose-d-une-isolation-thermique-de-murs-exterieurs-dite-ite\/#primaryimage"},"image":{"@id":"https:\/\/www.la-maison-naturelle.com\/blog\/fibre-bois-pose-d-une-isolation-thermique-de-murs-exterieurs-dite-ite\/#primaryimage"},"thumbnailUrl":"https:\/\/www.la-maison-naturelle.com\/blog\/wp-content\/uploads\/2022\/08\/360-360-pavatex-20pavatherm-20plus_5dd69e89d854c.png","datePublished":"2011-05-24T10:06:44+00:00","dateModified":"2023-08-04T16:49:24+00:00","breadcrumb":{"@id":"https:\/\/www.la-maison-naturelle.com\/blog\/fibre-bois-pose-d-une-isolation-thermique-de-murs-exterieurs-dite-ite\/#breadcrumb"},"inLanguage":"fr-FR","potentialAction":[{"@type":"ReadAction","target":["https:\/\/www.la-maison-naturelle.com\/blog\/fibre-bois-pose-d-une-isolation-thermique-de-murs-exterieurs-dite-ite\/"]}]},{"@type":"ImageObject","inLanguage":"fr-FR","@id":"https:\/\/www.la-maison-naturelle.com\/blog\/fibre-bois-pose-d-une-isolation-thermique-de-murs-exterieurs-dite-ite\/#primaryimage","url":"https:\/\/www.la-maison-naturelle.com\/blog\/wp-content\/uploads\/2022\/08\/360-360-pavatex-20pavatherm-20plus_5dd69e89d854c.png","contentUrl":"https:\/\/www.la-maison-naturelle.com\/blog\/wp-content\/uploads\/2022\/08\/360-360-pavatex-20pavatherm-20plus_5dd69e89d854c.png","width":538,"height":360},{"@type":"BreadcrumbList","@id":"https:\/\/www.la-maison-naturelle.com\/blog\/fibre-bois-pose-d-une-isolation-thermique-de-murs-exterieurs-dite-ite\/#breadcrumb","itemListElement":[{"@type":"ListItem","position":1,"name":"Accueil","item":"https:\/\/www.la-maison-naturelle.com\/blog\/"},{"@type":"ListItem","position":2,"name":"Fibre bois pose: d&rsquo;une Isolation Thermique de murs Ext\u00e9rieurs dite \u00ab\u00a0ITE\u00a0\u00bb"}]},{"@type":"WebSite","@id":"https:\/\/www.la-maison-naturelle.com\/blog\/#website","url":"https:\/\/www.la-maison-naturelle.com\/blog\/","name":"La Maison naturelle | Blog","description":"Blog de la Maison naturelle","publisher":{"@id":"https:\/\/www.la-maison-naturelle.com\/blog\/#organization"},"potentialAction":[{"@type":"SearchAction","target":{"@type":"EntryPoint","urlTemplate":"https:\/\/www.la-maison-naturelle.com\/blog\/?s={search_term_string}"},"query-input":{"@type":"PropertyValueSpecification","valueRequired":true,"valueName":"search_term_string"}}],"inLanguage":"fr-FR"},{"@type":"Organization","@id":"https:\/\/www.la-maison-naturelle.com\/blog\/#organization","name":"La Maison naturelle | Blog","url":"https:\/\/www.la-maison-naturelle.com\/blog\/","logo":{"@type":"ImageObject","inLanguage":"fr-FR","@id":"https:\/\/www.la-maison-naturelle.com\/blog\/#\/schema\/logo\/image\/","url":"https:\/\/www.la-maison-naturelle.com\/blog\/wp-content\/uploads\/2021\/07\/maison-naturelle-logo.svg","contentUrl":"https:\/\/www.la-maison-naturelle.com\/blog\/wp-content\/uploads\/2021\/07\/maison-naturelle-logo.svg","width":156,"height":64,"caption":"La Maison naturelle | Blog"},"image":{"@id":"https:\/\/www.la-maison-naturelle.com\/blog\/#\/schema\/logo\/image\/"}},{"@type":"Person","@id":"https:\/\/www.la-maison-naturelle.com\/blog\/#\/schema\/person\/cad2a9ed80410189f0688441d546d43f","name":"Eloise","image":{"@type":"ImageObject","inLanguage":"fr-FR","@id":"https:\/\/www.la-maison-naturelle.com\/blog\/#\/schema\/person\/image\/","url":"https:\/\/secure.gravatar.com\/avatar\/344186806f5e8613d4a2109f3b0228a847a7c0858a8023778c44bdcfc1111df9?s=96&d=mm&r=g","contentUrl":"https:\/\/secure.gravatar.com\/avatar\/344186806f5e8613d4a2109f3b0228a847a7c0858a8023778c44bdcfc1111df9?s=96&d=mm&r=g","caption":"Eloise"},"sameAs":["https:\/\/www.la-maison-naturelle.com\/"],"url":"https:\/\/www.la-maison-naturelle.com\/blog\/author\/idries\/"}]}},"_links":{"self":[{"href":"https:\/\/www.la-maison-naturelle.com\/blog\/wp-json\/wp\/v2\/posts\/1833","targetHints":{"allow":["GET"]}}],"collection":[{"href":"https:\/\/www.la-maison-naturelle.com\/blog\/wp-json\/wp\/v2\/posts"}],"about":[{"href":"https:\/\/www.la-maison-naturelle.com\/blog\/wp-json\/wp\/v2\/types\/post"}],"author":[{"embeddable":true,"href":"https:\/\/www.la-maison-naturelle.com\/blog\/wp-json\/wp\/v2\/users\/5"}],"replies":[{"embeddable":true,"href":"https:\/\/www.la-maison-naturelle.com\/blog\/wp-json\/wp\/v2\/comments?post=1833"}],"version-history":[{"count":6,"href":"https:\/\/www.la-maison-naturelle.com\/blog\/wp-json\/wp\/v2\/posts\/1833\/revisions"}],"predecessor-version":[{"id":5732,"href":"https:\/\/www.la-maison-naturelle.com\/blog\/wp-json\/wp\/v2\/posts\/1833\/revisions\/5732"}],"wp:featuredmedia":[{"embeddable":true,"href":"https:\/\/www.la-maison-naturelle.com\/blog\/wp-json\/wp\/v2\/media\/3809"}],"wp:attachment":[{"href":"https:\/\/www.la-maison-naturelle.com\/blog\/wp-json\/wp\/v2\/media?parent=1833"}],"wp:term":[{"taxonomy":"category","embeddable":true,"href":"https:\/\/www.la-maison-naturelle.com\/blog\/wp-json\/wp\/v2\/categories?post=1833"},{"taxonomy":"post_tag","embeddable":true,"href":"https:\/\/www.la-maison-naturelle.com\/blog\/wp-json\/wp\/v2\/tags?post=1833"}],"curies":[{"name":"wp","href":"https:\/\/api.w.org\/{rel}","templated":true}]}}