{"id":1820,"date":"2012-05-24T12:02:08","date_gmt":"2012-05-24T10:02:08","guid":{"rendered":"https:\/\/www.la-maison-naturelle.com\/blog\/?p=1820"},"modified":"2023-08-04T19:44:52","modified_gmt":"2023-08-04T17:44:52","slug":"fibre-de-bois-pour-strasbourg-dans-le-bas-rhin-67","status":"publish","type":"post","link":"https:\/\/www.la-maison-naturelle.com\/blog\/fibre-de-bois-pour-strasbourg-dans-le-bas-rhin-67\/","title":{"rendered":"Fibre de bois pour Strasbourg dans le Bas-Rhin 67"},"content":{"rendered":"<table style=\" width=\"100%\",max-width=\"839\">\n<tbody>\n<tr>\n<td colspan=\"3\"><a href=\"https:\/\/www.la-maison-naturelle.com\/\"><img decoding=\"async\" class=\"wp-image-5568 aligncenter\" src=\"https:\/\/www.la-maison-naturelle.com\/blog\/wp-content\/uploads\/2012\/05\/Dark-Green-and-Gray-Professional-and-Clean-E-Commerce-Email-Header-300x35.png\" alt=\"\" width=\"839\" srcset=\"https:\/\/www.la-maison-naturelle.com\/blog\/wp-content\/uploads\/2012\/05\/Dark-Green-and-Gray-Professional-and-Clean-E-Commerce-Email-Header-300x35.png 300w, https:\/\/www.la-maison-naturelle.com\/blog\/wp-content\/uploads\/2012\/05\/Dark-Green-and-Gray-Professional-and-Clean-E-Commerce-Email-Header-1024x119.png 1024w, https:\/\/www.la-maison-naturelle.com\/blog\/wp-content\/uploads\/2012\/05\/Dark-Green-and-Gray-Professional-and-Clean-E-Commerce-Email-Header-768x89.png 768w, https:\/\/www.la-maison-naturelle.com\/blog\/wp-content\/uploads\/2012\/05\/Dark-Green-and-Gray-Professional-and-Clean-E-Commerce-Email-Header-1536x178.png 1536w, https:\/\/www.la-maison-naturelle.com\/blog\/wp-content\/uploads\/2012\/05\/Dark-Green-and-Gray-Professional-and-Clean-E-Commerce-Email-Header.png 1578w\" sizes=\"(max-width: 300px) 100vw, 300px\" \/><\/a><\/td>\n<\/tr>\n<tr>\n<td><a href=\"https:\/\/www.la-maison-naturelle.com\/5260-materiaux-et-bricolage\"><img loading=\"lazy\" decoding=\"async\" class=\"alignright size-medium wp-image-5565\" src=\"https:\/\/www.la-maison-naturelle.com\/blog\/wp-content\/uploads\/2012\/05\/73a5f09c-2ef6-46dd-90d1-9cf73599e16b-1-249x300.png\" alt=\"Mat\u00e9riaux et bricolage\" width=\"249\" height=\"300\" srcset=\"https:\/\/www.la-maison-naturelle.com\/blog\/wp-content\/uploads\/2012\/05\/73a5f09c-2ef6-46dd-90d1-9cf73599e16b-1-249x300.png 249w, https:\/\/www.la-maison-naturelle.com\/blog\/wp-content\/uploads\/2012\/05\/73a5f09c-2ef6-46dd-90d1-9cf73599e16b-1.png 397w\" sizes=\"auto, (max-width: 249px) 100vw, 249px\" \/><\/a><\/td>\n<td><a href=\"https:\/\/www.la-maison-naturelle.com\/5266-amenagement-du-jardin\"><img loading=\"lazy\" decoding=\"async\" class=\"alignright size-medium wp-image-5564\" src=\"https:\/\/www.la-maison-naturelle.com\/blog\/wp-content\/uploads\/2012\/05\/9224811f-6da5-4d4d-8634-e9a2517a9565-1-249x300.png\" alt=\"Jardin et ext\u00e9rieur\" width=\"249\" height=\"300\" srcset=\"https:\/\/www.la-maison-naturelle.com\/blog\/wp-content\/uploads\/2012\/05\/9224811f-6da5-4d4d-8634-e9a2517a9565-1-249x300.png 249w, https:\/\/www.la-maison-naturelle.com\/blog\/wp-content\/uploads\/2012\/05\/9224811f-6da5-4d4d-8634-e9a2517a9565-1.png 397w\" sizes=\"auto, (max-width: 249px) 100vw, 249px\" \/><\/a><\/td>\n<td><a href=\"https:\/\/www.la-maison-naturelle.com\/5267-interieur-et-decoration\"><img loading=\"lazy\" decoding=\"async\" class=\"alignright size-medium wp-image-5563\" src=\"https:\/\/www.la-maison-naturelle.com\/blog\/wp-content\/uploads\/2012\/05\/b9400ea8-440a-4a4a-8db6-682fde3f9652-1-249x300.png\" alt=\"Int\u00e9rieur et d\u00e9coration\" width=\"249\" height=\"300\" srcset=\"https:\/\/www.la-maison-naturelle.com\/blog\/wp-content\/uploads\/2012\/05\/b9400ea8-440a-4a4a-8db6-682fde3f9652-1-249x300.png 249w, https:\/\/www.la-maison-naturelle.com\/blog\/wp-content\/uploads\/2012\/05\/b9400ea8-440a-4a4a-8db6-682fde3f9652-1.png 397w\" sizes=\"auto, (max-width: 249px) 100vw, 249px\" \/><\/a><\/td>\n<\/tr>\n<\/tbody>\n<\/table>\n<h2>Fibre de bois : une alternative \u00e9cologique pour l&rsquo;isolation \u00e0 Strasbourg<\/h2>\n<p>La fibre de bois est une solution d&rsquo;isolation thermique et acoustique \u00e9cologique, qui conna\u00eet un v\u00e9ritable essor ces derni\u00e8res ann\u00e9es. Si vous habitez \u00e0 Strasbourg ou dans le Bas-Rhin (67), cette solution peut \u00eatre particuli\u00e8rement int\u00e9ressante pour vous.<\/p>\n<h3>Qu&rsquo;est-ce que la fibre de bois ?<\/h3>\n<p>La fibre de bois est un mat\u00e9riau d&rsquo;isolation thermique et acoustique fabriqu\u00e9 \u00e0 partir de bois broy\u00e9 et compress\u00e9. Elle est souvent utilis\u00e9e dans les murs, les plafonds et les combles, mais peut \u00e9galement \u00eatre utilis\u00e9e pour l&rsquo;isolation des sols et des fa\u00e7ades. Sa fabrication ne n\u00e9cessite pas de produits chimiques et elle est enti\u00e8rement recyclable.<\/p>\n<h3>Pourquoi opter pour la fibre de bois \u00e0 Strasbourg ?<\/h3>\n<p>Il y a de nombreuses raisons pour lesquelles la fibre de bois peut \u00eatre une excellente solution d&rsquo;isolation pour les habitants de Strasbourg et de la r\u00e9gion du Bas-Rhin. Tout d&rsquo;abord, c&rsquo;est un mat\u00e9riau \u00e9cologique et durable, qui permet de r\u00e9duire les \u00e9missions de gaz \u00e0 effet de serre. En effet, la production de fibre de bois n\u00e9cessite moins d&rsquo;\u00e9nergie et de ressources que celle de mat\u00e9riaux d&rsquo;isolation traditionnels tels que la laine de verre ou la laine de roche.<\/p>\n<p>Ensuite, la fibre de bois est particuli\u00e8rement adapt\u00e9e aux r\u00e9gions \u00e0 climat froid comme la r\u00e9gion de Strasbourg. Elle permet de maintenir une temp\u00e9rature constante dans la maison, tout en offrant une excellente isolation thermique. Elle peut ainsi vous permettre de r\u00e9aliser des \u00e9conomies consid\u00e9rables sur votre facture de chauffage.<\/p>\n<p>Enfin, la fibre de bois est \u00e9galement une solution performante pour l&rsquo;isolation acoustique. Elle permet de r\u00e9duire les nuisances sonores ext\u00e9rieures et de cr\u00e9er un environnement paisible et confortable \u00e0 l&rsquo;int\u00e9rieur de votre maison.<\/p>\n<h3>Comment choisir son prestataire pour l&rsquo;installation de fibre de bois \u00e0 Strasbourg ?<\/h3>\n<p>Il est important de bien choisir son prestataire pour l&rsquo;installation de fibre de bois, afin de s&rsquo;assurer que le travail sera effectu\u00e9 de mani\u00e8re professionnelle et de qualit\u00e9. Voici quelques \u00e9l\u00e9ments \u00e0 prendre en compte lors de votre recherche :<\/p>\n<ul>\n<li>La qualification et l&rsquo;exp\u00e9rience du prestataire : il est recommand\u00e9 de privil\u00e9gier les entreprises ou les artisans qui ont suivi une formation sp\u00e9cifique en mati\u00e8re d&rsquo;isolation \u00e0 base de fibre de bois et qui disposent d&rsquo;une exp\u00e9rience solide dans ce domaine.<\/li>\n<li>Les avis et t\u00e9moignages des clients : n&rsquo;h\u00e9sitez pas \u00e0 consulter les avis et t\u00e9moignages de clients qui ont d\u00e9j\u00e0 fait appel aux services du prestataire que vous envisagez. Ils peuvent vous donner une id\u00e9e de la qualit\u00e9 du travail et du s\u00e9rieux de l&rsquo;entreprise.<\/li>\n<li>Les garanties propos\u00e9es : v\u00e9rifiez que le prestataire que vous choisissez propose des garanties sur les mat\u00e9riaux et sur la main d&rsquo;\u0153uvre. Cela vous permettra de b\u00e9n\u00e9ficier d&rsquo;une protection en cas de probl\u00e8mes techniques ou de d\u00e9fauts de fabrication.<\/li>\n<\/ul>\n<h3>Les aides financi\u00e8res pour l&rsquo;isolation \u00e0 base de fibre de bois \u00e0 Strasbourg<\/h3>\n<p>Il est possible de b\u00e9n\u00e9ficier d&rsquo;aides financi\u00e8res pour l&rsquo;installation de fibre de bois \u00e0 Strasbourg et dans le Bas-Rhin. Voici quelques exemples de dispositifs auxquels vous pouvez pr\u00e9tendre :<\/p>\n<ul>\n<li>Le cr\u00e9dit d&rsquo;imp\u00f4t pour la transition \u00e9nerg\u00e9tique (CITE) : ce dispositif permet de b\u00e9n\u00e9ficier d&rsquo;une r\u00e9duction d&rsquo;imp\u00f4t sur le revenu en fonction des travaux de r\u00e9novation \u00e9nerg\u00e9tique r\u00e9alis\u00e9s. Il est notamment applicable aux travaux d&rsquo;isolation \u00e0 base de fibre de bois.<\/li>\n<li>Les certificats d&rsquo;\u00e9conomie d&rsquo;\u00e9nergie (<a href=\"https:\/\/www.la-maison-naturelle.com\/blog\/certificats-deconomie-denergie\/\" data-internallinksmanager029f6b8e52c=\"154\" title=\"Pourquoi les certificats d'\u00e9conomie d'\u00e9nergie sont-ils importants pour la transition \u00e9nerg\u00e9tique ?\">CEE<\/a>) : les CEE sont des titres qui attestent de la r\u00e9alisation de travaux permettant de r\u00e9duire la consommation d&rsquo;\u00e9nergie d&rsquo;un b\u00e2timent. Ils peuvent \u00eatre \u00e9chang\u00e9s contre des aides financi\u00e8res, sous forme de bon d&rsquo;achat ou de primes.<\/li>\n<li>Les primes et subventions de l&rsquo;ANAH (Agence nationale de l&rsquo;habitat) : l&rsquo;ANAH propose des primes et subventions pour aider les propri\u00e9taires \u00e0 financer des travaux de r\u00e9novation \u00e9nerg\u00e9tique. Ces dispositifs sont accessibles selon certaines conditions de ressources et de situation.<\/li>\n<\/ul>\n<h3>Les avantages de la fibre de bois en comparaison avec d&rsquo;autres mat\u00e9riaux d&rsquo;isolation<\/h3>\n<p>La fibre de bois pr\u00e9sente de nombreux avantages en comparaison avec d&rsquo;autres mat\u00e9riaux d&rsquo;isolation. Voici quelques exemples :<\/p>\n<ul>\n<li>La fibre de bois est plus \u00e9cologique que la laine de verre ou la laine de roche : comme nous l&rsquo;avons vu pr\u00e9c\u00e9demment, la production de fibre de bois n\u00e9cessite moins d&rsquo;\u00e9nergie et de ressources que celle de mat\u00e9riaux d&rsquo;isolation traditionnels. De plus, elle ne contient pas de produits chimiques et est enti\u00e8rement recyclable.<\/li>\n<li>La fibre de bois est plus respirante que la laine de verre ou la laine de roche : contrairement \u00e0 ces mat\u00e9riaux, qui ont tendance \u00e0 retenir l&rsquo;humidit\u00e9, la fibre de bois laisse passer l&rsquo;air et l&rsquo;humidit\u00e9. Cela peut \u00eatre particuli\u00e8rement int\u00e9ressant si vous avez des probl\u00e8mes d&rsquo;humidit\u00e9 dans votre maison.<\/li>\n<li>La fibre de bois est plus facile \u00e0 mettre en \u0153uvre que la laine de verre ou la laine de roche : la fibre de bois est souple et l\u00e9g\u00e8re, ce qui la rend plus facile \u00e0 manipuler et \u00e0 installer que les autres mat\u00e9riaux d&rsquo;isolation. De plus, elle peut \u00eatre d\u00e9coup\u00e9e et ajust\u00e9e facilement pour s&rsquo;adapter aux formes et aux espaces de votre maison.<\/li>\n<\/ul>\n<h3>Conclusion<\/h3>\n<p>En r\u00e9sum\u00e9, la fibre de bois est une solution d&rsquo;isolation \u00e9cologique et performante, particuli\u00e8rement adapt\u00e9e aux r\u00e9gions \u00e0 climat froid comme la r\u00e9gion de Strasbourg. Elle permet de r\u00e9aliser des \u00e9conomies consid\u00e9rables sur votre facture de chauffage tout en offrant un confort thermique et acoustique optimal. Si vous habitez \u00e0 Strasbourg ou dans le Bas-Rhin (67), n&rsquo;h\u00e9sitez pas \u00e0 vous renseigner sur les prestataires proposant ce type de solution et \u00e0 b\u00e9n\u00e9ficier des aides financi\u00e8res disponibles pour l&rsquo;installation de fibre de bois.<\/p>\n<h2>Livraison de fibre de bois dans le Bas-Rhin (67) au nord d&rsquo;Haguenau au pied du parc\u00a0 naturel des Vosges.<\/h2>\n<p>Pour achetez la <a href=\"https:\/\/www.la-maison-naturelle.com\/3205-fibre-de-bois-rigide\" data-internallinksmanager029f6b8e52c=\"60\" title=\"panneau fibre de bois rigide\">fibre de bois rigide<\/a> sur Strasbourg et tout le Bas-Rhin 67<\/p>\n<p>Toutes nos\u00a0 r\u00e9f\u00e9rences en vente pour Strasbourg et tout le Bas-Rhin et le Haut-Rhin :<\/p>\n<ul>\n<li>Fibre de bois flexible (29 r\u00e9f\u00e9rences )<\/li>\n<li>Fibre de bois rigide (75 r\u00e9f\u00e9rences)<\/li>\n<li><a href=\"https:\/\/www.la-maison-naturelle.com\/3071-ecran-de-sous-toiture-pare-pluie\" data-internallinksmanager029f6b8e52c=\"2\" title=\"Pare-pluie\">Pare-pluie<\/a> (11 r\u00e9f\u00e9rences)<\/li>\n<li>Isolation exterieure (30 r\u00e9f\u00e9rences)<\/li>\n<li>Isolation interieure (73 r\u00e9f\u00e9rences)<\/li>\n<\/ul>\n<p>Livraison gratuite fibre de bois partout en Alsace : Strasbourg, Haguenau, Molsheim, Saverne, S\u00e9lestat, Wissembourg.<\/p>\n<p>Nous livrons en direct sur le chantier de notre client : 120m\u00b2 de toiture en fibre de bois pose <a href=\"https:\/\/www.la-maison-naturelle.com\/blog\/une-isolation-sarking\/\" data-internallinksmanager029f6b8e52c=\"100\" title=\"Qu'est-ce qu'une isolation sarking ?\">sarking<\/a> au Nord de Strasbourg 67.<\/p>\n<p>D\u00e9tail et prix du lot en fibre de bois rigide pour l&rsquo;isolation thermique de la toiture par l&rsquo;ext\u00e9rieur :<\/p>\n<p>Fibre de bois pare-pluie \u00e9p. 80 mm &#8211; isolation ext\u00e9rieur &#8211; 4 Palettes de 32,19m\u00b2\u00a0 = 3 023,96 \u20ac<br \/>\n1 Rouleau frein vapeur de 50m x 1,5m <a href=\"https:\/\/www.la-maison-naturelle.com\/blog\/cest-quoi-la-valeur-sd-dun-pare-vapeur\/\" data-internallinksmanager029f6b8e52c=\"76\" title=\"valeur SD\">Sd<\/a>=10m &#8211; Rouleau de 75m\u00b2\u00a0\u00a0 = 129,76 \u20ac<br \/>\n1 Rouleau de ruban adh\u00e9sif de 25m x 6cm &#8211; Rouleau de 25ml =\u00a0 \u00a0 32,86 \u20ac<\/p>\n<p>Sous-total TTC \u00a0\u00a0 \u00a03 092,40 \u20ac<br \/>\nFrais d&rsquo;envoi \u00a0\u00a0 \u00a00 \u20ac<br \/>\nTotal TTC \u00a0\u00a0\u00a0 livr\u00e9 3 092,40 \u20ac<br \/>\nDont r\u00e9duction lot \u00a0\u00a0 \u00a0-94,18 \u20ac<\/p>\n<p>Vous aussi passez votre commande directe sur monisolationecologique.com et une livraison franco de port sur Strasbourg et sa r\u00e9gion 67 en cliquant ici<\/p>\n","protected":false},"excerpt":{"rendered":"","protected":false},"author":5,"featured_media":0,"comment_status":"open","ping_status":"open","sticky":false,"template":"","format":"standard","meta":{"footnotes":""},"categories":[5],"tags":[],"class_list":["post-1820","post","type-post","status-publish","format-standard","hentry","category-espace-pro"],"_wp_attached_file":null,"_wp_attachment_metadata":null,"_wp_attachment_context":null,"_wp_attachment_image_alt":null,"_hf_settings":null,"hf_message_success":null,"hf_message_invalid_email":null,"hf_message_required_field_missing":null,"hf_message_error":null,"_menu_item_type":null,"_menu_item_menu_item_parent":null,"_menu_item_object_id":null,"_menu_item_object":null,"_menu_item_target":null,"_menu_item_classes":null,"_menu_item_xfn":null,"_menu_item_url":null,"_yoast_wpseo_primary_category":"5","_thumbnail_id":null,"_oembed_26d84b2c06432105b0a19987ae029a71":null,"_oembed_43e9e2dfde1b9b4ed91c9711026b7ef9":null,"_oembed_1fe1564764edbddc3b61e81acf52be88":null,"_oembed_df60f474cd845141e7ce6596d101e4a0":null,"_oembed_825e674795e2435c0bc66eb08e5d2c8b":null,"_oembed_time_825e674795e2435c0bc66eb08e5d2c8b":null,"_oembed_e917352ff4cc21ea91383201eeaa08cf":null,"_oembed_2363c16c972791c33e283320dc564fce":null,"_oembed_cc9ad5b5073a84776f6a62e33e6c7498":null,"_oembed_time_cc9ad5b5073a84776f6a62e33e6c7498":null,"_oembed_305147fcf4b856de518466e695c209cd":null,"_oembed_8517a877084ae01a5296813ee1d16a2b":null,"_oembed_2741f1556b243e68379198f98ba7f864":null,"_oembed_c3ffa24981451396c950ece2129da0f6":null,"_oembed_6f9091ebe2f3f5fcb5698ba6f4b41477":null,"_wp_old_slug":null,"_oembed_e4fb0f68ba12b85e9e231afe151ba12a":null,"_oembed_3c60e98bd703e617e67f5bbb3b97424d":null,"_oembed_bb060374498dcf40cb6068efe4be87e1":null,"_oembed_d0403e1e71c3a29020bd546b159480f1":null,"_oembed_b030ff17fbbbf8661c59c2ab8ff289eb":null,"_oembed_5cec699ba0631c6c0e4ba4f6af5f228e":null,"_oembed_b06a67f278b90cf4e8dd17cb12fe67b0":null,"_oembed_8e190e4fea2256f17420434651556236":null,"_oembed_b5ded119f1337916a0fc64d2ad85c95f":null,"_oembed_d9364a7a81be31c01415da2c50a48932":null,"_oembed_738cafa36d51a58e5ae3e458aa8f7584":null,"_oembed_ebcab5184b6b321b28efbcbec079859b":null,"_oembed_3dd9e35c2b7b268070e74da5b89cf937":null,"_oembed_e14b167b493e311a1c4e2aab38a463e8":null,"_oembed_dc8f7d108b38f3f0c2e0785b8bc46cae":null,"_oembed_55cf1c5142884afed312c2666bf27520":null,"_oembed_2292333bf03a956b4b61afafeff6bca0":null,"_oembed_82a986a6b900856fec23169de03a0038":null,"_oembed_4048ded025352b83569104210074165a":null,"_oembed_033b42b1af757abc39e4487233cee7f5":null,"_oembed_aec1d50f2b159366be8e37e94b201be1":null,"_oembed_0adc8480b2fcadf9a1733f572ce3d3f8":null,"_yoast_wpseo_title":null,"_yoast_wpseo_focuskw":null,"_yoast_wpseo_linkdex":null,"_yoast_wpseo_metadesc":null,"_yoast_wpseo_wordproof_timestamp":"","_tpl_archive_meta_key":null,"_form":null,"_mail":null,"_mail_2":null,"_messages":null,"_additional_settings":null,"_locale":null,"_wp_old_date":null,"_edit_last":"5","_wpb_vc_js_status":"false","_yoast_wpseo_estimated-reading-time-minutes":"6","_edit_lock":"1691170977:5","_yoast_wpseo_content_score":"60","yoast_head":"<!-- This site is optimized with the Yoast SEO plugin v24.3 - https:\/\/yoast.com\/wordpress\/plugins\/seo\/ -->\n<title>Fibre de bois pour Strasbourg dans le Bas-Rhin 67 - La Maison naturelle | Blog<\/title>\n<meta name=\"robots\" content=\"index, follow, max-snippet:-1, max-image-preview:large, max-video-preview:-1\" \/>\n<link rel=\"canonical\" href=\"https:\/\/www.la-maison-naturelle.com\/blog\/fibre-de-bois-pour-strasbourg-dans-le-bas-rhin-67\/\" \/>\n<meta property=\"og:locale\" content=\"fr_FR\" \/>\n<meta property=\"og:type\" content=\"article\" \/>\n<meta property=\"og:title\" content=\"Fibre de bois pour Strasbourg dans le Bas-Rhin 67 - La Maison naturelle | Blog\" \/>\n<meta property=\"og:url\" content=\"https:\/\/www.la-maison-naturelle.com\/blog\/fibre-de-bois-pour-strasbourg-dans-le-bas-rhin-67\/\" \/>\n<meta property=\"og:site_name\" content=\"La Maison naturelle | Blog\" \/>\n<meta property=\"article:published_time\" content=\"2012-05-24T10:02:08+00:00\" \/>\n<meta property=\"article:modified_time\" content=\"2023-08-04T17:44:52+00:00\" \/>\n<meta property=\"og:image\" content=\"https:\/\/www.la-maison-naturelle.com\/blog\/wp-content\/uploads\/2012\/05\/Dark-Green-and-Gray-Professional-and-Clean-E-Commerce-Email-Header-300x35.png\" \/>\n<meta name=\"author\" content=\"Eloise\" \/>\n<meta name=\"twitter:card\" content=\"summary_large_image\" \/>\n<meta name=\"twitter:label1\" content=\"\u00c9crit par\" \/>\n\t<meta name=\"twitter:data1\" content=\"Eloise\" \/>\n\t<meta name=\"twitter:label2\" content=\"Dur\u00e9e de lecture estim\u00e9e\" \/>\n\t<meta name=\"twitter:data2\" content=\"6 minutes\" \/>\n<script type=\"application\/ld+json\" class=\"yoast-schema-graph\">{\"@context\":\"https:\/\/schema.org\",\"@graph\":[{\"@type\":\"Article\",\"@id\":\"https:\/\/www.la-maison-naturelle.com\/blog\/fibre-de-bois-pour-strasbourg-dans-le-bas-rhin-67\/#article\",\"isPartOf\":{\"@id\":\"https:\/\/www.la-maison-naturelle.com\/blog\/fibre-de-bois-pour-strasbourg-dans-le-bas-rhin-67\/\"},\"author\":{\"name\":\"Eloise\",\"@id\":\"https:\/\/www.la-maison-naturelle.com\/blog\/#\/schema\/person\/cad2a9ed80410189f0688441d546d43f\"},\"headline\":\"Fibre de bois pour Strasbourg dans le Bas-Rhin 67\",\"datePublished\":\"2012-05-24T10:02:08+00:00\",\"dateModified\":\"2023-08-04T17:44:52+00:00\",\"mainEntityOfPage\":{\"@id\":\"https:\/\/www.la-maison-naturelle.com\/blog\/fibre-de-bois-pour-strasbourg-dans-le-bas-rhin-67\/\"},\"wordCount\":8,\"commentCount\":0,\"publisher\":{\"@id\":\"https:\/\/www.la-maison-naturelle.com\/blog\/#organization\"},\"image\":{\"@id\":\"https:\/\/www.la-maison-naturelle.com\/blog\/fibre-de-bois-pour-strasbourg-dans-le-bas-rhin-67\/#primaryimage\"},\"thumbnailUrl\":\"https:\/\/www.la-maison-naturelle.com\/blog\/wp-content\/uploads\/2012\/05\/Dark-Green-and-Gray-Professional-and-Clean-E-Commerce-Email-Header-300x35.png\",\"articleSection\":[\"Espace pro\"],\"inLanguage\":\"fr-FR\",\"potentialAction\":[{\"@type\":\"CommentAction\",\"name\":\"Comment\",\"target\":[\"https:\/\/www.la-maison-naturelle.com\/blog\/fibre-de-bois-pour-strasbourg-dans-le-bas-rhin-67\/#respond\"]}]},{\"@type\":\"WebPage\",\"@id\":\"https:\/\/www.la-maison-naturelle.com\/blog\/fibre-de-bois-pour-strasbourg-dans-le-bas-rhin-67\/\",\"url\":\"https:\/\/www.la-maison-naturelle.com\/blog\/fibre-de-bois-pour-strasbourg-dans-le-bas-rhin-67\/\",\"name\":\"Fibre de bois pour Strasbourg dans le Bas-Rhin 67 - La Maison naturelle | Blog\",\"isPartOf\":{\"@id\":\"https:\/\/www.la-maison-naturelle.com\/blog\/#website\"},\"primaryImageOfPage\":{\"@id\":\"https:\/\/www.la-maison-naturelle.com\/blog\/fibre-de-bois-pour-strasbourg-dans-le-bas-rhin-67\/#primaryimage\"},\"image\":{\"@id\":\"https:\/\/www.la-maison-naturelle.com\/blog\/fibre-de-bois-pour-strasbourg-dans-le-bas-rhin-67\/#primaryimage\"},\"thumbnailUrl\":\"https:\/\/www.la-maison-naturelle.com\/blog\/wp-content\/uploads\/2012\/05\/Dark-Green-and-Gray-Professional-and-Clean-E-Commerce-Email-Header-300x35.png\",\"datePublished\":\"2012-05-24T10:02:08+00:00\",\"dateModified\":\"2023-08-04T17:44:52+00:00\",\"breadcrumb\":{\"@id\":\"https:\/\/www.la-maison-naturelle.com\/blog\/fibre-de-bois-pour-strasbourg-dans-le-bas-rhin-67\/#breadcrumb\"},\"inLanguage\":\"fr-FR\",\"potentialAction\":[{\"@type\":\"ReadAction\",\"target\":[\"https:\/\/www.la-maison-naturelle.com\/blog\/fibre-de-bois-pour-strasbourg-dans-le-bas-rhin-67\/\"]}]},{\"@type\":\"ImageObject\",\"inLanguage\":\"fr-FR\",\"@id\":\"https:\/\/www.la-maison-naturelle.com\/blog\/fibre-de-bois-pour-strasbourg-dans-le-bas-rhin-67\/#primaryimage\",\"url\":\"https:\/\/www.la-maison-naturelle.com\/blog\/wp-content\/uploads\/2012\/05\/Dark-Green-and-Gray-Professional-and-Clean-E-Commerce-Email-Header.png\",\"contentUrl\":\"https:\/\/www.la-maison-naturelle.com\/blog\/wp-content\/uploads\/2012\/05\/Dark-Green-and-Gray-Professional-and-Clean-E-Commerce-Email-Header.png\",\"width\":1578,\"height\":183},{\"@type\":\"BreadcrumbList\",\"@id\":\"https:\/\/www.la-maison-naturelle.com\/blog\/fibre-de-bois-pour-strasbourg-dans-le-bas-rhin-67\/#breadcrumb\",\"itemListElement\":[{\"@type\":\"ListItem\",\"position\":1,\"name\":\"Accueil\",\"item\":\"https:\/\/www.la-maison-naturelle.com\/blog\/\"},{\"@type\":\"ListItem\",\"position\":2,\"name\":\"Fibre de bois pour Strasbourg dans le Bas-Rhin 67\"}]},{\"@type\":\"WebSite\",\"@id\":\"https:\/\/www.la-maison-naturelle.com\/blog\/#website\",\"url\":\"https:\/\/www.la-maison-naturelle.com\/blog\/\",\"name\":\"La Maison naturelle | Blog\",\"description\":\"Blog de la Maison naturelle\",\"publisher\":{\"@id\":\"https:\/\/www.la-maison-naturelle.com\/blog\/#organization\"},\"potentialAction\":[{\"@type\":\"SearchAction\",\"target\":{\"@type\":\"EntryPoint\",\"urlTemplate\":\"https:\/\/www.la-maison-naturelle.com\/blog\/?s={search_term_string}\"},\"query-input\":{\"@type\":\"PropertyValueSpecification\",\"valueRequired\":true,\"valueName\":\"search_term_string\"}}],\"inLanguage\":\"fr-FR\"},{\"@type\":\"Organization\",\"@id\":\"https:\/\/www.la-maison-naturelle.com\/blog\/#organization\",\"name\":\"La Maison naturelle | Blog\",\"url\":\"https:\/\/www.la-maison-naturelle.com\/blog\/\",\"logo\":{\"@type\":\"ImageObject\",\"inLanguage\":\"fr-FR\",\"@id\":\"https:\/\/www.la-maison-naturelle.com\/blog\/#\/schema\/logo\/image\/\",\"url\":\"https:\/\/www.la-maison-naturelle.com\/blog\/wp-content\/uploads\/2021\/07\/maison-naturelle-logo.svg\",\"contentUrl\":\"https:\/\/www.la-maison-naturelle.com\/blog\/wp-content\/uploads\/2021\/07\/maison-naturelle-logo.svg\",\"width\":156,\"height\":64,\"caption\":\"La Maison naturelle | Blog\"},\"image\":{\"@id\":\"https:\/\/www.la-maison-naturelle.com\/blog\/#\/schema\/logo\/image\/\"}},{\"@type\":\"Person\",\"@id\":\"https:\/\/www.la-maison-naturelle.com\/blog\/#\/schema\/person\/cad2a9ed80410189f0688441d546d43f\",\"name\":\"Eloise\",\"image\":{\"@type\":\"ImageObject\",\"inLanguage\":\"fr-FR\",\"@id\":\"https:\/\/www.la-maison-naturelle.com\/blog\/#\/schema\/person\/image\/\",\"url\":\"https:\/\/secure.gravatar.com\/avatar\/344186806f5e8613d4a2109f3b0228a847a7c0858a8023778c44bdcfc1111df9?s=96&d=mm&r=g\",\"contentUrl\":\"https:\/\/secure.gravatar.com\/avatar\/344186806f5e8613d4a2109f3b0228a847a7c0858a8023778c44bdcfc1111df9?s=96&d=mm&r=g\",\"caption\":\"Eloise\"},\"sameAs\":[\"https:\/\/www.la-maison-naturelle.com\/\"],\"url\":\"https:\/\/www.la-maison-naturelle.com\/blog\/author\/idries\/\"}]}<\/script>\n<!-- \/ Yoast SEO plugin. -->","yoast_head_json":{"title":"Fibre de bois pour Strasbourg dans le Bas-Rhin 67 - La Maison naturelle | Blog","robots":{"index":"index","follow":"follow","max-snippet":"max-snippet:-1","max-image-preview":"max-image-preview:large","max-video-preview":"max-video-preview:-1"},"canonical":"https:\/\/www.la-maison-naturelle.com\/blog\/fibre-de-bois-pour-strasbourg-dans-le-bas-rhin-67\/","og_locale":"fr_FR","og_type":"article","og_title":"Fibre de bois pour Strasbourg dans le Bas-Rhin 67 - La Maison naturelle | Blog","og_url":"https:\/\/www.la-maison-naturelle.com\/blog\/fibre-de-bois-pour-strasbourg-dans-le-bas-rhin-67\/","og_site_name":"La Maison naturelle | Blog","article_published_time":"2012-05-24T10:02:08+00:00","article_modified_time":"2023-08-04T17:44:52+00:00","og_image":[{"url":"https:\/\/www.la-maison-naturelle.com\/blog\/wp-content\/uploads\/2012\/05\/Dark-Green-and-Gray-Professional-and-Clean-E-Commerce-Email-Header-300x35.png","type":"","width":"","height":""}],"author":"Eloise","twitter_card":"summary_large_image","twitter_misc":{"\u00c9crit par":"Eloise","Dur\u00e9e de lecture estim\u00e9e":"6 minutes"},"schema":{"@context":"https:\/\/schema.org","@graph":[{"@type":"Article","@id":"https:\/\/www.la-maison-naturelle.com\/blog\/fibre-de-bois-pour-strasbourg-dans-le-bas-rhin-67\/#article","isPartOf":{"@id":"https:\/\/www.la-maison-naturelle.com\/blog\/fibre-de-bois-pour-strasbourg-dans-le-bas-rhin-67\/"},"author":{"name":"Eloise","@id":"https:\/\/www.la-maison-naturelle.com\/blog\/#\/schema\/person\/cad2a9ed80410189f0688441d546d43f"},"headline":"Fibre de bois pour Strasbourg dans le Bas-Rhin 67","datePublished":"2012-05-24T10:02:08+00:00","dateModified":"2023-08-04T17:44:52+00:00","mainEntityOfPage":{"@id":"https:\/\/www.la-maison-naturelle.com\/blog\/fibre-de-bois-pour-strasbourg-dans-le-bas-rhin-67\/"},"wordCount":8,"commentCount":0,"publisher":{"@id":"https:\/\/www.la-maison-naturelle.com\/blog\/#organization"},"image":{"@id":"https:\/\/www.la-maison-naturelle.com\/blog\/fibre-de-bois-pour-strasbourg-dans-le-bas-rhin-67\/#primaryimage"},"thumbnailUrl":"https:\/\/www.la-maison-naturelle.com\/blog\/wp-content\/uploads\/2012\/05\/Dark-Green-and-Gray-Professional-and-Clean-E-Commerce-Email-Header-300x35.png","articleSection":["Espace pro"],"inLanguage":"fr-FR","potentialAction":[{"@type":"CommentAction","name":"Comment","target":["https:\/\/www.la-maison-naturelle.com\/blog\/fibre-de-bois-pour-strasbourg-dans-le-bas-rhin-67\/#respond"]}]},{"@type":"WebPage","@id":"https:\/\/www.la-maison-naturelle.com\/blog\/fibre-de-bois-pour-strasbourg-dans-le-bas-rhin-67\/","url":"https:\/\/www.la-maison-naturelle.com\/blog\/fibre-de-bois-pour-strasbourg-dans-le-bas-rhin-67\/","name":"Fibre de bois pour Strasbourg dans le Bas-Rhin 67 - La Maison naturelle | Blog","isPartOf":{"@id":"https:\/\/www.la-maison-naturelle.com\/blog\/#website"},"primaryImageOfPage":{"@id":"https:\/\/www.la-maison-naturelle.com\/blog\/fibre-de-bois-pour-strasbourg-dans-le-bas-rhin-67\/#primaryimage"},"image":{"@id":"https:\/\/www.la-maison-naturelle.com\/blog\/fibre-de-bois-pour-strasbourg-dans-le-bas-rhin-67\/#primaryimage"},"thumbnailUrl":"https:\/\/www.la-maison-naturelle.com\/blog\/wp-content\/uploads\/2012\/05\/Dark-Green-and-Gray-Professional-and-Clean-E-Commerce-Email-Header-300x35.png","datePublished":"2012-05-24T10:02:08+00:00","dateModified":"2023-08-04T17:44:52+00:00","breadcrumb":{"@id":"https:\/\/www.la-maison-naturelle.com\/blog\/fibre-de-bois-pour-strasbourg-dans-le-bas-rhin-67\/#breadcrumb"},"inLanguage":"fr-FR","potentialAction":[{"@type":"ReadAction","target":["https:\/\/www.la-maison-naturelle.com\/blog\/fibre-de-bois-pour-strasbourg-dans-le-bas-rhin-67\/"]}]},{"@type":"ImageObject","inLanguage":"fr-FR","@id":"https:\/\/www.la-maison-naturelle.com\/blog\/fibre-de-bois-pour-strasbourg-dans-le-bas-rhin-67\/#primaryimage","url":"https:\/\/www.la-maison-naturelle.com\/blog\/wp-content\/uploads\/2012\/05\/Dark-Green-and-Gray-Professional-and-Clean-E-Commerce-Email-Header.png","contentUrl":"https:\/\/www.la-maison-naturelle.com\/blog\/wp-content\/uploads\/2012\/05\/Dark-Green-and-Gray-Professional-and-Clean-E-Commerce-Email-Header.png","width":1578,"height":183},{"@type":"BreadcrumbList","@id":"https:\/\/www.la-maison-naturelle.com\/blog\/fibre-de-bois-pour-strasbourg-dans-le-bas-rhin-67\/#breadcrumb","itemListElement":[{"@type":"ListItem","position":1,"name":"Accueil","item":"https:\/\/www.la-maison-naturelle.com\/blog\/"},{"@type":"ListItem","position":2,"name":"Fibre de bois pour Strasbourg dans le Bas-Rhin 67"}]},{"@type":"WebSite","@id":"https:\/\/www.la-maison-naturelle.com\/blog\/#website","url":"https:\/\/www.la-maison-naturelle.com\/blog\/","name":"La Maison naturelle | Blog","description":"Blog de la Maison naturelle","publisher":{"@id":"https:\/\/www.la-maison-naturelle.com\/blog\/#organization"},"potentialAction":[{"@type":"SearchAction","target":{"@type":"EntryPoint","urlTemplate":"https:\/\/www.la-maison-naturelle.com\/blog\/?s={search_term_string}"},"query-input":{"@type":"PropertyValueSpecification","valueRequired":true,"valueName":"search_term_string"}}],"inLanguage":"fr-FR"},{"@type":"Organization","@id":"https:\/\/www.la-maison-naturelle.com\/blog\/#organization","name":"La Maison naturelle | Blog","url":"https:\/\/www.la-maison-naturelle.com\/blog\/","logo":{"@type":"ImageObject","inLanguage":"fr-FR","@id":"https:\/\/www.la-maison-naturelle.com\/blog\/#\/schema\/logo\/image\/","url":"https:\/\/www.la-maison-naturelle.com\/blog\/wp-content\/uploads\/2021\/07\/maison-naturelle-logo.svg","contentUrl":"https:\/\/www.la-maison-naturelle.com\/blog\/wp-content\/uploads\/2021\/07\/maison-naturelle-logo.svg","width":156,"height":64,"caption":"La Maison naturelle | Blog"},"image":{"@id":"https:\/\/www.la-maison-naturelle.com\/blog\/#\/schema\/logo\/image\/"}},{"@type":"Person","@id":"https:\/\/www.la-maison-naturelle.com\/blog\/#\/schema\/person\/cad2a9ed80410189f0688441d546d43f","name":"Eloise","image":{"@type":"ImageObject","inLanguage":"fr-FR","@id":"https:\/\/www.la-maison-naturelle.com\/blog\/#\/schema\/person\/image\/","url":"https:\/\/secure.gravatar.com\/avatar\/344186806f5e8613d4a2109f3b0228a847a7c0858a8023778c44bdcfc1111df9?s=96&d=mm&r=g","contentUrl":"https:\/\/secure.gravatar.com\/avatar\/344186806f5e8613d4a2109f3b0228a847a7c0858a8023778c44bdcfc1111df9?s=96&d=mm&r=g","caption":"Eloise"},"sameAs":["https:\/\/www.la-maison-naturelle.com\/"],"url":"https:\/\/www.la-maison-naturelle.com\/blog\/author\/idries\/"}]}},"_links":{"self":[{"href":"https:\/\/www.la-maison-naturelle.com\/blog\/wp-json\/wp\/v2\/posts\/1820","targetHints":{"allow":["GET"]}}],"collection":[{"href":"https:\/\/www.la-maison-naturelle.com\/blog\/wp-json\/wp\/v2\/posts"}],"about":[{"href":"https:\/\/www.la-maison-naturelle.com\/blog\/wp-json\/wp\/v2\/types\/post"}],"author":[{"embeddable":true,"href":"https:\/\/www.la-maison-naturelle.com\/blog\/wp-json\/wp\/v2\/users\/5"}],"replies":[{"embeddable":true,"href":"https:\/\/www.la-maison-naturelle.com\/blog\/wp-json\/wp\/v2\/comments?post=1820"}],"version-history":[{"count":4,"href":"https:\/\/www.la-maison-naturelle.com\/blog\/wp-json\/wp\/v2\/posts\/1820\/revisions"}],"predecessor-version":[{"id":5917,"href":"https:\/\/www.la-maison-naturelle.com\/blog\/wp-json\/wp\/v2\/posts\/1820\/revisions\/5917"}],"wp:attachment":[{"href":"https:\/\/www.la-maison-naturelle.com\/blog\/wp-json\/wp\/v2\/media?parent=1820"}],"wp:term":[{"taxonomy":"category","embeddable":true,"href":"https:\/\/www.la-maison-naturelle.com\/blog\/wp-json\/wp\/v2\/categories?post=1820"},{"taxonomy":"post_tag","embeddable":true,"href":"https:\/\/www.la-maison-naturelle.com\/blog\/wp-json\/wp\/v2\/tags?post=1820"}],"curies":[{"name":"wp","href":"https:\/\/api.w.org\/{rel}","templated":true}]}}