{"id":1568,"date":"2014-05-24T10:54:58","date_gmt":"2014-05-24T08:54:58","guid":{"rendered":"https:\/\/www.la-maison-naturelle.com\/blog\/?p=1568"},"modified":"2023-08-03T22:14:39","modified_gmt":"2023-08-03T20:14:39","slug":"solution-sarking-en-fibre-de-bois","status":"publish","type":"post","link":"https:\/\/www.la-maison-naturelle.com\/blog\/solution-sarking-en-fibre-de-bois\/","title":{"rendered":"Sarking : D\u00e9finition et solution avec la fibre de bois"},"content":{"rendered":"<h2>Qu&rsquo;est ce que le SARKING<\/h2>\n<p>Le terme <a href=\"https:\/\/www.la-maison-naturelle.com\/blog\/une-isolation-sarking\/\" data-internallinksmanager029f6b8e52c=\"100\" title=\"Qu'est-ce qu'une isolation sarking ?\">sarking<\/a> est un terme technique du b\u00e2timent d&rsquo;origine anglo-saxonne. Sarking sur ces \u00eeles c&rsquo;est l&rsquo;utilisation de panneaux en bois\u00a0 (en France on dirait\u00a0 platelage ), qu&rsquo;on place sous les tuiles d&rsquo;un toit pour servir de support \u00e0 la couverture. C&rsquo;est un terme tr\u00e8s commun en \u00c9cosse, Australie et Nouvelle-Z\u00e9lande. Les tuiles, les ardoises ou les bardeaux sont clou\u00e9s directement aux panneaux de sarking sans lattes ni contre-lattes de bois de construction, fournissant un toit fort et r\u00e9sistant au vent. Le terme \u00ab Sarking \u00bb peut aussi se r\u00e9f\u00e9rer \u00e0 une couche suppl\u00e9mentaire dans un toit qui isole ou qui refl\u00e8te la chaleur, comme une couche de feuille de m\u00e9tallique r\u00e9fl\u00e9chissante dite thermo-r\u00e9flecteurs, ou les isolants en polystyr\u00e8nes durs ou encore les <a href=\"https:\/\/www.la-maison-naturelle.com\/5273-isolation\" data-internallinksmanager029f6b8e52c=\"149\" title=\"isolation ecologique\">isolants naturels<\/a>\u00a0 bio-sourc\u00e9s comme la <u>laine de bois <\/u>ou la <u><a href=\"https:\/\/www.la-maison-naturelle.com\/3004-ouate-de-cellulose\" data-internallinksmanager029f6b8e52c=\"72\" title=\"ouate de cellulose\">ouate de cellulose<\/a><\/u>.<\/p>\n<h2>Mise en \u0153uvre de Sylvactis en mode sarking<\/h2>\n<h3>La pose en sur-toiture en mode \u00ab sarking \u00bb permet de conserver l&rsquo;aspect initial d\u00e9coratif de la charpente int\u00e9rieure.<\/h3>\n<p><u><a href=\"https:\/\/www.la-maison-naturelle.com\/blog\/bien-choisir-son-panneau-bois-osb2-osb3-et-osb4\/\" data-internallinksmanager029f6b8e52c=\"9\" title=\"OSB\">OSB 4<\/a><\/u> est install\u00e9 sur les chevrons. On agrafe ensuite le <u><a href=\"https:\/\/www.la-maison-naturelle.com\/3132-pare-vapeur\" data-internallinksmanager029f6b8e52c=\"1\" title=\"Pare Vapeur\">pare-vapeur<\/a><\/u>\u00a0 sur le platelage en commen\u00e7ant par le bas de la toiture. Aux jonctions, superposer les l\u00e8s du pare vapeur sur 15 cm au moins et utiliser du mastic ou une bande adh\u00e9sive pour r\u00e9aliser l&rsquo;\u00e9tanch\u00e9it\u00e9 \u00e0 l&rsquo;eau et \u00e0 l&rsquo;air, bien maroufler les jonctions.<\/p>\n<p>En bas de pente on fixe une but\u00e9e d&rsquo;une hauteur \u00e9gale \u00e0 l&rsquo;\u00e9paisseur totale de l&rsquo;isolant. Les panneaux du deuxi\u00e8me rang doivent \u00eatre pos\u00e9s en quinconce avec ceux du premier rang. On commence la pose des <u>panneaux <a href=\"https:\/\/www.la-maison-naturelle.com\/blog\/ventes-promotionnelles-sylvactis-55-fx\/\" data-internallinksmanager029f6b8e52c=\"151\" title=\"Ventes Promotionnelles SYLVACTIS 55 FX : Ne manquez pas cette occasion de poss\u00e9der un bateau exceptionnel\">Sylvactis<\/a><\/u>\u00a0 en s&rsquo;appuyant sur la but\u00e9e et perpendiculairement aux chevrons.<\/p>\n<p>La d\u00e9coupe des panneaux se fait ais\u00e9ment \u00e0 la scie. Poser une deuxi\u00e8me couche en quinconce par rapport \u00e0 la premi\u00e8re. Bien serrer les panneaux les uns contre les autres. La pose de panneaux haute <a href=\"https:\/\/www.la-maison-naturelle.com\/blog\/la-densite-dun-isolant\/\" data-internallinksmanager029f6b8e52c=\"124\" title=\"Qu'est-ce que la densit\u00e9 d'un isolant ?\">densit\u00e9<\/a> bouvet\u00e9s sur les quatre c\u00f4t\u00e9s fait office d&rsquo;\u00e9cran de sous toiture.<\/p>\n<p>Commencez par le bas en fixant les panneaux sur la but\u00e9e. Les panneaux du deuxi\u00e8me rang doivent \u00eatre pos\u00e9s en quinconce avec ceux du premier rang. Rep\u00e9rez la position du chevrons en haut et en bas de toiture et tracez au cordeau sa position pour viser les contre-liteaux directement dans les chevrons.<\/p>\n<p>A partir du bas de pente, placez une vis tous les 70 cm maximum et \u00e0 10cm de chaque extr\u00e9mit\u00e9 des contre-lattes. La premi\u00e8re vis au droit du larmier doit \u00eatre perc\u00e9e perpendiculairement \u00e0 la toiture. Les vis suivantes doivent \u00eatre perc\u00e9es alternativement \u00e0 30 degr\u00e9s, soit vers l&rsquo;amont soit vers l&rsquo;aval afin d&rsquo;assurer une meilleure tenue \u00e0 l&rsquo;arrachement.<\/p>\n<p>On termine par la pose de la couverture.<\/p>\n","protected":false},"excerpt":{"rendered":"<p>Qu&rsquo;est ce que le SARKING Le terme sarking est un terme technique du b\u00e2timent d&rsquo;origine anglo-saxonne. Sarking sur ces \u00eeles c&rsquo;est l&rsquo;utilisation de panneaux en bois\u00a0 (en France on dirait\u00a0 platelage ), qu&rsquo;on place sous les tuiles d&rsquo;un toit pour servir de support \u00e0 la couverture. C&rsquo;est un terme tr\u00e8s commun en \u00c9cosse, Australie et [&hellip;]<\/p>\n","protected":false},"author":5,"featured_media":0,"comment_status":"open","ping_status":"open","sticky":false,"template":"","format":"standard","meta":{"footnotes":""},"categories":[5],"tags":[],"class_list":["post-1568","post","type-post","status-publish","format-standard","hentry","category-espace-pro"],"_wp_attached_file":null,"_wp_attachment_metadata":null,"_wp_attachment_context":null,"_wp_attachment_image_alt":null,"_hf_settings":null,"hf_message_success":null,"hf_message_invalid_email":null,"hf_message_required_field_missing":null,"hf_message_error":null,"_menu_item_type":null,"_menu_item_menu_item_parent":null,"_menu_item_object_id":null,"_menu_item_object":null,"_menu_item_target":null,"_menu_item_classes":null,"_menu_item_xfn":null,"_menu_item_url":null,"_yoast_wpseo_primary_category":"5","_thumbnail_id":null,"_oembed_26d84b2c06432105b0a19987ae029a71":null,"_oembed_43e9e2dfde1b9b4ed91c9711026b7ef9":null,"_oembed_1fe1564764edbddc3b61e81acf52be88":null,"_oembed_df60f474cd845141e7ce6596d101e4a0":null,"_oembed_825e674795e2435c0bc66eb08e5d2c8b":null,"_oembed_time_825e674795e2435c0bc66eb08e5d2c8b":null,"_oembed_e917352ff4cc21ea91383201eeaa08cf":null,"_oembed_2363c16c972791c33e283320dc564fce":null,"_oembed_cc9ad5b5073a84776f6a62e33e6c7498":null,"_oembed_time_cc9ad5b5073a84776f6a62e33e6c7498":null,"_oembed_305147fcf4b856de518466e695c209cd":null,"_oembed_8517a877084ae01a5296813ee1d16a2b":null,"_oembed_2741f1556b243e68379198f98ba7f864":null,"_oembed_c3ffa24981451396c950ece2129da0f6":null,"_oembed_6f9091ebe2f3f5fcb5698ba6f4b41477":null,"_wp_old_slug":null,"_oembed_e4fb0f68ba12b85e9e231afe151ba12a":null,"_oembed_3c60e98bd703e617e67f5bbb3b97424d":null,"_oembed_bb060374498dcf40cb6068efe4be87e1":null,"_oembed_d0403e1e71c3a29020bd546b159480f1":null,"_oembed_b030ff17fbbbf8661c59c2ab8ff289eb":null,"_oembed_5cec699ba0631c6c0e4ba4f6af5f228e":null,"_oembed_b06a67f278b90cf4e8dd17cb12fe67b0":null,"_oembed_8e190e4fea2256f17420434651556236":null,"_oembed_b5ded119f1337916a0fc64d2ad85c95f":null,"_oembed_d9364a7a81be31c01415da2c50a48932":null,"_oembed_738cafa36d51a58e5ae3e458aa8f7584":null,"_oembed_ebcab5184b6b321b28efbcbec079859b":null,"_oembed_3dd9e35c2b7b268070e74da5b89cf937":null,"_oembed_e14b167b493e311a1c4e2aab38a463e8":null,"_oembed_dc8f7d108b38f3f0c2e0785b8bc46cae":null,"_oembed_55cf1c5142884afed312c2666bf27520":null,"_oembed_2292333bf03a956b4b61afafeff6bca0":null,"_oembed_82a986a6b900856fec23169de03a0038":null,"_oembed_4048ded025352b83569104210074165a":null,"_oembed_033b42b1af757abc39e4487233cee7f5":null,"_oembed_aec1d50f2b159366be8e37e94b201be1":null,"_oembed_0adc8480b2fcadf9a1733f572ce3d3f8":null,"_yoast_wpseo_title":null,"_yoast_wpseo_focuskw":null,"_yoast_wpseo_linkdex":null,"_yoast_wpseo_metadesc":null,"_yoast_wpseo_wordproof_timestamp":null,"_tpl_archive_meta_key":null,"_form":null,"_mail":null,"_mail_2":null,"_messages":null,"_additional_settings":null,"_locale":null,"_wp_old_date":null,"_edit_last":"5","_wpb_vc_js_status":"false","_yoast_wpseo_estimated-reading-time-minutes":"2","_edit_lock":"1691093680:5","_yoast_wpseo_content_score":"30","yoast_head":"<!-- This site is optimized with the Yoast SEO plugin v24.3 - https:\/\/yoast.com\/wordpress\/plugins\/seo\/ -->\n<title>Sarking : D\u00e9finition et solution avec la fibre de bois - La Maison naturelle | Blog<\/title>\n<meta name=\"robots\" content=\"index, follow, max-snippet:-1, max-image-preview:large, max-video-preview:-1\" \/>\n<link rel=\"canonical\" href=\"https:\/\/www.la-maison-naturelle.com\/blog\/solution-sarking-en-fibre-de-bois\/\" \/>\n<meta property=\"og:locale\" content=\"fr_FR\" \/>\n<meta property=\"og:type\" content=\"article\" \/>\n<meta property=\"og:title\" content=\"Sarking : D\u00e9finition et solution avec la fibre de bois - La Maison naturelle | Blog\" \/>\n<meta property=\"og:description\" content=\"Qu&rsquo;est ce que le SARKING Le terme sarking est un terme technique du b\u00e2timent d&rsquo;origine anglo-saxonne. Sarking sur ces \u00eeles c&rsquo;est l&rsquo;utilisation de panneaux en bois\u00a0 (en France on dirait\u00a0 platelage ), qu&rsquo;on place sous les tuiles d&rsquo;un toit pour servir de support \u00e0 la couverture. C&rsquo;est un terme tr\u00e8s commun en \u00c9cosse, Australie et [&hellip;]\" \/>\n<meta property=\"og:url\" content=\"https:\/\/www.la-maison-naturelle.com\/blog\/solution-sarking-en-fibre-de-bois\/\" \/>\n<meta property=\"og:site_name\" content=\"La Maison naturelle | Blog\" \/>\n<meta property=\"article:published_time\" content=\"2014-05-24T08:54:58+00:00\" \/>\n<meta property=\"article:modified_time\" content=\"2023-08-03T20:14:39+00:00\" \/>\n<meta name=\"author\" content=\"Eloise\" \/>\n<meta name=\"twitter:card\" content=\"summary_large_image\" \/>\n<meta name=\"twitter:label1\" content=\"\u00c9crit par\" \/>\n\t<meta name=\"twitter:data1\" content=\"Eloise\" \/>\n\t<meta name=\"twitter:label2\" content=\"Dur\u00e9e de lecture estim\u00e9e\" \/>\n\t<meta name=\"twitter:data2\" content=\"2 minutes\" \/>\n<script type=\"application\/ld+json\" class=\"yoast-schema-graph\">{\"@context\":\"https:\/\/schema.org\",\"@graph\":[{\"@type\":\"Article\",\"@id\":\"https:\/\/www.la-maison-naturelle.com\/blog\/solution-sarking-en-fibre-de-bois\/#article\",\"isPartOf\":{\"@id\":\"https:\/\/www.la-maison-naturelle.com\/blog\/solution-sarking-en-fibre-de-bois\/\"},\"author\":{\"name\":\"Eloise\",\"@id\":\"https:\/\/www.la-maison-naturelle.com\/blog\/#\/schema\/person\/cad2a9ed80410189f0688441d546d43f\"},\"headline\":\"Sarking : D\u00e9finition et solution avec la fibre de bois\",\"datePublished\":\"2014-05-24T08:54:58+00:00\",\"dateModified\":\"2023-08-03T20:14:39+00:00\",\"mainEntityOfPage\":{\"@id\":\"https:\/\/www.la-maison-naturelle.com\/blog\/solution-sarking-en-fibre-de-bois\/\"},\"wordCount\":472,\"commentCount\":0,\"publisher\":{\"@id\":\"https:\/\/www.la-maison-naturelle.com\/blog\/#organization\"},\"articleSection\":[\"Espace pro\"],\"inLanguage\":\"fr-FR\",\"potentialAction\":[{\"@type\":\"CommentAction\",\"name\":\"Comment\",\"target\":[\"https:\/\/www.la-maison-naturelle.com\/blog\/solution-sarking-en-fibre-de-bois\/#respond\"]}]},{\"@type\":\"WebPage\",\"@id\":\"https:\/\/www.la-maison-naturelle.com\/blog\/solution-sarking-en-fibre-de-bois\/\",\"url\":\"https:\/\/www.la-maison-naturelle.com\/blog\/solution-sarking-en-fibre-de-bois\/\",\"name\":\"Sarking : D\u00e9finition et solution avec la fibre de bois - La Maison naturelle | Blog\",\"isPartOf\":{\"@id\":\"https:\/\/www.la-maison-naturelle.com\/blog\/#website\"},\"datePublished\":\"2014-05-24T08:54:58+00:00\",\"dateModified\":\"2023-08-03T20:14:39+00:00\",\"breadcrumb\":{\"@id\":\"https:\/\/www.la-maison-naturelle.com\/blog\/solution-sarking-en-fibre-de-bois\/#breadcrumb\"},\"inLanguage\":\"fr-FR\",\"potentialAction\":[{\"@type\":\"ReadAction\",\"target\":[\"https:\/\/www.la-maison-naturelle.com\/blog\/solution-sarking-en-fibre-de-bois\/\"]}]},{\"@type\":\"BreadcrumbList\",\"@id\":\"https:\/\/www.la-maison-naturelle.com\/blog\/solution-sarking-en-fibre-de-bois\/#breadcrumb\",\"itemListElement\":[{\"@type\":\"ListItem\",\"position\":1,\"name\":\"Accueil\",\"item\":\"https:\/\/www.la-maison-naturelle.com\/blog\/\"},{\"@type\":\"ListItem\",\"position\":2,\"name\":\"Sarking : D\u00e9finition et solution avec la fibre de bois\"}]},{\"@type\":\"WebSite\",\"@id\":\"https:\/\/www.la-maison-naturelle.com\/blog\/#website\",\"url\":\"https:\/\/www.la-maison-naturelle.com\/blog\/\",\"name\":\"La Maison naturelle | Blog\",\"description\":\"Blog de la Maison naturelle\",\"publisher\":{\"@id\":\"https:\/\/www.la-maison-naturelle.com\/blog\/#organization\"},\"potentialAction\":[{\"@type\":\"SearchAction\",\"target\":{\"@type\":\"EntryPoint\",\"urlTemplate\":\"https:\/\/www.la-maison-naturelle.com\/blog\/?s={search_term_string}\"},\"query-input\":{\"@type\":\"PropertyValueSpecification\",\"valueRequired\":true,\"valueName\":\"search_term_string\"}}],\"inLanguage\":\"fr-FR\"},{\"@type\":\"Organization\",\"@id\":\"https:\/\/www.la-maison-naturelle.com\/blog\/#organization\",\"name\":\"La Maison naturelle | Blog\",\"url\":\"https:\/\/www.la-maison-naturelle.com\/blog\/\",\"logo\":{\"@type\":\"ImageObject\",\"inLanguage\":\"fr-FR\",\"@id\":\"https:\/\/www.la-maison-naturelle.com\/blog\/#\/schema\/logo\/image\/\",\"url\":\"https:\/\/www.la-maison-naturelle.com\/blog\/wp-content\/uploads\/2021\/07\/maison-naturelle-logo.svg\",\"contentUrl\":\"https:\/\/www.la-maison-naturelle.com\/blog\/wp-content\/uploads\/2021\/07\/maison-naturelle-logo.svg\",\"width\":156,\"height\":64,\"caption\":\"La Maison naturelle | Blog\"},\"image\":{\"@id\":\"https:\/\/www.la-maison-naturelle.com\/blog\/#\/schema\/logo\/image\/\"}},{\"@type\":\"Person\",\"@id\":\"https:\/\/www.la-maison-naturelle.com\/blog\/#\/schema\/person\/cad2a9ed80410189f0688441d546d43f\",\"name\":\"Eloise\",\"image\":{\"@type\":\"ImageObject\",\"inLanguage\":\"fr-FR\",\"@id\":\"https:\/\/www.la-maison-naturelle.com\/blog\/#\/schema\/person\/image\/\",\"url\":\"https:\/\/secure.gravatar.com\/avatar\/344186806f5e8613d4a2109f3b0228a847a7c0858a8023778c44bdcfc1111df9?s=96&d=mm&r=g\",\"contentUrl\":\"https:\/\/secure.gravatar.com\/avatar\/344186806f5e8613d4a2109f3b0228a847a7c0858a8023778c44bdcfc1111df9?s=96&d=mm&r=g\",\"caption\":\"Eloise\"},\"sameAs\":[\"https:\/\/www.la-maison-naturelle.com\/\"],\"url\":\"https:\/\/www.la-maison-naturelle.com\/blog\/author\/idries\/\"}]}<\/script>\n<!-- \/ Yoast SEO plugin. -->","yoast_head_json":{"title":"Sarking : D\u00e9finition et solution avec la fibre de bois - La Maison naturelle | Blog","robots":{"index":"index","follow":"follow","max-snippet":"max-snippet:-1","max-image-preview":"max-image-preview:large","max-video-preview":"max-video-preview:-1"},"canonical":"https:\/\/www.la-maison-naturelle.com\/blog\/solution-sarking-en-fibre-de-bois\/","og_locale":"fr_FR","og_type":"article","og_title":"Sarking : D\u00e9finition et solution avec la fibre de bois - La Maison naturelle | Blog","og_description":"Qu&rsquo;est ce que le SARKING Le terme sarking est un terme technique du b\u00e2timent d&rsquo;origine anglo-saxonne. Sarking sur ces \u00eeles c&rsquo;est l&rsquo;utilisation de panneaux en bois\u00a0 (en France on dirait\u00a0 platelage ), qu&rsquo;on place sous les tuiles d&rsquo;un toit pour servir de support \u00e0 la couverture. C&rsquo;est un terme tr\u00e8s commun en \u00c9cosse, Australie et [&hellip;]","og_url":"https:\/\/www.la-maison-naturelle.com\/blog\/solution-sarking-en-fibre-de-bois\/","og_site_name":"La Maison naturelle | Blog","article_published_time":"2014-05-24T08:54:58+00:00","article_modified_time":"2023-08-03T20:14:39+00:00","author":"Eloise","twitter_card":"summary_large_image","twitter_misc":{"\u00c9crit par":"Eloise","Dur\u00e9e de lecture estim\u00e9e":"2 minutes"},"schema":{"@context":"https:\/\/schema.org","@graph":[{"@type":"Article","@id":"https:\/\/www.la-maison-naturelle.com\/blog\/solution-sarking-en-fibre-de-bois\/#article","isPartOf":{"@id":"https:\/\/www.la-maison-naturelle.com\/blog\/solution-sarking-en-fibre-de-bois\/"},"author":{"name":"Eloise","@id":"https:\/\/www.la-maison-naturelle.com\/blog\/#\/schema\/person\/cad2a9ed80410189f0688441d546d43f"},"headline":"Sarking : D\u00e9finition et solution avec la fibre de bois","datePublished":"2014-05-24T08:54:58+00:00","dateModified":"2023-08-03T20:14:39+00:00","mainEntityOfPage":{"@id":"https:\/\/www.la-maison-naturelle.com\/blog\/solution-sarking-en-fibre-de-bois\/"},"wordCount":472,"commentCount":0,"publisher":{"@id":"https:\/\/www.la-maison-naturelle.com\/blog\/#organization"},"articleSection":["Espace pro"],"inLanguage":"fr-FR","potentialAction":[{"@type":"CommentAction","name":"Comment","target":["https:\/\/www.la-maison-naturelle.com\/blog\/solution-sarking-en-fibre-de-bois\/#respond"]}]},{"@type":"WebPage","@id":"https:\/\/www.la-maison-naturelle.com\/blog\/solution-sarking-en-fibre-de-bois\/","url":"https:\/\/www.la-maison-naturelle.com\/blog\/solution-sarking-en-fibre-de-bois\/","name":"Sarking : D\u00e9finition et solution avec la fibre de bois - La Maison naturelle | Blog","isPartOf":{"@id":"https:\/\/www.la-maison-naturelle.com\/blog\/#website"},"datePublished":"2014-05-24T08:54:58+00:00","dateModified":"2023-08-03T20:14:39+00:00","breadcrumb":{"@id":"https:\/\/www.la-maison-naturelle.com\/blog\/solution-sarking-en-fibre-de-bois\/#breadcrumb"},"inLanguage":"fr-FR","potentialAction":[{"@type":"ReadAction","target":["https:\/\/www.la-maison-naturelle.com\/blog\/solution-sarking-en-fibre-de-bois\/"]}]},{"@type":"BreadcrumbList","@id":"https:\/\/www.la-maison-naturelle.com\/blog\/solution-sarking-en-fibre-de-bois\/#breadcrumb","itemListElement":[{"@type":"ListItem","position":1,"name":"Accueil","item":"https:\/\/www.la-maison-naturelle.com\/blog\/"},{"@type":"ListItem","position":2,"name":"Sarking : D\u00e9finition et solution avec la fibre de bois"}]},{"@type":"WebSite","@id":"https:\/\/www.la-maison-naturelle.com\/blog\/#website","url":"https:\/\/www.la-maison-naturelle.com\/blog\/","name":"La Maison naturelle | Blog","description":"Blog de la Maison naturelle","publisher":{"@id":"https:\/\/www.la-maison-naturelle.com\/blog\/#organization"},"potentialAction":[{"@type":"SearchAction","target":{"@type":"EntryPoint","urlTemplate":"https:\/\/www.la-maison-naturelle.com\/blog\/?s={search_term_string}"},"query-input":{"@type":"PropertyValueSpecification","valueRequired":true,"valueName":"search_term_string"}}],"inLanguage":"fr-FR"},{"@type":"Organization","@id":"https:\/\/www.la-maison-naturelle.com\/blog\/#organization","name":"La Maison naturelle | Blog","url":"https:\/\/www.la-maison-naturelle.com\/blog\/","logo":{"@type":"ImageObject","inLanguage":"fr-FR","@id":"https:\/\/www.la-maison-naturelle.com\/blog\/#\/schema\/logo\/image\/","url":"https:\/\/www.la-maison-naturelle.com\/blog\/wp-content\/uploads\/2021\/07\/maison-naturelle-logo.svg","contentUrl":"https:\/\/www.la-maison-naturelle.com\/blog\/wp-content\/uploads\/2021\/07\/maison-naturelle-logo.svg","width":156,"height":64,"caption":"La Maison naturelle | Blog"},"image":{"@id":"https:\/\/www.la-maison-naturelle.com\/blog\/#\/schema\/logo\/image\/"}},{"@type":"Person","@id":"https:\/\/www.la-maison-naturelle.com\/blog\/#\/schema\/person\/cad2a9ed80410189f0688441d546d43f","name":"Eloise","image":{"@type":"ImageObject","inLanguage":"fr-FR","@id":"https:\/\/www.la-maison-naturelle.com\/blog\/#\/schema\/person\/image\/","url":"https:\/\/secure.gravatar.com\/avatar\/344186806f5e8613d4a2109f3b0228a847a7c0858a8023778c44bdcfc1111df9?s=96&d=mm&r=g","contentUrl":"https:\/\/secure.gravatar.com\/avatar\/344186806f5e8613d4a2109f3b0228a847a7c0858a8023778c44bdcfc1111df9?s=96&d=mm&r=g","caption":"Eloise"},"sameAs":["https:\/\/www.la-maison-naturelle.com\/"],"url":"https:\/\/www.la-maison-naturelle.com\/blog\/author\/idries\/"}]}},"_links":{"self":[{"href":"https:\/\/www.la-maison-naturelle.com\/blog\/wp-json\/wp\/v2\/posts\/1568","targetHints":{"allow":["GET"]}}],"collection":[{"href":"https:\/\/www.la-maison-naturelle.com\/blog\/wp-json\/wp\/v2\/posts"}],"about":[{"href":"https:\/\/www.la-maison-naturelle.com\/blog\/wp-json\/wp\/v2\/types\/post"}],"author":[{"embeddable":true,"href":"https:\/\/www.la-maison-naturelle.com\/blog\/wp-json\/wp\/v2\/users\/5"}],"replies":[{"embeddable":true,"href":"https:\/\/www.la-maison-naturelle.com\/blog\/wp-json\/wp\/v2\/comments?post=1568"}],"version-history":[{"count":2,"href":"https:\/\/www.la-maison-naturelle.com\/blog\/wp-json\/wp\/v2\/posts\/1568\/revisions"}],"predecessor-version":[{"id":5324,"href":"https:\/\/www.la-maison-naturelle.com\/blog\/wp-json\/wp\/v2\/posts\/1568\/revisions\/5324"}],"wp:attachment":[{"href":"https:\/\/www.la-maison-naturelle.com\/blog\/wp-json\/wp\/v2\/media?parent=1568"}],"wp:term":[{"taxonomy":"category","embeddable":true,"href":"https:\/\/www.la-maison-naturelle.com\/blog\/wp-json\/wp\/v2\/categories?post=1568"},{"taxonomy":"post_tag","embeddable":true,"href":"https:\/\/www.la-maison-naturelle.com\/blog\/wp-json\/wp\/v2\/tags?post=1568"}],"curies":[{"name":"wp","href":"https:\/\/api.w.org\/{rel}","templated":true}]}}