{"id":1561,"date":"2011-04-24T10:49:47","date_gmt":"2011-04-24T08:49:47","guid":{"rendered":"https:\/\/www.la-maison-naturelle.com\/blog\/?p=1561"},"modified":"2023-08-04T20:02:50","modified_gmt":"2023-08-04T18:02:50","slug":"soufflage-fibre-de-bois-isobag-sylvactis-video","status":"publish","type":"post","link":"https:\/\/www.la-maison-naturelle.com\/blog\/soufflage-fibre-de-bois-isobag-sylvactis-video\/","title":{"rendered":"Les 3 principales raisons pour isoler ses combles avec de la fibre de bois \u00e0 souffler"},"content":{"rendered":"<table style=\" width=\"100%\",max-width=\"839\">\n<tbody>\n<tr>\n<td colspan=\"3\"><a href=\"https:\/\/www.la-maison-naturelle.com\/\"><img decoding=\"async\" class=\"wp-image-5568 aligncenter\" src=\"https:\/\/www.la-maison-naturelle.com\/blog\/wp-content\/uploads\/2012\/05\/Dark-Green-and-Gray-Professional-and-Clean-E-Commerce-Email-Header-300x35.png\" alt=\"\" width=\"839\" srcset=\"https:\/\/www.la-maison-naturelle.com\/blog\/wp-content\/uploads\/2012\/05\/Dark-Green-and-Gray-Professional-and-Clean-E-Commerce-Email-Header-300x35.png 300w, https:\/\/www.la-maison-naturelle.com\/blog\/wp-content\/uploads\/2012\/05\/Dark-Green-and-Gray-Professional-and-Clean-E-Commerce-Email-Header-1024x119.png 1024w, https:\/\/www.la-maison-naturelle.com\/blog\/wp-content\/uploads\/2012\/05\/Dark-Green-and-Gray-Professional-and-Clean-E-Commerce-Email-Header-768x89.png 768w, https:\/\/www.la-maison-naturelle.com\/blog\/wp-content\/uploads\/2012\/05\/Dark-Green-and-Gray-Professional-and-Clean-E-Commerce-Email-Header-1536x178.png 1536w, https:\/\/www.la-maison-naturelle.com\/blog\/wp-content\/uploads\/2012\/05\/Dark-Green-and-Gray-Professional-and-Clean-E-Commerce-Email-Header.png 1578w\" sizes=\"(max-width: 300px) 100vw, 300px\" \/><\/a><\/td>\n<\/tr>\n<tr>\n<td><a href=\"https:\/\/www.la-maison-naturelle.com\/5260-materiaux-et-bricolage\"><img loading=\"lazy\" decoding=\"async\" class=\"alignright size-medium wp-image-5565\" src=\"https:\/\/www.la-maison-naturelle.com\/blog\/wp-content\/uploads\/2012\/05\/73a5f09c-2ef6-46dd-90d1-9cf73599e16b-1-249x300.png\" alt=\"Mat\u00e9riaux et bricolage\" width=\"249\" height=\"300\" srcset=\"https:\/\/www.la-maison-naturelle.com\/blog\/wp-content\/uploads\/2012\/05\/73a5f09c-2ef6-46dd-90d1-9cf73599e16b-1-249x300.png 249w, https:\/\/www.la-maison-naturelle.com\/blog\/wp-content\/uploads\/2012\/05\/73a5f09c-2ef6-46dd-90d1-9cf73599e16b-1.png 397w\" sizes=\"auto, (max-width: 249px) 100vw, 249px\" \/><\/a><\/td>\n<td><a href=\"https:\/\/www.la-maison-naturelle.com\/5266-amenagement-du-jardin\"><img loading=\"lazy\" decoding=\"async\" class=\"alignright size-medium wp-image-5564\" src=\"https:\/\/www.la-maison-naturelle.com\/blog\/wp-content\/uploads\/2012\/05\/9224811f-6da5-4d4d-8634-e9a2517a9565-1-249x300.png\" alt=\"Jardin et ext\u00e9rieur\" width=\"249\" height=\"300\" srcset=\"https:\/\/www.la-maison-naturelle.com\/blog\/wp-content\/uploads\/2012\/05\/9224811f-6da5-4d4d-8634-e9a2517a9565-1-249x300.png 249w, https:\/\/www.la-maison-naturelle.com\/blog\/wp-content\/uploads\/2012\/05\/9224811f-6da5-4d4d-8634-e9a2517a9565-1.png 397w\" sizes=\"auto, (max-width: 249px) 100vw, 249px\" \/><\/a><\/td>\n<td><a href=\"https:\/\/www.la-maison-naturelle.com\/5267-interieur-et-decoration\"><img loading=\"lazy\" decoding=\"async\" class=\"alignright size-medium wp-image-5563\" src=\"https:\/\/www.la-maison-naturelle.com\/blog\/wp-content\/uploads\/2012\/05\/b9400ea8-440a-4a4a-8db6-682fde3f9652-1-249x300.png\" alt=\"Int\u00e9rieur et d\u00e9coration\" width=\"249\" height=\"300\" srcset=\"https:\/\/www.la-maison-naturelle.com\/blog\/wp-content\/uploads\/2012\/05\/b9400ea8-440a-4a4a-8db6-682fde3f9652-1-249x300.png 249w, https:\/\/www.la-maison-naturelle.com\/blog\/wp-content\/uploads\/2012\/05\/b9400ea8-440a-4a4a-8db6-682fde3f9652-1.png 397w\" sizes=\"auto, (max-width: 249px) 100vw, 249px\" \/><\/a><\/td>\n<\/tr>\n<\/tbody>\n<\/table>\n<hr \/>\n<p style=\"text-align: center;\"><strong>Vous souhaitez isoler vos combles perdus? Retrouver tous les <a href=\"https:\/\/www.la-maison-naturelle.com\/\">produits et conseils de pose sur notre boutique<\/a><\/strong><\/p>\n<hr \/>\n<p dir=\"auto\">L&rsquo;isolation est un excellent moyen de r\u00e9duire la quantit\u00e9 d&rsquo;\u00e9nergie qui se perd dans votre maison. Cependant, l&rsquo;isolation peut \u00eatre perdue par un processus appel\u00e9 soufflage. Cet article explore trois raisons pour lesquelles l&rsquo;isolation est perdue par le soufflage.<\/p>\n<p dir=\"auto\">1) Isolation emport\u00e9e par le vent &#8211; L&rsquo;isolation peut \u00eatre emport\u00e9e par le vent si elle n&rsquo;est pas correctement fix\u00e9e, ce qui peut entra\u00eener de graves probl\u00e8mes d&rsquo;efficacit\u00e9 \u00e9nerg\u00e9tique de votre maison.<\/p>\n<p dir=\"auto\">2) L&rsquo;air isol\u00e9 fuit &#8211; S&rsquo;il y a des lacunes dans l&rsquo;isolation, l&rsquo;air isol\u00e9 fuira, ce qui signifie que vous perdez de l&rsquo;argent en gaspillant de l&rsquo;\u00e9nergie.<\/p>\n<p dir=\"auto\">3) La salet\u00e9 p\u00e9n\u00e9trant dans l&rsquo;isolant &#8211; La salet\u00e9 p\u00e9n\u00e9trant dans l&rsquo;isolant signifie qu&rsquo;elle ne sera pas aussi efficace et qu&rsquo;elle causera \u00e9galement des probl\u00e8mes de sant\u00e9 dus \u00e0 la croissance de moisissures.<\/p>\n<p>&nbsp;<\/p>\n<hr \/>\n<p style=\"text-align: center;\"><strong>Vous souhaitez isoler vos combles perdus? Retrouver tous les <a href=\"https:\/\/www.la-maison-naturelle.com\/\">produits et conseils de pose sur notre boutique<\/a><\/strong><\/p>\n<hr \/>\n<p>La pose de la <a href=\"https:\/\/www.la-maison-naturelle.com\/isolation-interieure\/10904-laine-de-bois-vrac-a-souffler-steico-zell-vendu-par-sac-de-15kg-5901115302773.html\" data-internallinksmanager029f6b8e52c=\"68\" title=\"steico zell\">fibre de bois en vrac<\/a> dans les combles perdus, les planchers de combles ou les greniers am\u00e9nag\u00e9s ou am\u00e9nageables s&rsquo;effectue \u00e0 l&rsquo;aide d&rsquo;une souffleuse cardeuse. La pose des isolants en vrac est r\u00e9glement\u00e9e par les avis techniques de chaque produit. Pour connaitre les besoins en quantit\u00e9 de la fibre de bois <a href=\"https:\/\/www.la-maison-naturelle.com\/brand\/1-steico\" data-internallinksmanager029f6b8e52c=\"71\" title=\"STEICO\">STEICO<\/a> FLEX pour obtenir le coefficient d&rsquo;isolation thermique R d\u00e9sir\u00e9, reportez vous au tableau des \u00e9paisseurs STEICO ZELL.<\/p>\n<p>D\u00e9monstration de pose de la fibre de bois STEICO ZELL par soufflage<\/p>\n<h3 dir=\"auto\">Introduction\u00a0: pourquoi l&rsquo;isolation est perdue lors du soufflage et quels sont les risques d&rsquo;une isolation insuffisante\u00a0?<\/h3>\n<p dir=\"auto\">L&rsquo;isolation est perdue lors du soufflage car le mat\u00e9riau passe de la zone haute pression \u00e0 la zone basse pression, et lorsque l&rsquo;isolation est insuffisante, le risque de condensation et de d\u00e9veloppement de moisissures augmente.<\/p>\n<p dir=\"auto\">L&rsquo;isolation est perdue lors du soufflage car le mat\u00e9riau passe d&rsquo;une zone \u00e0 haute pression \u00e0 une zone \u00e0 basse pression. Cela signifie qu&rsquo;il y aura moins d&rsquo;isolation dans les zones o\u00f9 il y a plus de courants d&rsquo;air, comme pr\u00e8s des fen\u00eatres ou des portes. Une isolation insuffisante peut entra\u00eener de la condensation et la formation de moisissures.<\/p>\n<h3 dir=\"auto\">1. L&rsquo;air circule et perd de la chaleur \u00e0 travers des mat\u00e9riaux peu rigides<\/h3>\n<p dir=\"auto\">L&rsquo;air est la substance la plus r\u00e9pandue sur Terre. C&rsquo;est un m\u00e9lange de gaz et de particules en mouvement constant qui circule autour de la plan\u00e8te.<\/p>\n<p dir=\"auto\">L&rsquo;air circule dans l&rsquo;atmosph\u00e8re et perd de la chaleur \u00e0 travers des mat\u00e9riaux moins rigides comme la vapeur d&rsquo;eau, le dioxyde de carbone et le m\u00e9thane. Ces substances peuvent \u00e9galement absorber la chaleur d&rsquo;autres sources pour aider \u00e0 maintenir la temp\u00e9rature de la Terre stable.<\/p>\n<h3 dir=\"auto\">2. L&rsquo;air circule de mani\u00e8re unique \u00e0 travers des mat\u00e9riaux peu rigides<\/h3>\n<p dir=\"auto\">Dans cette section, nous discuterons du flux d&rsquo;air \u00e0 travers des mat\u00e9riaux moins rigides. Nous examinerons comment l&rsquo;air circule de mani\u00e8re unique \u00e0 travers diff\u00e9rents types de mat\u00e9riaux et comment ils peuvent \u00eatre utilis\u00e9s pour am\u00e9liorer l&rsquo;efficacit\u00e9 des syst\u00e8mes de chauffage et de refroidissement.<\/p>\n<p dir=\"auto\">L&rsquo;air est un fluide qui circule autour des objets sur son chemin. Il se d\u00e9place dans la direction de moindre r\u00e9sistance, qui est g\u00e9n\u00e9ralement vers le haut ou vers l&rsquo;aval. Cela signifie que s&rsquo;il y a deux chemins \u00e0 emprunter pour l&rsquo;air, il choisira celui qui a le moins de r\u00e9sistance. La quantit\u00e9 de r\u00e9sistance d&rsquo;un objet d\u00e9pend de sa forme et de sa taille. L&rsquo;air circule \u00e9galement diff\u00e9remment \u00e0 travers diff\u00e9rents types de mat\u00e9riaux comme les m\u00e9taux et les plastiques. Par exemple, le m\u00e9tal est un mat\u00e9riau semblable au m\u00e9tal qui ne se plie pas facilement car il a un niveau de rigidit\u00e9 \u00e9lev\u00e9, ce qui signifie qu&rsquo;il r\u00e9siste tr\u00e8s bien aux changements de forme.<\/p>\n<h3 dir=\"auto\">3. La pression d&rsquo;air force les souffl\u00e9s \u00e0 glisser des planches de rev\u00eatement<\/h3>\n<p dir=\"auto\">La pression de l&rsquo;air force les bouff\u00e9es \u00e0 glisser des planches de rev\u00eatement.<\/p>\n<p dir=\"auto\">Dans le pass\u00e9, il n&rsquo;\u00e9tait pas possible de produire de tr\u00e8s grandes quantit\u00e9s de flocons de c\u00e9r\u00e9ales. Les c\u00e9r\u00e9ales colleraient au panneau de rev\u00eatement et il ne serait pas possible de les enlever sans les ab\u00eemer. Cependant, \u00e0 l&rsquo;\u00e8re moderne, cela a \u00e9t\u00e9 r\u00e9solu avec la pression atmosph\u00e9rique. La pression de l&rsquo;air force les bouff\u00e9es \u00e0 glisser des panneaux de rev\u00eatement et facilite leur collecte par les travailleurs de la production.<\/p>\n<p dir=\"auto\">\n","protected":false},"excerpt":{"rendered":"","protected":false},"author":5,"featured_media":3441,"comment_status":"open","ping_status":"open","sticky":false,"template":"","format":"standard","meta":{"footnotes":""},"categories":[5],"tags":[],"class_list":["post-1561","post","type-post","status-publish","format-standard","has-post-thumbnail","hentry","category-espace-pro"],"_wp_attached_file":null,"_wp_attachment_metadata":null,"_wp_attachment_context":null,"_wp_attachment_image_alt":null,"_hf_settings":null,"hf_message_success":null,"hf_message_invalid_email":null,"hf_message_required_field_missing":null,"hf_message_error":null,"_menu_item_type":null,"_menu_item_menu_item_parent":null,"_menu_item_object_id":null,"_menu_item_object":null,"_menu_item_target":null,"_menu_item_classes":null,"_menu_item_xfn":null,"_menu_item_url":null,"_yoast_wpseo_primary_category":"5","_thumbnail_id":"3441","_oembed_26d84b2c06432105b0a19987ae029a71":null,"_oembed_43e9e2dfde1b9b4ed91c9711026b7ef9":null,"_oembed_1fe1564764edbddc3b61e81acf52be88":null,"_oembed_df60f474cd845141e7ce6596d101e4a0":null,"_oembed_825e674795e2435c0bc66eb08e5d2c8b":null,"_oembed_time_825e674795e2435c0bc66eb08e5d2c8b":null,"_oembed_e917352ff4cc21ea91383201eeaa08cf":null,"_oembed_2363c16c972791c33e283320dc564fce":null,"_oembed_cc9ad5b5073a84776f6a62e33e6c7498":null,"_oembed_time_cc9ad5b5073a84776f6a62e33e6c7498":null,"_oembed_305147fcf4b856de518466e695c209cd":null,"_oembed_8517a877084ae01a5296813ee1d16a2b":null,"_oembed_2741f1556b243e68379198f98ba7f864":null,"_oembed_c3ffa24981451396c950ece2129da0f6":null,"_oembed_6f9091ebe2f3f5fcb5698ba6f4b41477":null,"_wp_old_slug":null,"_oembed_e4fb0f68ba12b85e9e231afe151ba12a":null,"_oembed_3c60e98bd703e617e67f5bbb3b97424d":null,"_oembed_bb060374498dcf40cb6068efe4be87e1":null,"_oembed_d0403e1e71c3a29020bd546b159480f1":null,"_oembed_b030ff17fbbbf8661c59c2ab8ff289eb":null,"_oembed_5cec699ba0631c6c0e4ba4f6af5f228e":null,"_oembed_b06a67f278b90cf4e8dd17cb12fe67b0":null,"_oembed_8e190e4fea2256f17420434651556236":null,"_oembed_b5ded119f1337916a0fc64d2ad85c95f":null,"_oembed_d9364a7a81be31c01415da2c50a48932":null,"_oembed_738cafa36d51a58e5ae3e458aa8f7584":null,"_oembed_ebcab5184b6b321b28efbcbec079859b":null,"_oembed_3dd9e35c2b7b268070e74da5b89cf937":null,"_oembed_e14b167b493e311a1c4e2aab38a463e8":null,"_oembed_dc8f7d108b38f3f0c2e0785b8bc46cae":null,"_oembed_55cf1c5142884afed312c2666bf27520":null,"_oembed_2292333bf03a956b4b61afafeff6bca0":null,"_oembed_82a986a6b900856fec23169de03a0038":null,"_oembed_4048ded025352b83569104210074165a":null,"_oembed_033b42b1af757abc39e4487233cee7f5":null,"_oembed_aec1d50f2b159366be8e37e94b201be1":null,"_oembed_0adc8480b2fcadf9a1733f572ce3d3f8":null,"_yoast_wpseo_title":null,"_yoast_wpseo_focuskw":null,"_yoast_wpseo_linkdex":null,"_yoast_wpseo_metadesc":null,"_yoast_wpseo_wordproof_timestamp":"","_tpl_archive_meta_key":null,"_form":null,"_mail":null,"_mail_2":null,"_messages":null,"_additional_settings":null,"_locale":null,"_wp_old_date":null,"_edit_last":"5","_wpb_vc_js_status":"false","_yoast_wpseo_estimated-reading-time-minutes":"4","_edit_lock":"1691172071:5","_yoast_wpseo_content_score":"60","yoast_head":"<!-- This site is optimized with the Yoast SEO plugin v24.3 - https:\/\/yoast.com\/wordpress\/plugins\/seo\/ -->\n<title>Les 3 principales raisons pour isoler ses combles avec de la fibre de bois \u00e0 souffler - La Maison naturelle | Blog<\/title>\n<meta name=\"robots\" content=\"index, follow, max-snippet:-1, max-image-preview:large, max-video-preview:-1\" \/>\n<link rel=\"canonical\" href=\"https:\/\/www.la-maison-naturelle.com\/blog\/soufflage-fibre-de-bois-isobag-sylvactis-video\/\" \/>\n<meta property=\"og:locale\" content=\"fr_FR\" \/>\n<meta property=\"og:type\" content=\"article\" \/>\n<meta property=\"og:title\" content=\"Les 3 principales raisons pour isoler ses combles avec de la fibre de bois \u00e0 souffler - La Maison naturelle | Blog\" \/>\n<meta property=\"og:url\" content=\"https:\/\/www.la-maison-naturelle.com\/blog\/soufflage-fibre-de-bois-isobag-sylvactis-video\/\" \/>\n<meta property=\"og:site_name\" content=\"La Maison naturelle | Blog\" \/>\n<meta property=\"article:published_time\" content=\"2011-04-24T08:49:47+00:00\" \/>\n<meta property=\"article:modified_time\" content=\"2023-08-04T18:02:50+00:00\" \/>\n<meta property=\"og:image\" content=\"https:\/\/www.la-maison-naturelle.com\/blog\/wp-content\/uploads\/2011\/02\/000987159_620x393_c.jpg\" \/>\n\t<meta property=\"og:image:width\" content=\"620\" \/>\n\t<meta property=\"og:image:height\" content=\"393\" \/>\n\t<meta property=\"og:image:type\" content=\"image\/jpeg\" \/>\n<meta name=\"author\" content=\"Eloise\" \/>\n<meta name=\"twitter:card\" content=\"summary_large_image\" \/>\n<meta name=\"twitter:label1\" content=\"\u00c9crit par\" \/>\n\t<meta name=\"twitter:data1\" content=\"Eloise\" \/>\n\t<meta name=\"twitter:label2\" content=\"Dur\u00e9e de lecture estim\u00e9e\" \/>\n\t<meta name=\"twitter:data2\" content=\"4 minutes\" \/>\n<script type=\"application\/ld+json\" class=\"yoast-schema-graph\">{\"@context\":\"https:\/\/schema.org\",\"@graph\":[{\"@type\":\"Article\",\"@id\":\"https:\/\/www.la-maison-naturelle.com\/blog\/soufflage-fibre-de-bois-isobag-sylvactis-video\/#article\",\"isPartOf\":{\"@id\":\"https:\/\/www.la-maison-naturelle.com\/blog\/soufflage-fibre-de-bois-isobag-sylvactis-video\/\"},\"author\":{\"name\":\"Eloise\",\"@id\":\"https:\/\/www.la-maison-naturelle.com\/blog\/#\/schema\/person\/cad2a9ed80410189f0688441d546d43f\"},\"headline\":\"Les 3 principales raisons pour isoler ses combles avec de la fibre de bois \u00e0 souffler\",\"datePublished\":\"2011-04-24T08:49:47+00:00\",\"dateModified\":\"2023-08-04T18:02:50+00:00\",\"mainEntityOfPage\":{\"@id\":\"https:\/\/www.la-maison-naturelle.com\/blog\/soufflage-fibre-de-bois-isobag-sylvactis-video\/\"},\"wordCount\":14,\"commentCount\":0,\"publisher\":{\"@id\":\"https:\/\/www.la-maison-naturelle.com\/blog\/#organization\"},\"image\":{\"@id\":\"https:\/\/www.la-maison-naturelle.com\/blog\/soufflage-fibre-de-bois-isobag-sylvactis-video\/#primaryimage\"},\"thumbnailUrl\":\"https:\/\/www.la-maison-naturelle.com\/blog\/wp-content\/uploads\/2011\/02\/000987159_620x393_c.jpg\",\"articleSection\":[\"Espace pro\"],\"inLanguage\":\"fr-FR\",\"potentialAction\":[{\"@type\":\"CommentAction\",\"name\":\"Comment\",\"target\":[\"https:\/\/www.la-maison-naturelle.com\/blog\/soufflage-fibre-de-bois-isobag-sylvactis-video\/#respond\"]}]},{\"@type\":\"WebPage\",\"@id\":\"https:\/\/www.la-maison-naturelle.com\/blog\/soufflage-fibre-de-bois-isobag-sylvactis-video\/\",\"url\":\"https:\/\/www.la-maison-naturelle.com\/blog\/soufflage-fibre-de-bois-isobag-sylvactis-video\/\",\"name\":\"Les 3 principales raisons pour isoler ses combles avec de la fibre de bois \u00e0 souffler - La Maison naturelle | Blog\",\"isPartOf\":{\"@id\":\"https:\/\/www.la-maison-naturelle.com\/blog\/#website\"},\"primaryImageOfPage\":{\"@id\":\"https:\/\/www.la-maison-naturelle.com\/blog\/soufflage-fibre-de-bois-isobag-sylvactis-video\/#primaryimage\"},\"image\":{\"@id\":\"https:\/\/www.la-maison-naturelle.com\/blog\/soufflage-fibre-de-bois-isobag-sylvactis-video\/#primaryimage\"},\"thumbnailUrl\":\"https:\/\/www.la-maison-naturelle.com\/blog\/wp-content\/uploads\/2011\/02\/000987159_620x393_c.jpg\",\"datePublished\":\"2011-04-24T08:49:47+00:00\",\"dateModified\":\"2023-08-04T18:02:50+00:00\",\"breadcrumb\":{\"@id\":\"https:\/\/www.la-maison-naturelle.com\/blog\/soufflage-fibre-de-bois-isobag-sylvactis-video\/#breadcrumb\"},\"inLanguage\":\"fr-FR\",\"potentialAction\":[{\"@type\":\"ReadAction\",\"target\":[\"https:\/\/www.la-maison-naturelle.com\/blog\/soufflage-fibre-de-bois-isobag-sylvactis-video\/\"]}]},{\"@type\":\"ImageObject\",\"inLanguage\":\"fr-FR\",\"@id\":\"https:\/\/www.la-maison-naturelle.com\/blog\/soufflage-fibre-de-bois-isobag-sylvactis-video\/#primaryimage\",\"url\":\"https:\/\/www.la-maison-naturelle.com\/blog\/wp-content\/uploads\/2011\/02\/000987159_620x393_c.jpg\",\"contentUrl\":\"https:\/\/www.la-maison-naturelle.com\/blog\/wp-content\/uploads\/2011\/02\/000987159_620x393_c.jpg\",\"width\":620,\"height\":393},{\"@type\":\"BreadcrumbList\",\"@id\":\"https:\/\/www.la-maison-naturelle.com\/blog\/soufflage-fibre-de-bois-isobag-sylvactis-video\/#breadcrumb\",\"itemListElement\":[{\"@type\":\"ListItem\",\"position\":1,\"name\":\"Accueil\",\"item\":\"https:\/\/www.la-maison-naturelle.com\/blog\/\"},{\"@type\":\"ListItem\",\"position\":2,\"name\":\"Les 3 principales raisons pour isoler ses combles avec de la fibre de bois \u00e0 souffler\"}]},{\"@type\":\"WebSite\",\"@id\":\"https:\/\/www.la-maison-naturelle.com\/blog\/#website\",\"url\":\"https:\/\/www.la-maison-naturelle.com\/blog\/\",\"name\":\"La Maison naturelle | Blog\",\"description\":\"Blog de la Maison naturelle\",\"publisher\":{\"@id\":\"https:\/\/www.la-maison-naturelle.com\/blog\/#organization\"},\"potentialAction\":[{\"@type\":\"SearchAction\",\"target\":{\"@type\":\"EntryPoint\",\"urlTemplate\":\"https:\/\/www.la-maison-naturelle.com\/blog\/?s={search_term_string}\"},\"query-input\":{\"@type\":\"PropertyValueSpecification\",\"valueRequired\":true,\"valueName\":\"search_term_string\"}}],\"inLanguage\":\"fr-FR\"},{\"@type\":\"Organization\",\"@id\":\"https:\/\/www.la-maison-naturelle.com\/blog\/#organization\",\"name\":\"La Maison naturelle | Blog\",\"url\":\"https:\/\/www.la-maison-naturelle.com\/blog\/\",\"logo\":{\"@type\":\"ImageObject\",\"inLanguage\":\"fr-FR\",\"@id\":\"https:\/\/www.la-maison-naturelle.com\/blog\/#\/schema\/logo\/image\/\",\"url\":\"https:\/\/www.la-maison-naturelle.com\/blog\/wp-content\/uploads\/2021\/07\/maison-naturelle-logo.svg\",\"contentUrl\":\"https:\/\/www.la-maison-naturelle.com\/blog\/wp-content\/uploads\/2021\/07\/maison-naturelle-logo.svg\",\"width\":156,\"height\":64,\"caption\":\"La Maison naturelle | Blog\"},\"image\":{\"@id\":\"https:\/\/www.la-maison-naturelle.com\/blog\/#\/schema\/logo\/image\/\"}},{\"@type\":\"Person\",\"@id\":\"https:\/\/www.la-maison-naturelle.com\/blog\/#\/schema\/person\/cad2a9ed80410189f0688441d546d43f\",\"name\":\"Eloise\",\"image\":{\"@type\":\"ImageObject\",\"inLanguage\":\"fr-FR\",\"@id\":\"https:\/\/www.la-maison-naturelle.com\/blog\/#\/schema\/person\/image\/\",\"url\":\"https:\/\/secure.gravatar.com\/avatar\/344186806f5e8613d4a2109f3b0228a847a7c0858a8023778c44bdcfc1111df9?s=96&d=mm&r=g\",\"contentUrl\":\"https:\/\/secure.gravatar.com\/avatar\/344186806f5e8613d4a2109f3b0228a847a7c0858a8023778c44bdcfc1111df9?s=96&d=mm&r=g\",\"caption\":\"Eloise\"},\"sameAs\":[\"https:\/\/www.la-maison-naturelle.com\/\"],\"url\":\"https:\/\/www.la-maison-naturelle.com\/blog\/author\/idries\/\"}]}<\/script>\n<!-- \/ Yoast SEO plugin. -->","yoast_head_json":{"title":"Les 3 principales raisons pour isoler ses combles avec de la fibre de bois \u00e0 souffler - La Maison naturelle | Blog","robots":{"index":"index","follow":"follow","max-snippet":"max-snippet:-1","max-image-preview":"max-image-preview:large","max-video-preview":"max-video-preview:-1"},"canonical":"https:\/\/www.la-maison-naturelle.com\/blog\/soufflage-fibre-de-bois-isobag-sylvactis-video\/","og_locale":"fr_FR","og_type":"article","og_title":"Les 3 principales raisons pour isoler ses combles avec de la fibre de bois \u00e0 souffler - La Maison naturelle | Blog","og_url":"https:\/\/www.la-maison-naturelle.com\/blog\/soufflage-fibre-de-bois-isobag-sylvactis-video\/","og_site_name":"La Maison naturelle | Blog","article_published_time":"2011-04-24T08:49:47+00:00","article_modified_time":"2023-08-04T18:02:50+00:00","og_image":[{"width":620,"height":393,"url":"https:\/\/www.la-maison-naturelle.com\/blog\/wp-content\/uploads\/2011\/02\/000987159_620x393_c.jpg","type":"image\/jpeg"}],"author":"Eloise","twitter_card":"summary_large_image","twitter_misc":{"\u00c9crit par":"Eloise","Dur\u00e9e de lecture estim\u00e9e":"4 minutes"},"schema":{"@context":"https:\/\/schema.org","@graph":[{"@type":"Article","@id":"https:\/\/www.la-maison-naturelle.com\/blog\/soufflage-fibre-de-bois-isobag-sylvactis-video\/#article","isPartOf":{"@id":"https:\/\/www.la-maison-naturelle.com\/blog\/soufflage-fibre-de-bois-isobag-sylvactis-video\/"},"author":{"name":"Eloise","@id":"https:\/\/www.la-maison-naturelle.com\/blog\/#\/schema\/person\/cad2a9ed80410189f0688441d546d43f"},"headline":"Les 3 principales raisons pour isoler ses combles avec de la fibre de bois \u00e0 souffler","datePublished":"2011-04-24T08:49:47+00:00","dateModified":"2023-08-04T18:02:50+00:00","mainEntityOfPage":{"@id":"https:\/\/www.la-maison-naturelle.com\/blog\/soufflage-fibre-de-bois-isobag-sylvactis-video\/"},"wordCount":14,"commentCount":0,"publisher":{"@id":"https:\/\/www.la-maison-naturelle.com\/blog\/#organization"},"image":{"@id":"https:\/\/www.la-maison-naturelle.com\/blog\/soufflage-fibre-de-bois-isobag-sylvactis-video\/#primaryimage"},"thumbnailUrl":"https:\/\/www.la-maison-naturelle.com\/blog\/wp-content\/uploads\/2011\/02\/000987159_620x393_c.jpg","articleSection":["Espace pro"],"inLanguage":"fr-FR","potentialAction":[{"@type":"CommentAction","name":"Comment","target":["https:\/\/www.la-maison-naturelle.com\/blog\/soufflage-fibre-de-bois-isobag-sylvactis-video\/#respond"]}]},{"@type":"WebPage","@id":"https:\/\/www.la-maison-naturelle.com\/blog\/soufflage-fibre-de-bois-isobag-sylvactis-video\/","url":"https:\/\/www.la-maison-naturelle.com\/blog\/soufflage-fibre-de-bois-isobag-sylvactis-video\/","name":"Les 3 principales raisons pour isoler ses combles avec de la fibre de bois \u00e0 souffler - La Maison naturelle | Blog","isPartOf":{"@id":"https:\/\/www.la-maison-naturelle.com\/blog\/#website"},"primaryImageOfPage":{"@id":"https:\/\/www.la-maison-naturelle.com\/blog\/soufflage-fibre-de-bois-isobag-sylvactis-video\/#primaryimage"},"image":{"@id":"https:\/\/www.la-maison-naturelle.com\/blog\/soufflage-fibre-de-bois-isobag-sylvactis-video\/#primaryimage"},"thumbnailUrl":"https:\/\/www.la-maison-naturelle.com\/blog\/wp-content\/uploads\/2011\/02\/000987159_620x393_c.jpg","datePublished":"2011-04-24T08:49:47+00:00","dateModified":"2023-08-04T18:02:50+00:00","breadcrumb":{"@id":"https:\/\/www.la-maison-naturelle.com\/blog\/soufflage-fibre-de-bois-isobag-sylvactis-video\/#breadcrumb"},"inLanguage":"fr-FR","potentialAction":[{"@type":"ReadAction","target":["https:\/\/www.la-maison-naturelle.com\/blog\/soufflage-fibre-de-bois-isobag-sylvactis-video\/"]}]},{"@type":"ImageObject","inLanguage":"fr-FR","@id":"https:\/\/www.la-maison-naturelle.com\/blog\/soufflage-fibre-de-bois-isobag-sylvactis-video\/#primaryimage","url":"https:\/\/www.la-maison-naturelle.com\/blog\/wp-content\/uploads\/2011\/02\/000987159_620x393_c.jpg","contentUrl":"https:\/\/www.la-maison-naturelle.com\/blog\/wp-content\/uploads\/2011\/02\/000987159_620x393_c.jpg","width":620,"height":393},{"@type":"BreadcrumbList","@id":"https:\/\/www.la-maison-naturelle.com\/blog\/soufflage-fibre-de-bois-isobag-sylvactis-video\/#breadcrumb","itemListElement":[{"@type":"ListItem","position":1,"name":"Accueil","item":"https:\/\/www.la-maison-naturelle.com\/blog\/"},{"@type":"ListItem","position":2,"name":"Les 3 principales raisons pour isoler ses combles avec de la fibre de bois \u00e0 souffler"}]},{"@type":"WebSite","@id":"https:\/\/www.la-maison-naturelle.com\/blog\/#website","url":"https:\/\/www.la-maison-naturelle.com\/blog\/","name":"La Maison naturelle | Blog","description":"Blog de la Maison naturelle","publisher":{"@id":"https:\/\/www.la-maison-naturelle.com\/blog\/#organization"},"potentialAction":[{"@type":"SearchAction","target":{"@type":"EntryPoint","urlTemplate":"https:\/\/www.la-maison-naturelle.com\/blog\/?s={search_term_string}"},"query-input":{"@type":"PropertyValueSpecification","valueRequired":true,"valueName":"search_term_string"}}],"inLanguage":"fr-FR"},{"@type":"Organization","@id":"https:\/\/www.la-maison-naturelle.com\/blog\/#organization","name":"La Maison naturelle | Blog","url":"https:\/\/www.la-maison-naturelle.com\/blog\/","logo":{"@type":"ImageObject","inLanguage":"fr-FR","@id":"https:\/\/www.la-maison-naturelle.com\/blog\/#\/schema\/logo\/image\/","url":"https:\/\/www.la-maison-naturelle.com\/blog\/wp-content\/uploads\/2021\/07\/maison-naturelle-logo.svg","contentUrl":"https:\/\/www.la-maison-naturelle.com\/blog\/wp-content\/uploads\/2021\/07\/maison-naturelle-logo.svg","width":156,"height":64,"caption":"La Maison naturelle | Blog"},"image":{"@id":"https:\/\/www.la-maison-naturelle.com\/blog\/#\/schema\/logo\/image\/"}},{"@type":"Person","@id":"https:\/\/www.la-maison-naturelle.com\/blog\/#\/schema\/person\/cad2a9ed80410189f0688441d546d43f","name":"Eloise","image":{"@type":"ImageObject","inLanguage":"fr-FR","@id":"https:\/\/www.la-maison-naturelle.com\/blog\/#\/schema\/person\/image\/","url":"https:\/\/secure.gravatar.com\/avatar\/344186806f5e8613d4a2109f3b0228a847a7c0858a8023778c44bdcfc1111df9?s=96&d=mm&r=g","contentUrl":"https:\/\/secure.gravatar.com\/avatar\/344186806f5e8613d4a2109f3b0228a847a7c0858a8023778c44bdcfc1111df9?s=96&d=mm&r=g","caption":"Eloise"},"sameAs":["https:\/\/www.la-maison-naturelle.com\/"],"url":"https:\/\/www.la-maison-naturelle.com\/blog\/author\/idries\/"}]}},"_links":{"self":[{"href":"https:\/\/www.la-maison-naturelle.com\/blog\/wp-json\/wp\/v2\/posts\/1561","targetHints":{"allow":["GET"]}}],"collection":[{"href":"https:\/\/www.la-maison-naturelle.com\/blog\/wp-json\/wp\/v2\/posts"}],"about":[{"href":"https:\/\/www.la-maison-naturelle.com\/blog\/wp-json\/wp\/v2\/types\/post"}],"author":[{"embeddable":true,"href":"https:\/\/www.la-maison-naturelle.com\/blog\/wp-json\/wp\/v2\/users\/5"}],"replies":[{"embeddable":true,"href":"https:\/\/www.la-maison-naturelle.com\/blog\/wp-json\/wp\/v2\/comments?post=1561"}],"version-history":[{"count":8,"href":"https:\/\/www.la-maison-naturelle.com\/blog\/wp-json\/wp\/v2\/posts\/1561\/revisions"}],"predecessor-version":[{"id":5963,"href":"https:\/\/www.la-maison-naturelle.com\/blog\/wp-json\/wp\/v2\/posts\/1561\/revisions\/5963"}],"wp:featuredmedia":[{"embeddable":true,"href":"https:\/\/www.la-maison-naturelle.com\/blog\/wp-json\/wp\/v2\/media\/3441"}],"wp:attachment":[{"href":"https:\/\/www.la-maison-naturelle.com\/blog\/wp-json\/wp\/v2\/media?parent=1561"}],"wp:term":[{"taxonomy":"category","embeddable":true,"href":"https:\/\/www.la-maison-naturelle.com\/blog\/wp-json\/wp\/v2\/categories?post=1561"},{"taxonomy":"post_tag","embeddable":true,"href":"https:\/\/www.la-maison-naturelle.com\/blog\/wp-json\/wp\/v2\/tags?post=1561"}],"curies":[{"name":"wp","href":"https:\/\/api.w.org\/{rel}","templated":true}]}}