{"id":1555,"date":"2011-02-24T10:48:23","date_gmt":"2011-02-24T09:48:23","guid":{"rendered":"https:\/\/www.la-maison-naturelle.com\/blog\/?p=1555"},"modified":"2022-08-13T21:02:59","modified_gmt":"2022-08-13T19:02:59","slug":"bien-poser-sylvactis-pour-isoler-les-combles-amenages-video","status":"publish","type":"post","link":"https:\/\/www.la-maison-naturelle.com\/blog\/bien-poser-sylvactis-pour-isoler-les-combles-amenages-video\/","title":{"rendered":"Pourquoi votre grenier a besoin d&rsquo;une isolation en laine de bois"},"content":{"rendered":"<blockquote data-pm-slice=\"2 1 []\">\n<p dir=\"auto\" style=\"text-align: center;\">Lien vers la Boutique \u2013 Voir tous les produits <a href=\"https:\/\/www.la-maison-naturelle.com\/5022-laine-de-bois-flexible\" target=\"_blank\" rel=\"noopener noreferrer nofollow\"><strong>laine de bois disponibles<\/strong><\/a><\/p>\n<hr \/>\n<\/blockquote>\n<p dir=\"auto\">L&rsquo;isolant en laine de bois est un type d&rsquo;isolant fabriqu\u00e9 \u00e0 partir de bois. Il a une <a href=\"https:\/\/www.la-maison-naturelle.com\/blog\/la-resistance-thermique\/\" data-internallinksmanager029f6b8e52c=\"78\" title=\"Qu'est-ce que la r\u00e9sistance thermique ?\">valeur R<\/a> \u00e9lev\u00e9e et c&rsquo;est un <a href=\"https:\/\/www.la-maison-naturelle.com\/5273-isolation\" data-internallinksmanager029f6b8e52c=\"149\" title=\"isolation ecologique\">isolant \u00e9cologique<\/a>. L&rsquo;isolant en laine de bois peut \u00eatre utilis\u00e9 dans les greniers, les sous-sols et les vides sanitaires.<\/p>\n<p dir=\"auto\">L&rsquo;isolation en laine de bois peut \u00eatre utilis\u00e9e pour r\u00e9duire la quantit\u00e9 de fuites d&rsquo;air dans votre maison. Cela aidera \u00e9galement \u00e0 garder votre maison plus chaude pendant les mois d&rsquo;hiver.<\/p>\n<hr \/>\n<p dir=\"auto\" style=\"text-align: center;\">Lien vers la Boutique \u2013 Voir tous les produits <a href=\"https:\/\/www.la-maison-naturelle.com\/5022-laine-de-bois-flexible\" target=\"_blank\" rel=\"noopener noreferrer nofollow\"><strong>laine de bois disponibles<\/strong><\/a><\/p>\n<hr \/>\n<p dir=\"auto\">L&rsquo;installation d&rsquo;une isolation en laine de bois dans votre maison pr\u00e9sente de nombreux avantages, tels que la r\u00e9duction des factures d&rsquo;\u00e9nergie, l&rsquo;am\u00e9lioration de la qualit\u00e9 de l&rsquo;air int\u00e9rieur, la r\u00e9duction de la pollution sonore et l&rsquo;augmentation du niveau de confort.<\/p>\n<p dir=\"auto\">Le processus d&rsquo;installation de l&rsquo;isolant en laine de bois est tr\u00e8s simple et peut \u00eatre r\u00e9alis\u00e9 par tout bricoleur poss\u00e9dant des comp\u00e9tences de base en menuiserie.<\/p>\n<h3 dir=\"auto\">Les avantages de l&rsquo;isolation des combles en laine de bois<\/h3>\n<p dir=\"auto\">L&rsquo;isolation en laine de bois est un type d&rsquo;isolation qui existe depuis de nombreuses ann\u00e9es. Il est fait de fibres de bois qui sont compress\u00e9es ensemble puis trait\u00e9es avec des produits chimiques ignifuges.<\/p>\n<p dir=\"auto\">L&rsquo;utilisation de ce type d&rsquo;isolant pr\u00e9sente de nombreux avantages. Certains d&rsquo;entre eux comprennent:<\/p>\n<p dir=\"auto\">-Facilit\u00e9 d&rsquo;installation<\/p>\n<p dir=\"auto\">-Co\u00fbt inf\u00e9rieur aux autres types d&rsquo;isolation<\/p>\n<p dir=\"auto\">-Intrins\u00e8quement ignifuge<\/p>\n<p dir=\"auto\">-Faible conductivit\u00e9 thermique<\/p>\n<h3 dir=\"auto\">Comment installer une isolation en laine de bois sur un toit<\/h3>\n<p>La technique de pose de panneaux <a href=\"https:\/\/www.la-maison-naturelle.com\/brand\/1-steico\" data-internallinksmanager029f6b8e52c=\"71\" title=\"STEICO\">Steico<\/a> pour isoler des combles ou greniers \u00e0 am\u00e9nager r\u00e9clame une attention particuli\u00e8re mais parfaitement elle est r\u00e9alisable par un auto-constructeur. La vid\u00e9o de pose de la fibre de bois flexible Steico , pr\u00e9sent\u00e9e ici par Actis, souligne les points singuliers et l&rsquo;importance d&rsquo;une certaine vigilance pour assurer \u00e0 la fois une bonne isolation et une bonne <a href=\"https:\/\/www.la-maison-naturelle.com\/3042-etancheite-a-l-air\" data-internallinksmanager029f6b8e52c=\"138\" title=\"\u00e9tanch\u00e9it\u00e9 \u00e0 l\u2019air\">\u00e9tanch\u00e9it\u00e9 \u00e0 l&rsquo;air<\/a> et \u00e0 l&rsquo;eau. La pose d&rsquo;un <a href=\"https:\/\/www.la-maison-naturelle.com\/3132-pare-vapeur\" data-internallinksmanager029f6b8e52c=\"1\" title=\"Pare Vapeur\">pare vapeur<\/a> est recommand\u00e9e par Actis, quelque soit la <a href=\"https:\/\/www.la-maison-naturelle.com\/blog\/la-densite-dun-isolant\/\" data-internallinksmanager029f6b8e52c=\"124\" title=\"Qu'est-ce que la densit\u00e9 d'un isolant ?\">densit\u00e9<\/a> de laine de bois utilis\u00e9e.<\/p>\n<p dir=\"auto\">L&rsquo;installation d&rsquo;une isolation en laine de bois sur votre toit pr\u00e9sente de nombreux avantages.<\/p>\n<p dir=\"auto\">La laine de bois est un produit naturel utilis\u00e9 depuis des si\u00e8cles. Il est fabriqu\u00e9 \u00e0 partir de fibres de bois d&rsquo;arbres qui sont bouillies et m\u00e9lang\u00e9es avec de l&rsquo;eau pour cr\u00e9er une p\u00e2te. Cette pulpe est ensuite press\u00e9e et s\u00e9ch\u00e9e en feuilles, qui sont ensuite d\u00e9coup\u00e9es en petits carr\u00e9s. Ces carr\u00e9s sont ensuite tremp\u00e9s dans l&rsquo;eau et compress\u00e9s ensemble pour former le produit final &#8211; l&rsquo;isolant en laine de bois.<\/p>\n<p dir=\"auto\">L&rsquo;isolation en laine de bois offre de nombreux avantages, tels que la r\u00e9sistance au feu, aux insectes, \u00e0 la moisissure et la capacit\u00e9 de r\u00e9sister \u00e0 des temp\u00e9ratures \u00e9lev\u00e9es sans fondre ni br\u00fbler. Il a \u00e9galement une valeur R d&rsquo;environ 3 par pouce &#8211; il peut donc \u00e9galement \u00eatre utilis\u00e9 dans diff\u00e9rents climats !<\/p>\n<p>&nbsp;<\/p>\n<p>&nbsp;<\/p>\n","protected":false},"excerpt":{"rendered":"<p>Lien vers la Boutique \u2013 Voir tous les produits laine de bois disponibles L&rsquo;isolant en laine de bois est un type d&rsquo;isolant fabriqu\u00e9 \u00e0 partir de bois. Il a une valeur R \u00e9lev\u00e9e et c&rsquo;est un isolant \u00e9cologique. L&rsquo;isolant en laine de bois peut \u00eatre utilis\u00e9 dans les greniers, les sous-sols et les vides sanitaires. [&hellip;]<\/p>\n","protected":false},"author":5,"featured_media":3443,"comment_status":"open","ping_status":"open","sticky":false,"template":"","format":"standard","meta":{"footnotes":""},"categories":[5],"tags":[],"class_list":["post-1555","post","type-post","status-publish","format-standard","has-post-thumbnail","hentry","category-espace-pro"],"_wp_attached_file":null,"_wp_attachment_metadata":null,"_wp_attachment_context":null,"_wp_attachment_image_alt":null,"_hf_settings":null,"hf_message_success":null,"hf_message_invalid_email":null,"hf_message_required_field_missing":null,"hf_message_error":null,"_menu_item_type":null,"_menu_item_menu_item_parent":null,"_menu_item_object_id":null,"_menu_item_object":null,"_menu_item_target":null,"_menu_item_classes":null,"_menu_item_xfn":null,"_menu_item_url":null,"_yoast_wpseo_primary_category":null,"_thumbnail_id":"3443","_oembed_26d84b2c06432105b0a19987ae029a71":null,"_oembed_43e9e2dfde1b9b4ed91c9711026b7ef9":null,"_oembed_1fe1564764edbddc3b61e81acf52be88":null,"_oembed_df60f474cd845141e7ce6596d101e4a0":null,"_oembed_825e674795e2435c0bc66eb08e5d2c8b":null,"_oembed_time_825e674795e2435c0bc66eb08e5d2c8b":null,"_oembed_e917352ff4cc21ea91383201eeaa08cf":null,"_oembed_2363c16c972791c33e283320dc564fce":null,"_oembed_cc9ad5b5073a84776f6a62e33e6c7498":null,"_oembed_time_cc9ad5b5073a84776f6a62e33e6c7498":null,"_oembed_305147fcf4b856de518466e695c209cd":null,"_oembed_8517a877084ae01a5296813ee1d16a2b":null,"_oembed_2741f1556b243e68379198f98ba7f864":null,"_oembed_c3ffa24981451396c950ece2129da0f6":null,"_oembed_6f9091ebe2f3f5fcb5698ba6f4b41477":null,"_wp_old_slug":null,"_oembed_e4fb0f68ba12b85e9e231afe151ba12a":null,"_oembed_3c60e98bd703e617e67f5bbb3b97424d":null,"_oembed_bb060374498dcf40cb6068efe4be87e1":null,"_oembed_d0403e1e71c3a29020bd546b159480f1":null,"_oembed_b030ff17fbbbf8661c59c2ab8ff289eb":null,"_oembed_5cec699ba0631c6c0e4ba4f6af5f228e":null,"_oembed_b06a67f278b90cf4e8dd17cb12fe67b0":null,"_oembed_8e190e4fea2256f17420434651556236":null,"_oembed_b5ded119f1337916a0fc64d2ad85c95f":null,"_oembed_d9364a7a81be31c01415da2c50a48932":null,"_oembed_738cafa36d51a58e5ae3e458aa8f7584":null,"_oembed_ebcab5184b6b321b28efbcbec079859b":null,"_oembed_3dd9e35c2b7b268070e74da5b89cf937":null,"_oembed_e14b167b493e311a1c4e2aab38a463e8":null,"_oembed_dc8f7d108b38f3f0c2e0785b8bc46cae":null,"_oembed_55cf1c5142884afed312c2666bf27520":null,"_oembed_2292333bf03a956b4b61afafeff6bca0":null,"_oembed_82a986a6b900856fec23169de03a0038":null,"_oembed_4048ded025352b83569104210074165a":null,"_oembed_033b42b1af757abc39e4487233cee7f5":null,"_oembed_aec1d50f2b159366be8e37e94b201be1":null,"_oembed_0adc8480b2fcadf9a1733f572ce3d3f8":null,"_yoast_wpseo_title":null,"_yoast_wpseo_focuskw":null,"_yoast_wpseo_linkdex":null,"_yoast_wpseo_metadesc":null,"_yoast_wpseo_wordproof_timestamp":null,"_tpl_archive_meta_key":null,"_form":null,"_mail":null,"_mail_2":null,"_messages":null,"_additional_settings":null,"_locale":null,"_wp_old_date":null,"_edit_last":"5","_wpb_vc_js_status":"false","_yoast_wpseo_estimated-reading-time-minutes":"3","_edit_lock":"1660417272:5","_yoast_wpseo_content_score":"60","yoast_head":"<!-- This site is optimized with the Yoast SEO plugin v24.3 - https:\/\/yoast.com\/wordpress\/plugins\/seo\/ -->\n<title>Pourquoi votre grenier a besoin d&#039;une isolation en laine de bois - La Maison naturelle | Blog<\/title>\n<meta name=\"robots\" content=\"index, follow, max-snippet:-1, max-image-preview:large, max-video-preview:-1\" \/>\n<link rel=\"canonical\" href=\"https:\/\/www.la-maison-naturelle.com\/blog\/bien-poser-sylvactis-pour-isoler-les-combles-amenages-video\/\" \/>\n<meta property=\"og:locale\" content=\"fr_FR\" \/>\n<meta property=\"og:type\" content=\"article\" \/>\n<meta property=\"og:title\" content=\"Pourquoi votre grenier a besoin d&#039;une isolation en laine de bois - La Maison naturelle | Blog\" \/>\n<meta property=\"og:description\" content=\"Lien vers la Boutique \u2013 Voir tous les produits laine de bois disponibles L&rsquo;isolant en laine de bois est un type d&rsquo;isolant fabriqu\u00e9 \u00e0 partir de bois. Il a une valeur R \u00e9lev\u00e9e et c&rsquo;est un isolant \u00e9cologique. L&rsquo;isolant en laine de bois peut \u00eatre utilis\u00e9 dans les greniers, les sous-sols et les vides sanitaires. [&hellip;]\" \/>\n<meta property=\"og:url\" content=\"https:\/\/www.la-maison-naturelle.com\/blog\/bien-poser-sylvactis-pour-isoler-les-combles-amenages-video\/\" \/>\n<meta property=\"og:site_name\" content=\"La Maison naturelle | Blog\" \/>\n<meta property=\"article:published_time\" content=\"2011-02-24T09:48:23+00:00\" \/>\n<meta property=\"article:modified_time\" content=\"2022-08-13T19:02:59+00:00\" \/>\n<meta property=\"og:image\" content=\"https:\/\/www.la-maison-naturelle.com\/blog\/wp-content\/uploads\/2011\/02\/shutterstock_1943017831-1.jpg\" \/>\n\t<meta property=\"og:image:width\" content=\"1140\" \/>\n\t<meta property=\"og:image:height\" content=\"642\" \/>\n\t<meta property=\"og:image:type\" content=\"image\/jpeg\" \/>\n<meta name=\"author\" content=\"Eloise\" \/>\n<meta name=\"twitter:card\" content=\"summary_large_image\" \/>\n<meta name=\"twitter:label1\" content=\"\u00c9crit par\" \/>\n\t<meta name=\"twitter:data1\" content=\"Eloise\" \/>\n\t<meta name=\"twitter:label2\" content=\"Dur\u00e9e de lecture estim\u00e9e\" \/>\n\t<meta name=\"twitter:data2\" content=\"3 minutes\" \/>\n<script type=\"application\/ld+json\" class=\"yoast-schema-graph\">{\"@context\":\"https:\/\/schema.org\",\"@graph\":[{\"@type\":\"Article\",\"@id\":\"https:\/\/www.la-maison-naturelle.com\/blog\/bien-poser-sylvactis-pour-isoler-les-combles-amenages-video\/#article\",\"isPartOf\":{\"@id\":\"https:\/\/www.la-maison-naturelle.com\/blog\/bien-poser-sylvactis-pour-isoler-les-combles-amenages-video\/\"},\"author\":{\"name\":\"Eloise\",\"@id\":\"https:\/\/www.la-maison-naturelle.com\/blog\/#\/schema\/person\/cad2a9ed80410189f0688441d546d43f\"},\"headline\":\"Pourquoi votre grenier a besoin d&rsquo;une isolation en laine de bois\",\"datePublished\":\"2011-02-24T09:48:23+00:00\",\"dateModified\":\"2022-08-13T19:02:59+00:00\",\"mainEntityOfPage\":{\"@id\":\"https:\/\/www.la-maison-naturelle.com\/blog\/bien-poser-sylvactis-pour-isoler-les-combles-amenages-video\/\"},\"wordCount\":521,\"commentCount\":0,\"publisher\":{\"@id\":\"https:\/\/www.la-maison-naturelle.com\/blog\/#organization\"},\"image\":{\"@id\":\"https:\/\/www.la-maison-naturelle.com\/blog\/bien-poser-sylvactis-pour-isoler-les-combles-amenages-video\/#primaryimage\"},\"thumbnailUrl\":\"https:\/\/www.la-maison-naturelle.com\/blog\/wp-content\/uploads\/2011\/02\/shutterstock_1943017831-1.jpg\",\"articleSection\":[\"Espace pro\"],\"inLanguage\":\"fr-FR\",\"potentialAction\":[{\"@type\":\"CommentAction\",\"name\":\"Comment\",\"target\":[\"https:\/\/www.la-maison-naturelle.com\/blog\/bien-poser-sylvactis-pour-isoler-les-combles-amenages-video\/#respond\"]}]},{\"@type\":\"WebPage\",\"@id\":\"https:\/\/www.la-maison-naturelle.com\/blog\/bien-poser-sylvactis-pour-isoler-les-combles-amenages-video\/\",\"url\":\"https:\/\/www.la-maison-naturelle.com\/blog\/bien-poser-sylvactis-pour-isoler-les-combles-amenages-video\/\",\"name\":\"Pourquoi votre grenier a besoin d'une isolation en laine de bois - La Maison naturelle | Blog\",\"isPartOf\":{\"@id\":\"https:\/\/www.la-maison-naturelle.com\/blog\/#website\"},\"primaryImageOfPage\":{\"@id\":\"https:\/\/www.la-maison-naturelle.com\/blog\/bien-poser-sylvactis-pour-isoler-les-combles-amenages-video\/#primaryimage\"},\"image\":{\"@id\":\"https:\/\/www.la-maison-naturelle.com\/blog\/bien-poser-sylvactis-pour-isoler-les-combles-amenages-video\/#primaryimage\"},\"thumbnailUrl\":\"https:\/\/www.la-maison-naturelle.com\/blog\/wp-content\/uploads\/2011\/02\/shutterstock_1943017831-1.jpg\",\"datePublished\":\"2011-02-24T09:48:23+00:00\",\"dateModified\":\"2022-08-13T19:02:59+00:00\",\"breadcrumb\":{\"@id\":\"https:\/\/www.la-maison-naturelle.com\/blog\/bien-poser-sylvactis-pour-isoler-les-combles-amenages-video\/#breadcrumb\"},\"inLanguage\":\"fr-FR\",\"potentialAction\":[{\"@type\":\"ReadAction\",\"target\":[\"https:\/\/www.la-maison-naturelle.com\/blog\/bien-poser-sylvactis-pour-isoler-les-combles-amenages-video\/\"]}]},{\"@type\":\"ImageObject\",\"inLanguage\":\"fr-FR\",\"@id\":\"https:\/\/www.la-maison-naturelle.com\/blog\/bien-poser-sylvactis-pour-isoler-les-combles-amenages-video\/#primaryimage\",\"url\":\"https:\/\/www.la-maison-naturelle.com\/blog\/wp-content\/uploads\/2011\/02\/shutterstock_1943017831-1.jpg\",\"contentUrl\":\"https:\/\/www.la-maison-naturelle.com\/blog\/wp-content\/uploads\/2011\/02\/shutterstock_1943017831-1.jpg\",\"width\":1140,\"height\":642},{\"@type\":\"BreadcrumbList\",\"@id\":\"https:\/\/www.la-maison-naturelle.com\/blog\/bien-poser-sylvactis-pour-isoler-les-combles-amenages-video\/#breadcrumb\",\"itemListElement\":[{\"@type\":\"ListItem\",\"position\":1,\"name\":\"Accueil\",\"item\":\"https:\/\/www.la-maison-naturelle.com\/blog\/\"},{\"@type\":\"ListItem\",\"position\":2,\"name\":\"Pourquoi votre grenier a besoin d&rsquo;une isolation en laine de bois\"}]},{\"@type\":\"WebSite\",\"@id\":\"https:\/\/www.la-maison-naturelle.com\/blog\/#website\",\"url\":\"https:\/\/www.la-maison-naturelle.com\/blog\/\",\"name\":\"La Maison naturelle | Blog\",\"description\":\"Blog de la Maison naturelle\",\"publisher\":{\"@id\":\"https:\/\/www.la-maison-naturelle.com\/blog\/#organization\"},\"potentialAction\":[{\"@type\":\"SearchAction\",\"target\":{\"@type\":\"EntryPoint\",\"urlTemplate\":\"https:\/\/www.la-maison-naturelle.com\/blog\/?s={search_term_string}\"},\"query-input\":{\"@type\":\"PropertyValueSpecification\",\"valueRequired\":true,\"valueName\":\"search_term_string\"}}],\"inLanguage\":\"fr-FR\"},{\"@type\":\"Organization\",\"@id\":\"https:\/\/www.la-maison-naturelle.com\/blog\/#organization\",\"name\":\"La Maison naturelle | Blog\",\"url\":\"https:\/\/www.la-maison-naturelle.com\/blog\/\",\"logo\":{\"@type\":\"ImageObject\",\"inLanguage\":\"fr-FR\",\"@id\":\"https:\/\/www.la-maison-naturelle.com\/blog\/#\/schema\/logo\/image\/\",\"url\":\"https:\/\/www.la-maison-naturelle.com\/blog\/wp-content\/uploads\/2021\/07\/maison-naturelle-logo.svg\",\"contentUrl\":\"https:\/\/www.la-maison-naturelle.com\/blog\/wp-content\/uploads\/2021\/07\/maison-naturelle-logo.svg\",\"width\":156,\"height\":64,\"caption\":\"La Maison naturelle | Blog\"},\"image\":{\"@id\":\"https:\/\/www.la-maison-naturelle.com\/blog\/#\/schema\/logo\/image\/\"}},{\"@type\":\"Person\",\"@id\":\"https:\/\/www.la-maison-naturelle.com\/blog\/#\/schema\/person\/cad2a9ed80410189f0688441d546d43f\",\"name\":\"Eloise\",\"image\":{\"@type\":\"ImageObject\",\"inLanguage\":\"fr-FR\",\"@id\":\"https:\/\/www.la-maison-naturelle.com\/blog\/#\/schema\/person\/image\/\",\"url\":\"https:\/\/secure.gravatar.com\/avatar\/344186806f5e8613d4a2109f3b0228a847a7c0858a8023778c44bdcfc1111df9?s=96&d=mm&r=g\",\"contentUrl\":\"https:\/\/secure.gravatar.com\/avatar\/344186806f5e8613d4a2109f3b0228a847a7c0858a8023778c44bdcfc1111df9?s=96&d=mm&r=g\",\"caption\":\"Eloise\"},\"sameAs\":[\"https:\/\/www.la-maison-naturelle.com\/\"],\"url\":\"https:\/\/www.la-maison-naturelle.com\/blog\/author\/idries\/\"}]}<\/script>\n<!-- \/ Yoast SEO plugin. -->","yoast_head_json":{"title":"Pourquoi votre grenier a besoin d'une isolation en laine de bois - La Maison naturelle | Blog","robots":{"index":"index","follow":"follow","max-snippet":"max-snippet:-1","max-image-preview":"max-image-preview:large","max-video-preview":"max-video-preview:-1"},"canonical":"https:\/\/www.la-maison-naturelle.com\/blog\/bien-poser-sylvactis-pour-isoler-les-combles-amenages-video\/","og_locale":"fr_FR","og_type":"article","og_title":"Pourquoi votre grenier a besoin d'une isolation en laine de bois - La Maison naturelle | Blog","og_description":"Lien vers la Boutique \u2013 Voir tous les produits laine de bois disponibles L&rsquo;isolant en laine de bois est un type d&rsquo;isolant fabriqu\u00e9 \u00e0 partir de bois. Il a une valeur R \u00e9lev\u00e9e et c&rsquo;est un isolant \u00e9cologique. L&rsquo;isolant en laine de bois peut \u00eatre utilis\u00e9 dans les greniers, les sous-sols et les vides sanitaires. [&hellip;]","og_url":"https:\/\/www.la-maison-naturelle.com\/blog\/bien-poser-sylvactis-pour-isoler-les-combles-amenages-video\/","og_site_name":"La Maison naturelle | Blog","article_published_time":"2011-02-24T09:48:23+00:00","article_modified_time":"2022-08-13T19:02:59+00:00","og_image":[{"width":1140,"height":642,"url":"https:\/\/www.la-maison-naturelle.com\/blog\/wp-content\/uploads\/2011\/02\/shutterstock_1943017831-1.jpg","type":"image\/jpeg"}],"author":"Eloise","twitter_card":"summary_large_image","twitter_misc":{"\u00c9crit par":"Eloise","Dur\u00e9e de lecture estim\u00e9e":"3 minutes"},"schema":{"@context":"https:\/\/schema.org","@graph":[{"@type":"Article","@id":"https:\/\/www.la-maison-naturelle.com\/blog\/bien-poser-sylvactis-pour-isoler-les-combles-amenages-video\/#article","isPartOf":{"@id":"https:\/\/www.la-maison-naturelle.com\/blog\/bien-poser-sylvactis-pour-isoler-les-combles-amenages-video\/"},"author":{"name":"Eloise","@id":"https:\/\/www.la-maison-naturelle.com\/blog\/#\/schema\/person\/cad2a9ed80410189f0688441d546d43f"},"headline":"Pourquoi votre grenier a besoin d&rsquo;une isolation en laine de bois","datePublished":"2011-02-24T09:48:23+00:00","dateModified":"2022-08-13T19:02:59+00:00","mainEntityOfPage":{"@id":"https:\/\/www.la-maison-naturelle.com\/blog\/bien-poser-sylvactis-pour-isoler-les-combles-amenages-video\/"},"wordCount":521,"commentCount":0,"publisher":{"@id":"https:\/\/www.la-maison-naturelle.com\/blog\/#organization"},"image":{"@id":"https:\/\/www.la-maison-naturelle.com\/blog\/bien-poser-sylvactis-pour-isoler-les-combles-amenages-video\/#primaryimage"},"thumbnailUrl":"https:\/\/www.la-maison-naturelle.com\/blog\/wp-content\/uploads\/2011\/02\/shutterstock_1943017831-1.jpg","articleSection":["Espace pro"],"inLanguage":"fr-FR","potentialAction":[{"@type":"CommentAction","name":"Comment","target":["https:\/\/www.la-maison-naturelle.com\/blog\/bien-poser-sylvactis-pour-isoler-les-combles-amenages-video\/#respond"]}]},{"@type":"WebPage","@id":"https:\/\/www.la-maison-naturelle.com\/blog\/bien-poser-sylvactis-pour-isoler-les-combles-amenages-video\/","url":"https:\/\/www.la-maison-naturelle.com\/blog\/bien-poser-sylvactis-pour-isoler-les-combles-amenages-video\/","name":"Pourquoi votre grenier a besoin d'une isolation en laine de bois - La Maison naturelle | Blog","isPartOf":{"@id":"https:\/\/www.la-maison-naturelle.com\/blog\/#website"},"primaryImageOfPage":{"@id":"https:\/\/www.la-maison-naturelle.com\/blog\/bien-poser-sylvactis-pour-isoler-les-combles-amenages-video\/#primaryimage"},"image":{"@id":"https:\/\/www.la-maison-naturelle.com\/blog\/bien-poser-sylvactis-pour-isoler-les-combles-amenages-video\/#primaryimage"},"thumbnailUrl":"https:\/\/www.la-maison-naturelle.com\/blog\/wp-content\/uploads\/2011\/02\/shutterstock_1943017831-1.jpg","datePublished":"2011-02-24T09:48:23+00:00","dateModified":"2022-08-13T19:02:59+00:00","breadcrumb":{"@id":"https:\/\/www.la-maison-naturelle.com\/blog\/bien-poser-sylvactis-pour-isoler-les-combles-amenages-video\/#breadcrumb"},"inLanguage":"fr-FR","potentialAction":[{"@type":"ReadAction","target":["https:\/\/www.la-maison-naturelle.com\/blog\/bien-poser-sylvactis-pour-isoler-les-combles-amenages-video\/"]}]},{"@type":"ImageObject","inLanguage":"fr-FR","@id":"https:\/\/www.la-maison-naturelle.com\/blog\/bien-poser-sylvactis-pour-isoler-les-combles-amenages-video\/#primaryimage","url":"https:\/\/www.la-maison-naturelle.com\/blog\/wp-content\/uploads\/2011\/02\/shutterstock_1943017831-1.jpg","contentUrl":"https:\/\/www.la-maison-naturelle.com\/blog\/wp-content\/uploads\/2011\/02\/shutterstock_1943017831-1.jpg","width":1140,"height":642},{"@type":"BreadcrumbList","@id":"https:\/\/www.la-maison-naturelle.com\/blog\/bien-poser-sylvactis-pour-isoler-les-combles-amenages-video\/#breadcrumb","itemListElement":[{"@type":"ListItem","position":1,"name":"Accueil","item":"https:\/\/www.la-maison-naturelle.com\/blog\/"},{"@type":"ListItem","position":2,"name":"Pourquoi votre grenier a besoin d&rsquo;une isolation en laine de bois"}]},{"@type":"WebSite","@id":"https:\/\/www.la-maison-naturelle.com\/blog\/#website","url":"https:\/\/www.la-maison-naturelle.com\/blog\/","name":"La Maison naturelle | Blog","description":"Blog de la Maison naturelle","publisher":{"@id":"https:\/\/www.la-maison-naturelle.com\/blog\/#organization"},"potentialAction":[{"@type":"SearchAction","target":{"@type":"EntryPoint","urlTemplate":"https:\/\/www.la-maison-naturelle.com\/blog\/?s={search_term_string}"},"query-input":{"@type":"PropertyValueSpecification","valueRequired":true,"valueName":"search_term_string"}}],"inLanguage":"fr-FR"},{"@type":"Organization","@id":"https:\/\/www.la-maison-naturelle.com\/blog\/#organization","name":"La Maison naturelle | Blog","url":"https:\/\/www.la-maison-naturelle.com\/blog\/","logo":{"@type":"ImageObject","inLanguage":"fr-FR","@id":"https:\/\/www.la-maison-naturelle.com\/blog\/#\/schema\/logo\/image\/","url":"https:\/\/www.la-maison-naturelle.com\/blog\/wp-content\/uploads\/2021\/07\/maison-naturelle-logo.svg","contentUrl":"https:\/\/www.la-maison-naturelle.com\/blog\/wp-content\/uploads\/2021\/07\/maison-naturelle-logo.svg","width":156,"height":64,"caption":"La Maison naturelle | Blog"},"image":{"@id":"https:\/\/www.la-maison-naturelle.com\/blog\/#\/schema\/logo\/image\/"}},{"@type":"Person","@id":"https:\/\/www.la-maison-naturelle.com\/blog\/#\/schema\/person\/cad2a9ed80410189f0688441d546d43f","name":"Eloise","image":{"@type":"ImageObject","inLanguage":"fr-FR","@id":"https:\/\/www.la-maison-naturelle.com\/blog\/#\/schema\/person\/image\/","url":"https:\/\/secure.gravatar.com\/avatar\/344186806f5e8613d4a2109f3b0228a847a7c0858a8023778c44bdcfc1111df9?s=96&d=mm&r=g","contentUrl":"https:\/\/secure.gravatar.com\/avatar\/344186806f5e8613d4a2109f3b0228a847a7c0858a8023778c44bdcfc1111df9?s=96&d=mm&r=g","caption":"Eloise"},"sameAs":["https:\/\/www.la-maison-naturelle.com\/"],"url":"https:\/\/www.la-maison-naturelle.com\/blog\/author\/idries\/"}]}},"_links":{"self":[{"href":"https:\/\/www.la-maison-naturelle.com\/blog\/wp-json\/wp\/v2\/posts\/1555","targetHints":{"allow":["GET"]}}],"collection":[{"href":"https:\/\/www.la-maison-naturelle.com\/blog\/wp-json\/wp\/v2\/posts"}],"about":[{"href":"https:\/\/www.la-maison-naturelle.com\/blog\/wp-json\/wp\/v2\/types\/post"}],"author":[{"embeddable":true,"href":"https:\/\/www.la-maison-naturelle.com\/blog\/wp-json\/wp\/v2\/users\/5"}],"replies":[{"embeddable":true,"href":"https:\/\/www.la-maison-naturelle.com\/blog\/wp-json\/wp\/v2\/comments?post=1555"}],"version-history":[{"count":3,"href":"https:\/\/www.la-maison-naturelle.com\/blog\/wp-json\/wp\/v2\/posts\/1555\/revisions"}],"predecessor-version":[{"id":3445,"href":"https:\/\/www.la-maison-naturelle.com\/blog\/wp-json\/wp\/v2\/posts\/1555\/revisions\/3445"}],"wp:featuredmedia":[{"embeddable":true,"href":"https:\/\/www.la-maison-naturelle.com\/blog\/wp-json\/wp\/v2\/media\/3443"}],"wp:attachment":[{"href":"https:\/\/www.la-maison-naturelle.com\/blog\/wp-json\/wp\/v2\/media?parent=1555"}],"wp:term":[{"taxonomy":"category","embeddable":true,"href":"https:\/\/www.la-maison-naturelle.com\/blog\/wp-json\/wp\/v2\/categories?post=1555"},{"taxonomy":"post_tag","embeddable":true,"href":"https:\/\/www.la-maison-naturelle.com\/blog\/wp-json\/wp\/v2\/tags?post=1555"}],"curies":[{"name":"wp","href":"https:\/\/api.w.org\/{rel}","templated":true}]}}