{"id":1446,"date":"2014-05-24T10:20:01","date_gmt":"2014-05-24T08:20:01","guid":{"rendered":"https:\/\/www.la-maison-naturelle.com\/blog\/?p=1446"},"modified":"2023-08-25T13:22:00","modified_gmt":"2023-08-25T11:22:00","slug":"mie-isolant-fibre-de-bois-a-athis-mons-en-essonne-91","status":"publish","type":"post","link":"https:\/\/www.la-maison-naturelle.com\/blog\/mie-isolant-fibre-de-bois-a-athis-mons-en-essonne-91\/","title":{"rendered":"\u00ab\u00a0Isolant fibre de bois \u00e0 Athis-Mons en Essonne (91) : La solution \u00e9cologique et performante pour une isolation optimale\u00a0\u00bb"},"content":{"rendered":"<table style=\" width=\"100%\",max-width=\"839\">\n<tbody>\n<tr>\n<td colspan=\"3\"><a href=\"https:\/\/www.la-maison-naturelle.com\/\"><img decoding=\"async\" class=\"wp-image-5568 aligncenter\" src=\"https:\/\/www.la-maison-naturelle.com\/blog\/wp-content\/uploads\/2012\/05\/Dark-Green-and-Gray-Professional-and-Clean-E-Commerce-Email-Header-300x35.png\" alt=\"\" width=\"839\" srcset=\"https:\/\/www.la-maison-naturelle.com\/blog\/wp-content\/uploads\/2012\/05\/Dark-Green-and-Gray-Professional-and-Clean-E-Commerce-Email-Header-300x35.png 300w, https:\/\/www.la-maison-naturelle.com\/blog\/wp-content\/uploads\/2012\/05\/Dark-Green-and-Gray-Professional-and-Clean-E-Commerce-Email-Header-1024x119.png 1024w, https:\/\/www.la-maison-naturelle.com\/blog\/wp-content\/uploads\/2012\/05\/Dark-Green-and-Gray-Professional-and-Clean-E-Commerce-Email-Header-768x89.png 768w, https:\/\/www.la-maison-naturelle.com\/blog\/wp-content\/uploads\/2012\/05\/Dark-Green-and-Gray-Professional-and-Clean-E-Commerce-Email-Header-1536x178.png 1536w, https:\/\/www.la-maison-naturelle.com\/blog\/wp-content\/uploads\/2012\/05\/Dark-Green-and-Gray-Professional-and-Clean-E-Commerce-Email-Header.png 1578w\" sizes=\"(max-width: 300px) 100vw, 300px\" \/><\/a><\/td>\n<\/tr>\n<tr>\n<td><a href=\"https:\/\/www.la-maison-naturelle.com\/5260-materiaux-et-bricolage\"><img loading=\"lazy\" decoding=\"async\" class=\"alignright size-medium wp-image-5565\" src=\"https:\/\/www.la-maison-naturelle.com\/blog\/wp-content\/uploads\/2012\/05\/73a5f09c-2ef6-46dd-90d1-9cf73599e16b-1-249x300.png\" alt=\"Mat\u00e9riaux et bricolage\" width=\"249\" height=\"300\" srcset=\"https:\/\/www.la-maison-naturelle.com\/blog\/wp-content\/uploads\/2012\/05\/73a5f09c-2ef6-46dd-90d1-9cf73599e16b-1-249x300.png 249w, https:\/\/www.la-maison-naturelle.com\/blog\/wp-content\/uploads\/2012\/05\/73a5f09c-2ef6-46dd-90d1-9cf73599e16b-1.png 397w\" sizes=\"auto, (max-width: 249px) 100vw, 249px\" \/><\/a><\/td>\n<td><a href=\"https:\/\/www.la-maison-naturelle.com\/5266-amenagement-du-jardin\"><img loading=\"lazy\" decoding=\"async\" class=\"alignright size-medium wp-image-5564\" src=\"https:\/\/www.la-maison-naturelle.com\/blog\/wp-content\/uploads\/2012\/05\/9224811f-6da5-4d4d-8634-e9a2517a9565-1-249x300.png\" alt=\"Jardin et ext\u00e9rieur\" width=\"249\" height=\"300\" srcset=\"https:\/\/www.la-maison-naturelle.com\/blog\/wp-content\/uploads\/2012\/05\/9224811f-6da5-4d4d-8634-e9a2517a9565-1-249x300.png 249w, https:\/\/www.la-maison-naturelle.com\/blog\/wp-content\/uploads\/2012\/05\/9224811f-6da5-4d4d-8634-e9a2517a9565-1.png 397w\" sizes=\"auto, (max-width: 249px) 100vw, 249px\" \/><\/a><\/td>\n<td><a href=\"https:\/\/www.la-maison-naturelle.com\/5267-interieur-et-decoration\"><img loading=\"lazy\" decoding=\"async\" class=\"alignright size-medium wp-image-5563\" src=\"https:\/\/www.la-maison-naturelle.com\/blog\/wp-content\/uploads\/2012\/05\/b9400ea8-440a-4a4a-8db6-682fde3f9652-1-249x300.png\" alt=\"Int\u00e9rieur et d\u00e9coration\" width=\"249\" height=\"300\" srcset=\"https:\/\/www.la-maison-naturelle.com\/blog\/wp-content\/uploads\/2012\/05\/b9400ea8-440a-4a4a-8db6-682fde3f9652-1-249x300.png 249w, https:\/\/www.la-maison-naturelle.com\/blog\/wp-content\/uploads\/2012\/05\/b9400ea8-440a-4a4a-8db6-682fde3f9652-1.png 397w\" sizes=\"auto, (max-width: 249px) 100vw, 249px\" \/><\/a><\/td>\n<\/tr>\n<\/tbody>\n<\/table>\n<p>L&rsquo;isolation est un \u00e9l\u00e9ment crucial dans tout projet de construction ou de r\u00e9novation, car elle permet de garantir une meilleure efficacit\u00e9 \u00e9nerg\u00e9tique et un confort thermique optimal. Dans la commune d&rsquo;Athis-Mons en Essonne (91), o\u00f9 les temp\u00e9ratures peuvent \u00eatre extr\u00eames aussi bien en \u00e9t\u00e9 qu&rsquo;en hiver, il est primordial de choisir un isolant performant. Parmi les diff\u00e9rentes options disponibles sur le march\u00e9, l&rsquo;isolant en fibre de bois se d\u00e9marque comme une solution \u00e9cologique et performante.<\/p>\n<p>La fibre de bois est fabriqu\u00e9e \u00e0 partir de mati\u00e8res premi\u00e8res naturelles, telles que des r\u00e9sidus de scierie et des copeaux de bois. En raison de son caract\u00e8re renouvelable et de ses faibles \u00e9missions de gaz \u00e0 effet de serre lors de sa production, la fibre de bois est consid\u00e9r\u00e9e comme une solution respectueuse de l&rsquo;environnement. De plus, son processus de fabrication n\u00e9cessite moins d&rsquo;\u00e9nergie que celui d&rsquo;autres mat\u00e9riaux isolants.<\/p>\n<p>Les avantages de l&rsquo;isolant en fibre de bois sont nombreux. Tout d&rsquo;abord, il offre une haute performance thermique et acoustique, ce qui permet de r\u00e9duire consid\u00e9rablement les pertes de chaleur et les nuisances sonores. Ensuite, la fibre de bois est capable de r\u00e9guler l&rsquo;humidit\u00e9, ce qui \u00e9vite les probl\u00e8mes de condensation et de moisissures. De plus, cet isolant est ignifuge et r\u00e9sistant aux nuisibles tels que les insectes et les rongeurs. Enfin, la durabilit\u00e9 et la long\u00e9vit\u00e9 de la fibre de bois en font un choix \u00e9conomique sur le long terme.<\/p>\n<p>L&rsquo;isolant en fibre de bois peut \u00eatre utilis\u00e9 dans de nombreuses applications, notamment pour l&rsquo;isolation des combles, des murs, des planchers et des toitures. Chaque utilisation n\u00e9cessite des crit\u00e8res de choix sp\u00e9cifiques, tels que la certification et les labels \u00e9cologiques, l&rsquo;\u00e9paisseur et la <a href=\"https:\/\/www.la-maison-naturelle.com\/blog\/la-resistance-thermique\/\" data-internallinksmanager029f6b8e52c=\"78\" title=\"Qu'est-ce que la r\u00e9sistance thermique ?\">r\u00e9sistance thermique<\/a>, la facilit\u00e9 et le co\u00fbt d&rsquo;installation, ainsi que la durabilit\u00e9 et l&rsquo;entretien.<\/p>\n<p>Pour se procurer de l&rsquo;isolant en fibre de bois \u00e0 Athis-Mons en Essonne (91), il est possible de se rendre dans les grandes surfaces de bricolage, de contacter des sp\u00e9cialistes de l&rsquo;isolation \u00e9cologique ou de faire appel \u00e0 des artisans locaux sp\u00e9cialis\u00e9s.<\/p>\n<p>En conclusion, l&rsquo;isolant fibre de bois offre de nombreux avantages en termes de performance, d&rsquo;\u00e9cologie et de durabilit\u00e9. Pour une isolation optimale \u00e0 Athis-Mons en Essonne (91), il est recommand\u00e9 de faire le choix de cet isolant respectueux de l&rsquo;environnement. N&rsquo;h\u00e9sitez pas \u00e0 contacter des professionnels pour obtenir des conseils personnalis\u00e9s et r\u00e9aliser une installation de qualit\u00e9.<\/p>\n<p style=\"text-align: center;\"><span style=\"text-align: center;\"><a href=\"https:\/\/www.la-maison-naturelle.com\/\"><button>Achetez nos produits sur :<br \/>\n<img loading=\"lazy\" decoding=\"async\" class=\"aligncenter wp-image-376 size-thumbnail\" role=\"img\" src=\"https:\/\/www.la-maison-naturelle.com\/blog\/wp-content\/uploads\/2021\/07\/maison-naturelle-logo.svg\" alt=\"\" width=\"150\" height=\"150\" srcset=\"https:\/\/www.la-maison-naturelle.com\/blog\/wp-content\/uploads\/\/2021\/07\/maison-naturelle-logo.svg 150w, https:\/\/www.la-maison-naturelle.com\/blog\/wp-content\/uploads\/\/2021\/07\/maison-naturelle-logo.svg 300w, https:\/\/www.la-maison-naturelle.com\/blog\/wp-content\/uploads\/\/2021\/07\/maison-naturelle-logo.svg 1024w, https:\/\/www.la-maison-naturelle.com\/blog\/wp-content\/uploads\/\/2021\/07\/maison-naturelle-logo.svg 1536w, https:\/\/www.la-maison-naturelle.com\/blog\/wp-content\/uploads\/\/2021\/07\/maison-naturelle-logo.svg 2048w\" sizes=\"auto, (max-width: 150px) 100vw, 150px\" \/><\/button><\/a><\/span><\/p>\n<p>Introduction<\/p>\n<p>L&rsquo;isolant en fibre de bois est tr\u00e8s appr\u00e9ci\u00e9 pour ses qualit\u00e9s d&rsquo;isolation thermique et acoustique dans la r\u00e9gion d&rsquo;Athis-Mons, en Essonne (91). Dans cet article, nous vous pr\u00e9senterons les nombreux avantages de cet isolant, ainsi que ses diff\u00e9rentes utilisations. Nous aborderons \u00e9galement les crit\u00e8res \u00e0 prendre en compte lors de l&rsquo;achat d&rsquo;un isolant en fibre de bois \u00e0 Athis-Mons. Enfin, nous vous indiquerons o\u00f9 vous pouvez vous procurer ce mat\u00e9riau \u00e9cologique et performant dans cette r\u00e9gion.<\/p>\n<p>Avantages de l&rsquo;isolant en fibre de bois<\/p>\n<p>L&rsquo;isolant en fibre de bois offre de nombreuses performances, tant en termes d&rsquo;isolation thermique que phonique. Il permet de r\u00e9duire significativement les besoins en chauffage et en climatisation dans les habitations d&rsquo;Athis-Mons. De plus, cet isolant r\u00e9gule \u00e9galement l&rsquo;humidit\u00e9, ce qui contribue \u00e0 un environnement int\u00e9rieur sain et confortable. En outre, il est naturellement ignifuge et r\u00e9sistant aux nuisibles, assurant ainsi la s\u00e9curit\u00e9 de votre maison. Enfin, l&rsquo;isolant en fibre de bois est durable et a une long\u00e9vit\u00e9 qui en fait un choix \u00e9conomique et respectueux de l&rsquo;environnement \u00e0 long terme.<\/p>\n<p>Utilisations de l&rsquo;isolant en fibre de bois<\/p>\n<p>L&rsquo;isolant en fibre de bois peut \u00eatre utilis\u00e9 dans diff\u00e9rentes parties de votre maison \u00e0 Athis-Mons, en Essonne. Il convient parfaitement \u00e0 l&rsquo;isolation des combles, des murs, des planchers et des toitures. Gr\u00e2ce \u00e0 ses excellentes propri\u00e9t\u00e9s isolantes, la fibre de bois permet de cr\u00e9er un environnement confortable et \u00e9conome en \u00e9nergie dans toutes les pi\u00e8ces de votre maison.<\/p>\n<p>Crit\u00e8res de choix de l&rsquo;isolant en fibre de bois \u00e0 Athis-Mons<\/p>\n<p>Lors de l&rsquo;achat d&rsquo;un isolant en fibre de bois \u00e0 Athis-Mons, il est important de prendre en compte certains crit\u00e8res. Tout d&rsquo;abord, assurez-vous de choisir un isolant certifi\u00e9 et labellis\u00e9 \u00e9cologique, pour garantir sa qualit\u00e9 et son respect de l&rsquo;environnement. Ensuite, v\u00e9rifiez l&rsquo;\u00e9paisseur et la r\u00e9sistance thermique de l&rsquo;isolant, afin de choisir celui qui convient le mieux \u00e0 vos besoins sp\u00e9cifiques. En termes d&rsquo;installation, la fibre de bois est relativement simple \u00e0 poser, mais il est recommand\u00e9 de faire appel \u00e0 des professionnels pour une installation correcte. Enfin, pensez \u00e9galement \u00e0 la durabilit\u00e9 et \u00e0 l&rsquo;entretien de l&rsquo;isolant, pour vous assurer qu&rsquo;il durera dans le temps.<\/p>\n<p>O\u00f9 se procurer de l&rsquo;isolant en fibre de bois \u00e0 Athis-Mons<\/p>\n<p>Pour vous procurer de l&rsquo;isolant en fibre de bois \u00e0 Athis-Mons, vous avez plusieurs options. Les grandes surfaces de bricolage proposent g\u00e9n\u00e9ralement ce type de mat\u00e9riau, bien qu&rsquo;elles puissent avoir un choix limit\u00e9 et moins de conseils sp\u00e9cialis\u00e9s. Il est pr\u00e9f\u00e9rable de se tourner vers des sp\u00e9cialistes de l&rsquo;isolation \u00e9cologique qui pourront vous offrir un accompagnement personnalis\u00e9 et un large choix. Vous pouvez \u00e9galement contacter des artisans experts en isolation qui pourront vous conseiller et vous proposer des solutions adapt\u00e9es.<\/p>\n<p>Conclusion<\/p>\n<p>En conclusion, l&rsquo;isolant en fibre de bois est une excellente solution d&rsquo;isolation pour les habitations d&rsquo;Athis-Mons en Essonne (91). Ses nombreux avantages en font un mat\u00e9riau performant et respectueux de l&rsquo;environnement. En choisissant la fibre de bois pour votre isolation, vous b\u00e9n\u00e9ficierez d&rsquo;un meilleur confort thermique et acoustique, tout en r\u00e9duisant votre consommation d&rsquo;\u00e9nergie. N&rsquo;h\u00e9sitez pas \u00e0 contacter des professionnels pour obtenir des conseils personnalis\u00e9s et choisir l&rsquo;isolant en fibre de bois qui convient le mieux \u00e0 votre projet et \u00e0 vos besoins.<\/p>\n<p style=\"text-align: center;\"><span style=\"text-align: center;\"><a href=\"https:\/\/www.la-maison-naturelle.com\/\"><button>Achetez nos produits sur :<br \/>\n<img loading=\"lazy\" decoding=\"async\" class=\"aligncenter wp-image-376 size-thumbnail\" role=\"img\" src=\"https:\/\/www.la-maison-naturelle.com\/blog\/wp-content\/uploads\/2021\/07\/maison-naturelle-logo.svg\" alt=\"\" width=\"150\" height=\"150\" srcset=\"https:\/\/www.la-maison-naturelle.com\/blog\/wp-content\/uploads\/\/2021\/07\/maison-naturelle-logo.svg 150w, https:\/\/www.la-maison-naturelle.com\/blog\/wp-content\/uploads\/\/2021\/07\/maison-naturelle-logo.svg 300w, https:\/\/www.la-maison-naturelle.com\/blog\/wp-content\/uploads\/\/2021\/07\/maison-naturelle-logo.svg 1024w, https:\/\/www.la-maison-naturelle.com\/blog\/wp-content\/uploads\/\/2021\/07\/maison-naturelle-logo.svg 1536w, https:\/\/www.la-maison-naturelle.com\/blog\/wp-content\/uploads\/\/2021\/07\/maison-naturelle-logo.svg 2048w\" sizes=\"auto, (max-width: 150px) 100vw, 150px\" \/><\/button><\/a><\/span><\/p>\n","protected":false},"excerpt":{"rendered":"","protected":false},"author":6,"featured_media":0,"comment_status":"open","ping_status":"open","sticky":false,"template":"","format":"standard","meta":{"footnotes":""},"categories":[14],"tags":[],"class_list":["post-1446","post","type-post","status-publish","format-standard","hentry","category-une-petite-pause"],"_wp_attached_file":null,"_wp_attachment_metadata":null,"_wp_attachment_context":null,"_wp_attachment_image_alt":null,"_hf_settings":null,"hf_message_success":null,"hf_message_invalid_email":null,"hf_message_required_field_missing":null,"hf_message_error":null,"_menu_item_type":null,"_menu_item_menu_item_parent":null,"_menu_item_object_id":null,"_menu_item_object":null,"_menu_item_target":null,"_menu_item_classes":null,"_menu_item_xfn":null,"_menu_item_url":null,"_yoast_wpseo_primary_category":"5","_thumbnail_id":null,"_oembed_26d84b2c06432105b0a19987ae029a71":null,"_oembed_43e9e2dfde1b9b4ed91c9711026b7ef9":null,"_oembed_1fe1564764edbddc3b61e81acf52be88":null,"_oembed_df60f474cd845141e7ce6596d101e4a0":null,"_oembed_825e674795e2435c0bc66eb08e5d2c8b":null,"_oembed_time_825e674795e2435c0bc66eb08e5d2c8b":null,"_oembed_e917352ff4cc21ea91383201eeaa08cf":null,"_oembed_2363c16c972791c33e283320dc564fce":null,"_oembed_cc9ad5b5073a84776f6a62e33e6c7498":null,"_oembed_time_cc9ad5b5073a84776f6a62e33e6c7498":null,"_oembed_305147fcf4b856de518466e695c209cd":null,"_oembed_8517a877084ae01a5296813ee1d16a2b":null,"_oembed_2741f1556b243e68379198f98ba7f864":null,"_oembed_c3ffa24981451396c950ece2129da0f6":null,"_oembed_6f9091ebe2f3f5fcb5698ba6f4b41477":null,"_wp_old_slug":null,"_oembed_e4fb0f68ba12b85e9e231afe151ba12a":null,"_oembed_3c60e98bd703e617e67f5bbb3b97424d":null,"_oembed_bb060374498dcf40cb6068efe4be87e1":null,"_oembed_d0403e1e71c3a29020bd546b159480f1":null,"_oembed_b030ff17fbbbf8661c59c2ab8ff289eb":null,"_oembed_5cec699ba0631c6c0e4ba4f6af5f228e":null,"_oembed_b06a67f278b90cf4e8dd17cb12fe67b0":null,"_oembed_8e190e4fea2256f17420434651556236":null,"_oembed_b5ded119f1337916a0fc64d2ad85c95f":null,"_oembed_d9364a7a81be31c01415da2c50a48932":null,"_oembed_738cafa36d51a58e5ae3e458aa8f7584":null,"_oembed_ebcab5184b6b321b28efbcbec079859b":null,"_oembed_3dd9e35c2b7b268070e74da5b89cf937":null,"_oembed_e14b167b493e311a1c4e2aab38a463e8":null,"_oembed_dc8f7d108b38f3f0c2e0785b8bc46cae":null,"_oembed_55cf1c5142884afed312c2666bf27520":null,"_oembed_2292333bf03a956b4b61afafeff6bca0":null,"_oembed_82a986a6b900856fec23169de03a0038":null,"_oembed_4048ded025352b83569104210074165a":null,"_oembed_033b42b1af757abc39e4487233cee7f5":null,"_oembed_aec1d50f2b159366be8e37e94b201be1":null,"_oembed_0adc8480b2fcadf9a1733f572ce3d3f8":null,"_yoast_wpseo_title":null,"_yoast_wpseo_focuskw":null,"_yoast_wpseo_linkdex":null,"_yoast_wpseo_metadesc":null,"_yoast_wpseo_wordproof_timestamp":null,"_tpl_archive_meta_key":null,"_form":null,"_mail":null,"_mail_2":null,"_messages":null,"_additional_settings":null,"_locale":null,"_wp_old_date":null,"_edit_last":"5","_wpb_vc_js_status":"false","_yoast_wpseo_estimated-reading-time-minutes":"","_edit_lock":"1692954998:5","_yoast_wpseo_content_score":"90","yoast_head":"<!-- This site is optimized with the Yoast SEO plugin v24.3 - https:\/\/yoast.com\/wordpress\/plugins\/seo\/ -->\n<title>&quot;Isolant fibre de bois \u00e0 Athis-Mons en Essonne (91) : La solution \u00e9cologique et performante pour une isolation optimale&quot; - La Maison naturelle | Blog<\/title>\n<meta name=\"robots\" content=\"index, follow, max-snippet:-1, max-image-preview:large, max-video-preview:-1\" \/>\n<link rel=\"canonical\" href=\"https:\/\/www.la-maison-naturelle.com\/blog\/mie-isolant-fibre-de-bois-a-athis-mons-en-essonne-91\/\" \/>\n<meta property=\"og:locale\" content=\"fr_FR\" \/>\n<meta property=\"og:type\" content=\"article\" \/>\n<meta property=\"og:title\" content=\"&quot;Isolant fibre de bois \u00e0 Athis-Mons en Essonne (91) : La solution \u00e9cologique et performante pour une isolation optimale&quot; - La Maison naturelle | Blog\" \/>\n<meta property=\"og:url\" content=\"https:\/\/www.la-maison-naturelle.com\/blog\/mie-isolant-fibre-de-bois-a-athis-mons-en-essonne-91\/\" \/>\n<meta property=\"og:site_name\" content=\"La Maison naturelle | Blog\" \/>\n<meta property=\"article:published_time\" content=\"2014-05-24T08:20:01+00:00\" \/>\n<meta property=\"article:modified_time\" content=\"2023-08-25T11:22:00+00:00\" \/>\n<meta property=\"og:image\" content=\"https:\/\/www.la-maison-naturelle.com\/blog\/wp-content\/uploads\/2012\/05\/Dark-Green-and-Gray-Professional-and-Clean-E-Commerce-Email-Header-300x35.png\" \/>\n<meta name=\"author\" content=\"Thierry Lailavoix\" \/>\n<meta name=\"twitter:card\" content=\"summary_large_image\" \/>\n<meta name=\"twitter:label1\" content=\"\u00c9crit par\" \/>\n\t<meta name=\"twitter:data1\" content=\"Thierry Lailavoix\" \/>\n<script type=\"application\/ld+json\" class=\"yoast-schema-graph\">{\"@context\":\"https:\/\/schema.org\",\"@graph\":[{\"@type\":\"Article\",\"@id\":\"https:\/\/www.la-maison-naturelle.com\/blog\/mie-isolant-fibre-de-bois-a-athis-mons-en-essonne-91\/#article\",\"isPartOf\":{\"@id\":\"https:\/\/www.la-maison-naturelle.com\/blog\/mie-isolant-fibre-de-bois-a-athis-mons-en-essonne-91\/\"},\"author\":{\"name\":\"Thierry Lailavoix\",\"@id\":\"https:\/\/www.la-maison-naturelle.com\/blog\/#\/schema\/person\/17f32dccfc90d210e981fac7c831f73c\"},\"headline\":\"\u00ab\u00a0Isolant fibre de bois \u00e0 Athis-Mons en Essonne (91) : La solution \u00e9cologique et performante pour une isolation optimale\u00a0\u00bb\",\"datePublished\":\"2014-05-24T08:20:01+00:00\",\"dateModified\":\"2023-08-25T11:22:00+00:00\",\"mainEntityOfPage\":{\"@id\":\"https:\/\/www.la-maison-naturelle.com\/blog\/mie-isolant-fibre-de-bois-a-athis-mons-en-essonne-91\/\"},\"wordCount\":16,\"commentCount\":0,\"publisher\":{\"@id\":\"https:\/\/www.la-maison-naturelle.com\/blog\/#organization\"},\"image\":{\"@id\":\"https:\/\/www.la-maison-naturelle.com\/blog\/mie-isolant-fibre-de-bois-a-athis-mons-en-essonne-91\/#primaryimage\"},\"thumbnailUrl\":\"https:\/\/www.la-maison-naturelle.com\/blog\/wp-content\/uploads\/2012\/05\/Dark-Green-and-Gray-Professional-and-Clean-E-Commerce-Email-Header-300x35.png\",\"articleSection\":[\"Une petite Pause\"],\"inLanguage\":\"fr-FR\",\"potentialAction\":[{\"@type\":\"CommentAction\",\"name\":\"Comment\",\"target\":[\"https:\/\/www.la-maison-naturelle.com\/blog\/mie-isolant-fibre-de-bois-a-athis-mons-en-essonne-91\/#respond\"]}]},{\"@type\":\"WebPage\",\"@id\":\"https:\/\/www.la-maison-naturelle.com\/blog\/mie-isolant-fibre-de-bois-a-athis-mons-en-essonne-91\/\",\"url\":\"https:\/\/www.la-maison-naturelle.com\/blog\/mie-isolant-fibre-de-bois-a-athis-mons-en-essonne-91\/\",\"name\":\"\\\"Isolant fibre de bois \u00e0 Athis-Mons en Essonne (91) : La solution \u00e9cologique et performante pour une isolation optimale\\\" - La Maison naturelle | Blog\",\"isPartOf\":{\"@id\":\"https:\/\/www.la-maison-naturelle.com\/blog\/#website\"},\"primaryImageOfPage\":{\"@id\":\"https:\/\/www.la-maison-naturelle.com\/blog\/mie-isolant-fibre-de-bois-a-athis-mons-en-essonne-91\/#primaryimage\"},\"image\":{\"@id\":\"https:\/\/www.la-maison-naturelle.com\/blog\/mie-isolant-fibre-de-bois-a-athis-mons-en-essonne-91\/#primaryimage\"},\"thumbnailUrl\":\"https:\/\/www.la-maison-naturelle.com\/blog\/wp-content\/uploads\/2012\/05\/Dark-Green-and-Gray-Professional-and-Clean-E-Commerce-Email-Header-300x35.png\",\"datePublished\":\"2014-05-24T08:20:01+00:00\",\"dateModified\":\"2023-08-25T11:22:00+00:00\",\"breadcrumb\":{\"@id\":\"https:\/\/www.la-maison-naturelle.com\/blog\/mie-isolant-fibre-de-bois-a-athis-mons-en-essonne-91\/#breadcrumb\"},\"inLanguage\":\"fr-FR\",\"potentialAction\":[{\"@type\":\"ReadAction\",\"target\":[\"https:\/\/www.la-maison-naturelle.com\/blog\/mie-isolant-fibre-de-bois-a-athis-mons-en-essonne-91\/\"]}]},{\"@type\":\"ImageObject\",\"inLanguage\":\"fr-FR\",\"@id\":\"https:\/\/www.la-maison-naturelle.com\/blog\/mie-isolant-fibre-de-bois-a-athis-mons-en-essonne-91\/#primaryimage\",\"url\":\"https:\/\/www.la-maison-naturelle.com\/blog\/wp-content\/uploads\/2012\/05\/Dark-Green-and-Gray-Professional-and-Clean-E-Commerce-Email-Header.png\",\"contentUrl\":\"https:\/\/www.la-maison-naturelle.com\/blog\/wp-content\/uploads\/2012\/05\/Dark-Green-and-Gray-Professional-and-Clean-E-Commerce-Email-Header.png\",\"width\":1578,\"height\":183},{\"@type\":\"BreadcrumbList\",\"@id\":\"https:\/\/www.la-maison-naturelle.com\/blog\/mie-isolant-fibre-de-bois-a-athis-mons-en-essonne-91\/#breadcrumb\",\"itemListElement\":[{\"@type\":\"ListItem\",\"position\":1,\"name\":\"Accueil\",\"item\":\"https:\/\/www.la-maison-naturelle.com\/blog\/\"},{\"@type\":\"ListItem\",\"position\":2,\"name\":\"\u00ab\u00a0Isolant fibre de bois \u00e0 Athis-Mons en Essonne (91) : La solution \u00e9cologique et performante pour une isolation optimale\u00a0\u00bb\"}]},{\"@type\":\"WebSite\",\"@id\":\"https:\/\/www.la-maison-naturelle.com\/blog\/#website\",\"url\":\"https:\/\/www.la-maison-naturelle.com\/blog\/\",\"name\":\"La Maison naturelle | Blog\",\"description\":\"Blog de la Maison naturelle\",\"publisher\":{\"@id\":\"https:\/\/www.la-maison-naturelle.com\/blog\/#organization\"},\"potentialAction\":[{\"@type\":\"SearchAction\",\"target\":{\"@type\":\"EntryPoint\",\"urlTemplate\":\"https:\/\/www.la-maison-naturelle.com\/blog\/?s={search_term_string}\"},\"query-input\":{\"@type\":\"PropertyValueSpecification\",\"valueRequired\":true,\"valueName\":\"search_term_string\"}}],\"inLanguage\":\"fr-FR\"},{\"@type\":\"Organization\",\"@id\":\"https:\/\/www.la-maison-naturelle.com\/blog\/#organization\",\"name\":\"La Maison naturelle | Blog\",\"url\":\"https:\/\/www.la-maison-naturelle.com\/blog\/\",\"logo\":{\"@type\":\"ImageObject\",\"inLanguage\":\"fr-FR\",\"@id\":\"https:\/\/www.la-maison-naturelle.com\/blog\/#\/schema\/logo\/image\/\",\"url\":\"https:\/\/www.la-maison-naturelle.com\/blog\/wp-content\/uploads\/2021\/07\/maison-naturelle-logo.svg\",\"contentUrl\":\"https:\/\/www.la-maison-naturelle.com\/blog\/wp-content\/uploads\/2021\/07\/maison-naturelle-logo.svg\",\"width\":156,\"height\":64,\"caption\":\"La Maison naturelle | Blog\"},\"image\":{\"@id\":\"https:\/\/www.la-maison-naturelle.com\/blog\/#\/schema\/logo\/image\/\"}},{\"@type\":\"Person\",\"@id\":\"https:\/\/www.la-maison-naturelle.com\/blog\/#\/schema\/person\/17f32dccfc90d210e981fac7c831f73c\",\"name\":\"Thierry Lailavoix\",\"image\":{\"@type\":\"ImageObject\",\"inLanguage\":\"fr-FR\",\"@id\":\"https:\/\/www.la-maison-naturelle.com\/blog\/#\/schema\/person\/image\/\",\"url\":\"https:\/\/secure.gravatar.com\/avatar\/13e5241036ff85f04898947108b791b16bbd9e4f629e40d355f8ec0a8e57a22c?s=96&d=mm&r=g\",\"contentUrl\":\"https:\/\/secure.gravatar.com\/avatar\/13e5241036ff85f04898947108b791b16bbd9e4f629e40d355f8ec0a8e57a22c?s=96&d=mm&r=g\",\"caption\":\"Thierry Lailavoix\"},\"sameAs\":[\"https:\/\/www.la-maison-naturelle.com\/\"],\"url\":\"https:\/\/www.la-maison-naturelle.com\/blog\/author\/thierry\/\"}]}<\/script>\n<!-- \/ Yoast SEO plugin. -->","yoast_head_json":{"title":"\"Isolant fibre de bois \u00e0 Athis-Mons en Essonne (91) : La solution \u00e9cologique et performante pour une isolation optimale\" - La Maison naturelle | Blog","robots":{"index":"index","follow":"follow","max-snippet":"max-snippet:-1","max-image-preview":"max-image-preview:large","max-video-preview":"max-video-preview:-1"},"canonical":"https:\/\/www.la-maison-naturelle.com\/blog\/mie-isolant-fibre-de-bois-a-athis-mons-en-essonne-91\/","og_locale":"fr_FR","og_type":"article","og_title":"\"Isolant fibre de bois \u00e0 Athis-Mons en Essonne (91) : La solution \u00e9cologique et performante pour une isolation optimale\" - La Maison naturelle | Blog","og_url":"https:\/\/www.la-maison-naturelle.com\/blog\/mie-isolant-fibre-de-bois-a-athis-mons-en-essonne-91\/","og_site_name":"La Maison naturelle | Blog","article_published_time":"2014-05-24T08:20:01+00:00","article_modified_time":"2023-08-25T11:22:00+00:00","og_image":[{"url":"https:\/\/www.la-maison-naturelle.com\/blog\/wp-content\/uploads\/2012\/05\/Dark-Green-and-Gray-Professional-and-Clean-E-Commerce-Email-Header-300x35.png","type":"","width":"","height":""}],"author":"Thierry Lailavoix","twitter_card":"summary_large_image","twitter_misc":{"\u00c9crit par":"Thierry Lailavoix"},"schema":{"@context":"https:\/\/schema.org","@graph":[{"@type":"Article","@id":"https:\/\/www.la-maison-naturelle.com\/blog\/mie-isolant-fibre-de-bois-a-athis-mons-en-essonne-91\/#article","isPartOf":{"@id":"https:\/\/www.la-maison-naturelle.com\/blog\/mie-isolant-fibre-de-bois-a-athis-mons-en-essonne-91\/"},"author":{"name":"Thierry Lailavoix","@id":"https:\/\/www.la-maison-naturelle.com\/blog\/#\/schema\/person\/17f32dccfc90d210e981fac7c831f73c"},"headline":"\u00ab\u00a0Isolant fibre de bois \u00e0 Athis-Mons en Essonne (91) : La solution \u00e9cologique et performante pour une isolation optimale\u00a0\u00bb","datePublished":"2014-05-24T08:20:01+00:00","dateModified":"2023-08-25T11:22:00+00:00","mainEntityOfPage":{"@id":"https:\/\/www.la-maison-naturelle.com\/blog\/mie-isolant-fibre-de-bois-a-athis-mons-en-essonne-91\/"},"wordCount":16,"commentCount":0,"publisher":{"@id":"https:\/\/www.la-maison-naturelle.com\/blog\/#organization"},"image":{"@id":"https:\/\/www.la-maison-naturelle.com\/blog\/mie-isolant-fibre-de-bois-a-athis-mons-en-essonne-91\/#primaryimage"},"thumbnailUrl":"https:\/\/www.la-maison-naturelle.com\/blog\/wp-content\/uploads\/2012\/05\/Dark-Green-and-Gray-Professional-and-Clean-E-Commerce-Email-Header-300x35.png","articleSection":["Une petite Pause"],"inLanguage":"fr-FR","potentialAction":[{"@type":"CommentAction","name":"Comment","target":["https:\/\/www.la-maison-naturelle.com\/blog\/mie-isolant-fibre-de-bois-a-athis-mons-en-essonne-91\/#respond"]}]},{"@type":"WebPage","@id":"https:\/\/www.la-maison-naturelle.com\/blog\/mie-isolant-fibre-de-bois-a-athis-mons-en-essonne-91\/","url":"https:\/\/www.la-maison-naturelle.com\/blog\/mie-isolant-fibre-de-bois-a-athis-mons-en-essonne-91\/","name":"\"Isolant fibre de bois \u00e0 Athis-Mons en Essonne (91) : La solution \u00e9cologique et performante pour une isolation optimale\" - La Maison naturelle | Blog","isPartOf":{"@id":"https:\/\/www.la-maison-naturelle.com\/blog\/#website"},"primaryImageOfPage":{"@id":"https:\/\/www.la-maison-naturelle.com\/blog\/mie-isolant-fibre-de-bois-a-athis-mons-en-essonne-91\/#primaryimage"},"image":{"@id":"https:\/\/www.la-maison-naturelle.com\/blog\/mie-isolant-fibre-de-bois-a-athis-mons-en-essonne-91\/#primaryimage"},"thumbnailUrl":"https:\/\/www.la-maison-naturelle.com\/blog\/wp-content\/uploads\/2012\/05\/Dark-Green-and-Gray-Professional-and-Clean-E-Commerce-Email-Header-300x35.png","datePublished":"2014-05-24T08:20:01+00:00","dateModified":"2023-08-25T11:22:00+00:00","breadcrumb":{"@id":"https:\/\/www.la-maison-naturelle.com\/blog\/mie-isolant-fibre-de-bois-a-athis-mons-en-essonne-91\/#breadcrumb"},"inLanguage":"fr-FR","potentialAction":[{"@type":"ReadAction","target":["https:\/\/www.la-maison-naturelle.com\/blog\/mie-isolant-fibre-de-bois-a-athis-mons-en-essonne-91\/"]}]},{"@type":"ImageObject","inLanguage":"fr-FR","@id":"https:\/\/www.la-maison-naturelle.com\/blog\/mie-isolant-fibre-de-bois-a-athis-mons-en-essonne-91\/#primaryimage","url":"https:\/\/www.la-maison-naturelle.com\/blog\/wp-content\/uploads\/2012\/05\/Dark-Green-and-Gray-Professional-and-Clean-E-Commerce-Email-Header.png","contentUrl":"https:\/\/www.la-maison-naturelle.com\/blog\/wp-content\/uploads\/2012\/05\/Dark-Green-and-Gray-Professional-and-Clean-E-Commerce-Email-Header.png","width":1578,"height":183},{"@type":"BreadcrumbList","@id":"https:\/\/www.la-maison-naturelle.com\/blog\/mie-isolant-fibre-de-bois-a-athis-mons-en-essonne-91\/#breadcrumb","itemListElement":[{"@type":"ListItem","position":1,"name":"Accueil","item":"https:\/\/www.la-maison-naturelle.com\/blog\/"},{"@type":"ListItem","position":2,"name":"\u00ab\u00a0Isolant fibre de bois \u00e0 Athis-Mons en Essonne (91) : La solution \u00e9cologique et performante pour une isolation optimale\u00a0\u00bb"}]},{"@type":"WebSite","@id":"https:\/\/www.la-maison-naturelle.com\/blog\/#website","url":"https:\/\/www.la-maison-naturelle.com\/blog\/","name":"La Maison naturelle | Blog","description":"Blog de la Maison naturelle","publisher":{"@id":"https:\/\/www.la-maison-naturelle.com\/blog\/#organization"},"potentialAction":[{"@type":"SearchAction","target":{"@type":"EntryPoint","urlTemplate":"https:\/\/www.la-maison-naturelle.com\/blog\/?s={search_term_string}"},"query-input":{"@type":"PropertyValueSpecification","valueRequired":true,"valueName":"search_term_string"}}],"inLanguage":"fr-FR"},{"@type":"Organization","@id":"https:\/\/www.la-maison-naturelle.com\/blog\/#organization","name":"La Maison naturelle | Blog","url":"https:\/\/www.la-maison-naturelle.com\/blog\/","logo":{"@type":"ImageObject","inLanguage":"fr-FR","@id":"https:\/\/www.la-maison-naturelle.com\/blog\/#\/schema\/logo\/image\/","url":"https:\/\/www.la-maison-naturelle.com\/blog\/wp-content\/uploads\/2021\/07\/maison-naturelle-logo.svg","contentUrl":"https:\/\/www.la-maison-naturelle.com\/blog\/wp-content\/uploads\/2021\/07\/maison-naturelle-logo.svg","width":156,"height":64,"caption":"La Maison naturelle | Blog"},"image":{"@id":"https:\/\/www.la-maison-naturelle.com\/blog\/#\/schema\/logo\/image\/"}},{"@type":"Person","@id":"https:\/\/www.la-maison-naturelle.com\/blog\/#\/schema\/person\/17f32dccfc90d210e981fac7c831f73c","name":"Thierry Lailavoix","image":{"@type":"ImageObject","inLanguage":"fr-FR","@id":"https:\/\/www.la-maison-naturelle.com\/blog\/#\/schema\/person\/image\/","url":"https:\/\/secure.gravatar.com\/avatar\/13e5241036ff85f04898947108b791b16bbd9e4f629e40d355f8ec0a8e57a22c?s=96&d=mm&r=g","contentUrl":"https:\/\/secure.gravatar.com\/avatar\/13e5241036ff85f04898947108b791b16bbd9e4f629e40d355f8ec0a8e57a22c?s=96&d=mm&r=g","caption":"Thierry Lailavoix"},"sameAs":["https:\/\/www.la-maison-naturelle.com\/"],"url":"https:\/\/www.la-maison-naturelle.com\/blog\/author\/thierry\/"}]}},"_links":{"self":[{"href":"https:\/\/www.la-maison-naturelle.com\/blog\/wp-json\/wp\/v2\/posts\/1446","targetHints":{"allow":["GET"]}}],"collection":[{"href":"https:\/\/www.la-maison-naturelle.com\/blog\/wp-json\/wp\/v2\/posts"}],"about":[{"href":"https:\/\/www.la-maison-naturelle.com\/blog\/wp-json\/wp\/v2\/types\/post"}],"author":[{"embeddable":true,"href":"https:\/\/www.la-maison-naturelle.com\/blog\/wp-json\/wp\/v2\/users\/6"}],"replies":[{"embeddable":true,"href":"https:\/\/www.la-maison-naturelle.com\/blog\/wp-json\/wp\/v2\/comments?post=1446"}],"version-history":[{"count":3,"href":"https:\/\/www.la-maison-naturelle.com\/blog\/wp-json\/wp\/v2\/posts\/1446\/revisions"}],"predecessor-version":[{"id":6489,"href":"https:\/\/www.la-maison-naturelle.com\/blog\/wp-json\/wp\/v2\/posts\/1446\/revisions\/6489"}],"wp:attachment":[{"href":"https:\/\/www.la-maison-naturelle.com\/blog\/wp-json\/wp\/v2\/media?parent=1446"}],"wp:term":[{"taxonomy":"category","embeddable":true,"href":"https:\/\/www.la-maison-naturelle.com\/blog\/wp-json\/wp\/v2\/categories?post=1446"},{"taxonomy":"post_tag","embeddable":true,"href":"https:\/\/www.la-maison-naturelle.com\/blog\/wp-json\/wp\/v2\/tags?post=1446"}],"curies":[{"name":"wp","href":"https:\/\/api.w.org\/{rel}","templated":true}]}}