{"id":1401,"date":"2014-05-24T10:14:07","date_gmt":"2014-05-24T08:14:07","guid":{"rendered":"https:\/\/www.la-maison-naturelle.com\/blog\/?p=1401"},"modified":"2023-08-04T20:07:58","modified_gmt":"2023-08-04T18:07:58","slug":"mie-isolation-ouate-de-cellulose-a-auch-dans-le-gers-32","status":"publish","type":"post","link":"https:\/\/www.la-maison-naturelle.com\/blog\/mie-isolation-ouate-de-cellulose-a-auch-dans-le-gers-32\/","title":{"rendered":"Isolation ouate de cellulose \u00e0 AUCH dans le Gers 32"},"content":{"rendered":"<table style=\" width=\"100%\",max-width=\"839\">\n<tbody>\n<tr>\n<td colspan=\"3\"><a href=\"https:\/\/www.la-maison-naturelle.com\/\"><img decoding=\"async\" class=\"wp-image-5568 aligncenter\" src=\"https:\/\/www.la-maison-naturelle.com\/blog\/wp-content\/uploads\/2012\/05\/Dark-Green-and-Gray-Professional-and-Clean-E-Commerce-Email-Header-300x35.png\" alt=\"\" width=\"839\" srcset=\"https:\/\/www.la-maison-naturelle.com\/blog\/wp-content\/uploads\/2012\/05\/Dark-Green-and-Gray-Professional-and-Clean-E-Commerce-Email-Header-300x35.png 300w, https:\/\/www.la-maison-naturelle.com\/blog\/wp-content\/uploads\/2012\/05\/Dark-Green-and-Gray-Professional-and-Clean-E-Commerce-Email-Header-1024x119.png 1024w, https:\/\/www.la-maison-naturelle.com\/blog\/wp-content\/uploads\/2012\/05\/Dark-Green-and-Gray-Professional-and-Clean-E-Commerce-Email-Header-768x89.png 768w, https:\/\/www.la-maison-naturelle.com\/blog\/wp-content\/uploads\/2012\/05\/Dark-Green-and-Gray-Professional-and-Clean-E-Commerce-Email-Header-1536x178.png 1536w, https:\/\/www.la-maison-naturelle.com\/blog\/wp-content\/uploads\/2012\/05\/Dark-Green-and-Gray-Professional-and-Clean-E-Commerce-Email-Header.png 1578w\" sizes=\"(max-width: 300px) 100vw, 300px\" \/><\/a><\/td>\n<\/tr>\n<tr>\n<td><a href=\"https:\/\/www.la-maison-naturelle.com\/5260-materiaux-et-bricolage\"><img loading=\"lazy\" decoding=\"async\" class=\"alignright size-medium wp-image-5565\" src=\"https:\/\/www.la-maison-naturelle.com\/blog\/wp-content\/uploads\/2012\/05\/73a5f09c-2ef6-46dd-90d1-9cf73599e16b-1-249x300.png\" alt=\"Mat\u00e9riaux et bricolage\" width=\"249\" height=\"300\" srcset=\"https:\/\/www.la-maison-naturelle.com\/blog\/wp-content\/uploads\/2012\/05\/73a5f09c-2ef6-46dd-90d1-9cf73599e16b-1-249x300.png 249w, https:\/\/www.la-maison-naturelle.com\/blog\/wp-content\/uploads\/2012\/05\/73a5f09c-2ef6-46dd-90d1-9cf73599e16b-1.png 397w\" sizes=\"auto, (max-width: 249px) 100vw, 249px\" \/><\/a><\/td>\n<td><a href=\"https:\/\/www.la-maison-naturelle.com\/5266-amenagement-du-jardin\"><img loading=\"lazy\" decoding=\"async\" class=\"alignright size-medium wp-image-5564\" src=\"https:\/\/www.la-maison-naturelle.com\/blog\/wp-content\/uploads\/2012\/05\/9224811f-6da5-4d4d-8634-e9a2517a9565-1-249x300.png\" alt=\"Jardin et ext\u00e9rieur\" width=\"249\" height=\"300\" srcset=\"https:\/\/www.la-maison-naturelle.com\/blog\/wp-content\/uploads\/2012\/05\/9224811f-6da5-4d4d-8634-e9a2517a9565-1-249x300.png 249w, https:\/\/www.la-maison-naturelle.com\/blog\/wp-content\/uploads\/2012\/05\/9224811f-6da5-4d4d-8634-e9a2517a9565-1.png 397w\" sizes=\"auto, (max-width: 249px) 100vw, 249px\" \/><\/a><\/td>\n<td><a href=\"https:\/\/www.la-maison-naturelle.com\/5267-interieur-et-decoration\"><img loading=\"lazy\" decoding=\"async\" class=\"alignright size-medium wp-image-5563\" src=\"https:\/\/www.la-maison-naturelle.com\/blog\/wp-content\/uploads\/2012\/05\/b9400ea8-440a-4a4a-8db6-682fde3f9652-1-249x300.png\" alt=\"Int\u00e9rieur et d\u00e9coration\" width=\"249\" height=\"300\" srcset=\"https:\/\/www.la-maison-naturelle.com\/blog\/wp-content\/uploads\/2012\/05\/b9400ea8-440a-4a4a-8db6-682fde3f9652-1-249x300.png 249w, https:\/\/www.la-maison-naturelle.com\/blog\/wp-content\/uploads\/2012\/05\/b9400ea8-440a-4a4a-8db6-682fde3f9652-1.png 397w\" sizes=\"auto, (max-width: 249px) 100vw, 249px\" \/><\/a><\/td>\n<\/tr>\n<\/tbody>\n<\/table>\n<p>L&rsquo;isolation est un \u00e9l\u00e9ment essentiel dans la construction d&rsquo;un b\u00e2timent, qu&rsquo;il s&rsquo;agisse d&rsquo;une maison individuelle ou d&rsquo;un immeuble. Une bonne isolation permet de pr\u00e9server la chaleur en hiver et la fra\u00eecheur en \u00e9t\u00e9, ce qui contribue \u00e0 un meilleur confort thermique et \u00e0 des \u00e9conomies d&rsquo;\u00e9nergie significatives. Parmi les diff\u00e9rentes options disponibles sur le march\u00e9, l&rsquo;isolation <a href=\"https:\/\/www.la-maison-naturelle.com\/3004-ouate-de-cellulose\" data-internallinksmanager029f6b8e52c=\"72\" title=\"ouate de cellulose\">ouate de cellulose<\/a> se distingue comme une solution \u00e0 la fois \u00e9cologique et performante pour les habitants de AUCH, dans le Gers (32).<\/p>\n<p><a href=\"https:\/\/www.la-maison-naturelle.com\/3004-ouate-de-cellulose\">L&rsquo;isolation ouate de cellulose<\/a> est fabriqu\u00e9e \u00e0 partir de mati\u00e8res premi\u00e8res naturelles et renouvelables, telles que des fibres de cellulose issues de papier recycl\u00e9. Contrairement \u00e0 d&rsquo;autres mat\u00e9riaux isolants, elle ne contient pas de substances nocives pour la sant\u00e9 et l&rsquo;environnement. En optant pour cette solution, les habitants de AUCH peuvent contribuer \u00e0 la pr\u00e9servation de l&rsquo;\u00e9cosyst\u00e8me local et r\u00e9duire leur empreinte carbone.<\/p>\n<p>Outre son aspect \u00e9cologique, l&rsquo;isolation ouate de cellulose pr\u00e9sente des performances thermiques et acoustiques remarquables. Gr\u00e2ce \u00e0 sa structure fibreuse, elle permet de limiter les d\u00e9perditions de chaleur et d&rsquo;am\u00e9liorer l&rsquo;isolation phonique des b\u00e2timents. Les habitants de AUCH b\u00e9n\u00e9ficieront ainsi d&rsquo;un meilleur confort int\u00e9rieur, avec une temp\u00e9rature agr\u00e9able et une r\u00e9duction des nuisances sonores provenant de l&rsquo;ext\u00e9rieur.<\/p>\n<p>Une autre caract\u00e9ristique avantageuse de l&rsquo;isolation ouate de cellulose est sa capacit\u00e9 \u00e0 r\u00e9guler l&rsquo;humidit\u00e9. Elle peut absorber et restituer l&rsquo;humidit\u00e9 de l&rsquo;air ambiant, contribuant ainsi \u00e0 maintenir un niveau d&rsquo;humidit\u00e9 optimal \u00e0 l&rsquo;int\u00e9rieur du b\u00e2timent. Cela permet de pr\u00e9venir les probl\u00e8mes de condensation et de moisissures, favorisant ainsi un environnement sain et pr\u00e9servant la durabilit\u00e9 du b\u00e2timent.<\/p>\n<p>En plus des b\u00e9n\u00e9fices sur le plan du confort et de la sant\u00e9, l&rsquo;isolation ouate de cellulose \u00e0 AUCH permet de r\u00e9aliser des \u00e9conomies d&rsquo;\u00e9nergie consid\u00e9rables. En r\u00e9duisant les d\u00e9perditions de chaleur, elle limite les besoins de chauffage en hiver et de climatisation en \u00e9t\u00e9. Les habitants peuvent ainsi r\u00e9duire leur facture \u00e9nerg\u00e9tique tout en contribuant \u00e0 la pr\u00e9servation des ressources naturelles.<\/p>\n<p>En conclusion, l&rsquo;isolation ouate de cellulose repr\u00e9sente une solution \u00e9cologique et performante pour les habitants de AUCH, dans le Gers (32). Elle offre des avantages notables en termes de confort thermique et acoustique, de r\u00e9gulation de l&rsquo;humidit\u00e9 et d&rsquo;\u00e9conomies d&rsquo;\u00e9nergie. En optant pour cette solution, les habitants peuvent concilier confort, pr\u00e9servation de l&rsquo;environnement et r\u00e9duction des d\u00e9penses \u00e9nerg\u00e9tiques.<\/p>\n","protected":false},"excerpt":{"rendered":"","protected":false},"author":5,"featured_media":4055,"comment_status":"open","ping_status":"open","sticky":false,"template":"","format":"standard","meta":{"footnotes":""},"categories":[5],"tags":[],"class_list":["post-1401","post","type-post","status-publish","format-standard","has-post-thumbnail","hentry","category-espace-pro"],"_wp_attached_file":null,"_wp_attachment_metadata":null,"_wp_attachment_context":null,"_wp_attachment_image_alt":null,"_hf_settings":null,"hf_message_success":null,"hf_message_invalid_email":null,"hf_message_required_field_missing":null,"hf_message_error":null,"_menu_item_type":null,"_menu_item_menu_item_parent":null,"_menu_item_object_id":null,"_menu_item_object":null,"_menu_item_target":null,"_menu_item_classes":null,"_menu_item_xfn":null,"_menu_item_url":null,"_yoast_wpseo_primary_category":"5","_thumbnail_id":"4055","_oembed_26d84b2c06432105b0a19987ae029a71":null,"_oembed_43e9e2dfde1b9b4ed91c9711026b7ef9":null,"_oembed_1fe1564764edbddc3b61e81acf52be88":null,"_oembed_df60f474cd845141e7ce6596d101e4a0":null,"_oembed_825e674795e2435c0bc66eb08e5d2c8b":null,"_oembed_time_825e674795e2435c0bc66eb08e5d2c8b":null,"_oembed_e917352ff4cc21ea91383201eeaa08cf":null,"_oembed_2363c16c972791c33e283320dc564fce":null,"_oembed_cc9ad5b5073a84776f6a62e33e6c7498":null,"_oembed_time_cc9ad5b5073a84776f6a62e33e6c7498":null,"_oembed_305147fcf4b856de518466e695c209cd":null,"_oembed_8517a877084ae01a5296813ee1d16a2b":null,"_oembed_2741f1556b243e68379198f98ba7f864":null,"_oembed_c3ffa24981451396c950ece2129da0f6":null,"_oembed_6f9091ebe2f3f5fcb5698ba6f4b41477":null,"_wp_old_slug":null,"_oembed_e4fb0f68ba12b85e9e231afe151ba12a":null,"_oembed_3c60e98bd703e617e67f5bbb3b97424d":null,"_oembed_bb060374498dcf40cb6068efe4be87e1":null,"_oembed_d0403e1e71c3a29020bd546b159480f1":null,"_oembed_b030ff17fbbbf8661c59c2ab8ff289eb":null,"_oembed_5cec699ba0631c6c0e4ba4f6af5f228e":null,"_oembed_b06a67f278b90cf4e8dd17cb12fe67b0":null,"_oembed_8e190e4fea2256f17420434651556236":null,"_oembed_b5ded119f1337916a0fc64d2ad85c95f":null,"_oembed_d9364a7a81be31c01415da2c50a48932":null,"_oembed_738cafa36d51a58e5ae3e458aa8f7584":null,"_oembed_ebcab5184b6b321b28efbcbec079859b":null,"_oembed_3dd9e35c2b7b268070e74da5b89cf937":null,"_oembed_e14b167b493e311a1c4e2aab38a463e8":null,"_oembed_dc8f7d108b38f3f0c2e0785b8bc46cae":null,"_oembed_55cf1c5142884afed312c2666bf27520":null,"_oembed_2292333bf03a956b4b61afafeff6bca0":null,"_oembed_82a986a6b900856fec23169de03a0038":null,"_oembed_4048ded025352b83569104210074165a":null,"_oembed_033b42b1af757abc39e4487233cee7f5":null,"_oembed_aec1d50f2b159366be8e37e94b201be1":null,"_oembed_0adc8480b2fcadf9a1733f572ce3d3f8":null,"_yoast_wpseo_title":null,"_yoast_wpseo_focuskw":null,"_yoast_wpseo_linkdex":null,"_yoast_wpseo_metadesc":null,"_yoast_wpseo_wordproof_timestamp":"","_tpl_archive_meta_key":null,"_form":null,"_mail":null,"_mail_2":null,"_messages":null,"_additional_settings":null,"_locale":null,"_wp_old_date":null,"_edit_last":"5","_wpb_vc_js_status":"false","_yoast_wpseo_estimated-reading-time-minutes":"2","_edit_lock":"1691172342:5","_yoast_wpseo_content_score":"60","yoast_head":"<!-- This site is optimized with the Yoast SEO plugin v24.3 - https:\/\/yoast.com\/wordpress\/plugins\/seo\/ -->\n<title>Isolation ouate de cellulose \u00e0 AUCH dans le Gers 32 - La Maison naturelle | Blog<\/title>\n<meta name=\"robots\" content=\"index, follow, max-snippet:-1, max-image-preview:large, max-video-preview:-1\" \/>\n<link rel=\"canonical\" href=\"https:\/\/www.la-maison-naturelle.com\/blog\/mie-isolation-ouate-de-cellulose-a-auch-dans-le-gers-32\/\" \/>\n<meta property=\"og:locale\" content=\"fr_FR\" \/>\n<meta property=\"og:type\" content=\"article\" \/>\n<meta property=\"og:title\" content=\"Isolation ouate de cellulose \u00e0 AUCH dans le Gers 32 - La Maison naturelle | Blog\" \/>\n<meta property=\"og:url\" content=\"https:\/\/www.la-maison-naturelle.com\/blog\/mie-isolation-ouate-de-cellulose-a-auch-dans-le-gers-32\/\" \/>\n<meta property=\"og:site_name\" content=\"La Maison naturelle | Blog\" \/>\n<meta property=\"article:published_time\" content=\"2014-05-24T08:14:07+00:00\" \/>\n<meta property=\"article:modified_time\" content=\"2023-08-04T18:07:58+00:00\" \/>\n<meta property=\"og:image\" content=\"https:\/\/www.la-maison-naturelle.com\/blog\/wp-content\/uploads\/2015\/05\/1171288de5f0eed82e57c5d1ac3ecd30.jpg\" \/>\n\t<meta property=\"og:image:width\" content=\"254\" \/>\n\t<meta property=\"og:image:height\" content=\"198\" \/>\n\t<meta property=\"og:image:type\" content=\"image\/jpeg\" \/>\n<meta name=\"author\" content=\"Eloise\" \/>\n<meta name=\"twitter:card\" content=\"summary_large_image\" \/>\n<meta name=\"twitter:label1\" content=\"\u00c9crit par\" \/>\n\t<meta name=\"twitter:data1\" content=\"Eloise\" \/>\n\t<meta name=\"twitter:label2\" content=\"Dur\u00e9e de lecture estim\u00e9e\" \/>\n\t<meta name=\"twitter:data2\" content=\"2 minutes\" \/>\n<script type=\"application\/ld+json\" class=\"yoast-schema-graph\">{\"@context\":\"https:\/\/schema.org\",\"@graph\":[{\"@type\":\"Article\",\"@id\":\"https:\/\/www.la-maison-naturelle.com\/blog\/mie-isolation-ouate-de-cellulose-a-auch-dans-le-gers-32\/#article\",\"isPartOf\":{\"@id\":\"https:\/\/www.la-maison-naturelle.com\/blog\/mie-isolation-ouate-de-cellulose-a-auch-dans-le-gers-32\/\"},\"author\":{\"name\":\"Eloise\",\"@id\":\"https:\/\/www.la-maison-naturelle.com\/blog\/#\/schema\/person\/cad2a9ed80410189f0688441d546d43f\"},\"headline\":\"Isolation ouate de cellulose \u00e0 AUCH dans le Gers 32\",\"datePublished\":\"2014-05-24T08:14:07+00:00\",\"dateModified\":\"2023-08-04T18:07:58+00:00\",\"mainEntityOfPage\":{\"@id\":\"https:\/\/www.la-maison-naturelle.com\/blog\/mie-isolation-ouate-de-cellulose-a-auch-dans-le-gers-32\/\"},\"wordCount\":8,\"commentCount\":0,\"publisher\":{\"@id\":\"https:\/\/www.la-maison-naturelle.com\/blog\/#organization\"},\"image\":{\"@id\":\"https:\/\/www.la-maison-naturelle.com\/blog\/mie-isolation-ouate-de-cellulose-a-auch-dans-le-gers-32\/#primaryimage\"},\"thumbnailUrl\":\"https:\/\/www.la-maison-naturelle.com\/blog\/wp-content\/uploads\/2015\/05\/1171288de5f0eed82e57c5d1ac3ecd30.jpg\",\"articleSection\":[\"Espace pro\"],\"inLanguage\":\"fr-FR\",\"potentialAction\":[{\"@type\":\"CommentAction\",\"name\":\"Comment\",\"target\":[\"https:\/\/www.la-maison-naturelle.com\/blog\/mie-isolation-ouate-de-cellulose-a-auch-dans-le-gers-32\/#respond\"]}]},{\"@type\":\"WebPage\",\"@id\":\"https:\/\/www.la-maison-naturelle.com\/blog\/mie-isolation-ouate-de-cellulose-a-auch-dans-le-gers-32\/\",\"url\":\"https:\/\/www.la-maison-naturelle.com\/blog\/mie-isolation-ouate-de-cellulose-a-auch-dans-le-gers-32\/\",\"name\":\"Isolation ouate de cellulose \u00e0 AUCH dans le Gers 32 - La Maison naturelle | Blog\",\"isPartOf\":{\"@id\":\"https:\/\/www.la-maison-naturelle.com\/blog\/#website\"},\"primaryImageOfPage\":{\"@id\":\"https:\/\/www.la-maison-naturelle.com\/blog\/mie-isolation-ouate-de-cellulose-a-auch-dans-le-gers-32\/#primaryimage\"},\"image\":{\"@id\":\"https:\/\/www.la-maison-naturelle.com\/blog\/mie-isolation-ouate-de-cellulose-a-auch-dans-le-gers-32\/#primaryimage\"},\"thumbnailUrl\":\"https:\/\/www.la-maison-naturelle.com\/blog\/wp-content\/uploads\/2015\/05\/1171288de5f0eed82e57c5d1ac3ecd30.jpg\",\"datePublished\":\"2014-05-24T08:14:07+00:00\",\"dateModified\":\"2023-08-04T18:07:58+00:00\",\"breadcrumb\":{\"@id\":\"https:\/\/www.la-maison-naturelle.com\/blog\/mie-isolation-ouate-de-cellulose-a-auch-dans-le-gers-32\/#breadcrumb\"},\"inLanguage\":\"fr-FR\",\"potentialAction\":[{\"@type\":\"ReadAction\",\"target\":[\"https:\/\/www.la-maison-naturelle.com\/blog\/mie-isolation-ouate-de-cellulose-a-auch-dans-le-gers-32\/\"]}]},{\"@type\":\"ImageObject\",\"inLanguage\":\"fr-FR\",\"@id\":\"https:\/\/www.la-maison-naturelle.com\/blog\/mie-isolation-ouate-de-cellulose-a-auch-dans-le-gers-32\/#primaryimage\",\"url\":\"https:\/\/www.la-maison-naturelle.com\/blog\/wp-content\/uploads\/2015\/05\/1171288de5f0eed82e57c5d1ac3ecd30.jpg\",\"contentUrl\":\"https:\/\/www.la-maison-naturelle.com\/blog\/wp-content\/uploads\/2015\/05\/1171288de5f0eed82e57c5d1ac3ecd30.jpg\",\"width\":254,\"height\":198},{\"@type\":\"BreadcrumbList\",\"@id\":\"https:\/\/www.la-maison-naturelle.com\/blog\/mie-isolation-ouate-de-cellulose-a-auch-dans-le-gers-32\/#breadcrumb\",\"itemListElement\":[{\"@type\":\"ListItem\",\"position\":1,\"name\":\"Accueil\",\"item\":\"https:\/\/www.la-maison-naturelle.com\/blog\/\"},{\"@type\":\"ListItem\",\"position\":2,\"name\":\"Isolation ouate de cellulose \u00e0 AUCH dans le Gers 32\"}]},{\"@type\":\"WebSite\",\"@id\":\"https:\/\/www.la-maison-naturelle.com\/blog\/#website\",\"url\":\"https:\/\/www.la-maison-naturelle.com\/blog\/\",\"name\":\"La Maison naturelle | Blog\",\"description\":\"Blog de la Maison naturelle\",\"publisher\":{\"@id\":\"https:\/\/www.la-maison-naturelle.com\/blog\/#organization\"},\"potentialAction\":[{\"@type\":\"SearchAction\",\"target\":{\"@type\":\"EntryPoint\",\"urlTemplate\":\"https:\/\/www.la-maison-naturelle.com\/blog\/?s={search_term_string}\"},\"query-input\":{\"@type\":\"PropertyValueSpecification\",\"valueRequired\":true,\"valueName\":\"search_term_string\"}}],\"inLanguage\":\"fr-FR\"},{\"@type\":\"Organization\",\"@id\":\"https:\/\/www.la-maison-naturelle.com\/blog\/#organization\",\"name\":\"La Maison naturelle | Blog\",\"url\":\"https:\/\/www.la-maison-naturelle.com\/blog\/\",\"logo\":{\"@type\":\"ImageObject\",\"inLanguage\":\"fr-FR\",\"@id\":\"https:\/\/www.la-maison-naturelle.com\/blog\/#\/schema\/logo\/image\/\",\"url\":\"https:\/\/www.la-maison-naturelle.com\/blog\/wp-content\/uploads\/2021\/07\/maison-naturelle-logo.svg\",\"contentUrl\":\"https:\/\/www.la-maison-naturelle.com\/blog\/wp-content\/uploads\/2021\/07\/maison-naturelle-logo.svg\",\"width\":156,\"height\":64,\"caption\":\"La Maison naturelle | Blog\"},\"image\":{\"@id\":\"https:\/\/www.la-maison-naturelle.com\/blog\/#\/schema\/logo\/image\/\"}},{\"@type\":\"Person\",\"@id\":\"https:\/\/www.la-maison-naturelle.com\/blog\/#\/schema\/person\/cad2a9ed80410189f0688441d546d43f\",\"name\":\"Eloise\",\"image\":{\"@type\":\"ImageObject\",\"inLanguage\":\"fr-FR\",\"@id\":\"https:\/\/www.la-maison-naturelle.com\/blog\/#\/schema\/person\/image\/\",\"url\":\"https:\/\/secure.gravatar.com\/avatar\/344186806f5e8613d4a2109f3b0228a847a7c0858a8023778c44bdcfc1111df9?s=96&d=mm&r=g\",\"contentUrl\":\"https:\/\/secure.gravatar.com\/avatar\/344186806f5e8613d4a2109f3b0228a847a7c0858a8023778c44bdcfc1111df9?s=96&d=mm&r=g\",\"caption\":\"Eloise\"},\"sameAs\":[\"https:\/\/www.la-maison-naturelle.com\/\"],\"url\":\"https:\/\/www.la-maison-naturelle.com\/blog\/author\/idries\/\"}]}<\/script>\n<!-- \/ Yoast SEO plugin. -->","yoast_head_json":{"title":"Isolation ouate de cellulose \u00e0 AUCH dans le Gers 32 - La Maison naturelle | Blog","robots":{"index":"index","follow":"follow","max-snippet":"max-snippet:-1","max-image-preview":"max-image-preview:large","max-video-preview":"max-video-preview:-1"},"canonical":"https:\/\/www.la-maison-naturelle.com\/blog\/mie-isolation-ouate-de-cellulose-a-auch-dans-le-gers-32\/","og_locale":"fr_FR","og_type":"article","og_title":"Isolation ouate de cellulose \u00e0 AUCH dans le Gers 32 - La Maison naturelle | Blog","og_url":"https:\/\/www.la-maison-naturelle.com\/blog\/mie-isolation-ouate-de-cellulose-a-auch-dans-le-gers-32\/","og_site_name":"La Maison naturelle | Blog","article_published_time":"2014-05-24T08:14:07+00:00","article_modified_time":"2023-08-04T18:07:58+00:00","og_image":[{"width":254,"height":198,"url":"https:\/\/www.la-maison-naturelle.com\/blog\/wp-content\/uploads\/2015\/05\/1171288de5f0eed82e57c5d1ac3ecd30.jpg","type":"image\/jpeg"}],"author":"Eloise","twitter_card":"summary_large_image","twitter_misc":{"\u00c9crit par":"Eloise","Dur\u00e9e de lecture estim\u00e9e":"2 minutes"},"schema":{"@context":"https:\/\/schema.org","@graph":[{"@type":"Article","@id":"https:\/\/www.la-maison-naturelle.com\/blog\/mie-isolation-ouate-de-cellulose-a-auch-dans-le-gers-32\/#article","isPartOf":{"@id":"https:\/\/www.la-maison-naturelle.com\/blog\/mie-isolation-ouate-de-cellulose-a-auch-dans-le-gers-32\/"},"author":{"name":"Eloise","@id":"https:\/\/www.la-maison-naturelle.com\/blog\/#\/schema\/person\/cad2a9ed80410189f0688441d546d43f"},"headline":"Isolation ouate de cellulose \u00e0 AUCH dans le Gers 32","datePublished":"2014-05-24T08:14:07+00:00","dateModified":"2023-08-04T18:07:58+00:00","mainEntityOfPage":{"@id":"https:\/\/www.la-maison-naturelle.com\/blog\/mie-isolation-ouate-de-cellulose-a-auch-dans-le-gers-32\/"},"wordCount":8,"commentCount":0,"publisher":{"@id":"https:\/\/www.la-maison-naturelle.com\/blog\/#organization"},"image":{"@id":"https:\/\/www.la-maison-naturelle.com\/blog\/mie-isolation-ouate-de-cellulose-a-auch-dans-le-gers-32\/#primaryimage"},"thumbnailUrl":"https:\/\/www.la-maison-naturelle.com\/blog\/wp-content\/uploads\/2015\/05\/1171288de5f0eed82e57c5d1ac3ecd30.jpg","articleSection":["Espace pro"],"inLanguage":"fr-FR","potentialAction":[{"@type":"CommentAction","name":"Comment","target":["https:\/\/www.la-maison-naturelle.com\/blog\/mie-isolation-ouate-de-cellulose-a-auch-dans-le-gers-32\/#respond"]}]},{"@type":"WebPage","@id":"https:\/\/www.la-maison-naturelle.com\/blog\/mie-isolation-ouate-de-cellulose-a-auch-dans-le-gers-32\/","url":"https:\/\/www.la-maison-naturelle.com\/blog\/mie-isolation-ouate-de-cellulose-a-auch-dans-le-gers-32\/","name":"Isolation ouate de cellulose \u00e0 AUCH dans le Gers 32 - La Maison naturelle | Blog","isPartOf":{"@id":"https:\/\/www.la-maison-naturelle.com\/blog\/#website"},"primaryImageOfPage":{"@id":"https:\/\/www.la-maison-naturelle.com\/blog\/mie-isolation-ouate-de-cellulose-a-auch-dans-le-gers-32\/#primaryimage"},"image":{"@id":"https:\/\/www.la-maison-naturelle.com\/blog\/mie-isolation-ouate-de-cellulose-a-auch-dans-le-gers-32\/#primaryimage"},"thumbnailUrl":"https:\/\/www.la-maison-naturelle.com\/blog\/wp-content\/uploads\/2015\/05\/1171288de5f0eed82e57c5d1ac3ecd30.jpg","datePublished":"2014-05-24T08:14:07+00:00","dateModified":"2023-08-04T18:07:58+00:00","breadcrumb":{"@id":"https:\/\/www.la-maison-naturelle.com\/blog\/mie-isolation-ouate-de-cellulose-a-auch-dans-le-gers-32\/#breadcrumb"},"inLanguage":"fr-FR","potentialAction":[{"@type":"ReadAction","target":["https:\/\/www.la-maison-naturelle.com\/blog\/mie-isolation-ouate-de-cellulose-a-auch-dans-le-gers-32\/"]}]},{"@type":"ImageObject","inLanguage":"fr-FR","@id":"https:\/\/www.la-maison-naturelle.com\/blog\/mie-isolation-ouate-de-cellulose-a-auch-dans-le-gers-32\/#primaryimage","url":"https:\/\/www.la-maison-naturelle.com\/blog\/wp-content\/uploads\/2015\/05\/1171288de5f0eed82e57c5d1ac3ecd30.jpg","contentUrl":"https:\/\/www.la-maison-naturelle.com\/blog\/wp-content\/uploads\/2015\/05\/1171288de5f0eed82e57c5d1ac3ecd30.jpg","width":254,"height":198},{"@type":"BreadcrumbList","@id":"https:\/\/www.la-maison-naturelle.com\/blog\/mie-isolation-ouate-de-cellulose-a-auch-dans-le-gers-32\/#breadcrumb","itemListElement":[{"@type":"ListItem","position":1,"name":"Accueil","item":"https:\/\/www.la-maison-naturelle.com\/blog\/"},{"@type":"ListItem","position":2,"name":"Isolation ouate de cellulose \u00e0 AUCH dans le Gers 32"}]},{"@type":"WebSite","@id":"https:\/\/www.la-maison-naturelle.com\/blog\/#website","url":"https:\/\/www.la-maison-naturelle.com\/blog\/","name":"La Maison naturelle | Blog","description":"Blog de la Maison naturelle","publisher":{"@id":"https:\/\/www.la-maison-naturelle.com\/blog\/#organization"},"potentialAction":[{"@type":"SearchAction","target":{"@type":"EntryPoint","urlTemplate":"https:\/\/www.la-maison-naturelle.com\/blog\/?s={search_term_string}"},"query-input":{"@type":"PropertyValueSpecification","valueRequired":true,"valueName":"search_term_string"}}],"inLanguage":"fr-FR"},{"@type":"Organization","@id":"https:\/\/www.la-maison-naturelle.com\/blog\/#organization","name":"La Maison naturelle | Blog","url":"https:\/\/www.la-maison-naturelle.com\/blog\/","logo":{"@type":"ImageObject","inLanguage":"fr-FR","@id":"https:\/\/www.la-maison-naturelle.com\/blog\/#\/schema\/logo\/image\/","url":"https:\/\/www.la-maison-naturelle.com\/blog\/wp-content\/uploads\/2021\/07\/maison-naturelle-logo.svg","contentUrl":"https:\/\/www.la-maison-naturelle.com\/blog\/wp-content\/uploads\/2021\/07\/maison-naturelle-logo.svg","width":156,"height":64,"caption":"La Maison naturelle | Blog"},"image":{"@id":"https:\/\/www.la-maison-naturelle.com\/blog\/#\/schema\/logo\/image\/"}},{"@type":"Person","@id":"https:\/\/www.la-maison-naturelle.com\/blog\/#\/schema\/person\/cad2a9ed80410189f0688441d546d43f","name":"Eloise","image":{"@type":"ImageObject","inLanguage":"fr-FR","@id":"https:\/\/www.la-maison-naturelle.com\/blog\/#\/schema\/person\/image\/","url":"https:\/\/secure.gravatar.com\/avatar\/344186806f5e8613d4a2109f3b0228a847a7c0858a8023778c44bdcfc1111df9?s=96&d=mm&r=g","contentUrl":"https:\/\/secure.gravatar.com\/avatar\/344186806f5e8613d4a2109f3b0228a847a7c0858a8023778c44bdcfc1111df9?s=96&d=mm&r=g","caption":"Eloise"},"sameAs":["https:\/\/www.la-maison-naturelle.com\/"],"url":"https:\/\/www.la-maison-naturelle.com\/blog\/author\/idries\/"}]}},"_links":{"self":[{"href":"https:\/\/www.la-maison-naturelle.com\/blog\/wp-json\/wp\/v2\/posts\/1401","targetHints":{"allow":["GET"]}}],"collection":[{"href":"https:\/\/www.la-maison-naturelle.com\/blog\/wp-json\/wp\/v2\/posts"}],"about":[{"href":"https:\/\/www.la-maison-naturelle.com\/blog\/wp-json\/wp\/v2\/types\/post"}],"author":[{"embeddable":true,"href":"https:\/\/www.la-maison-naturelle.com\/blog\/wp-json\/wp\/v2\/users\/5"}],"replies":[{"embeddable":true,"href":"https:\/\/www.la-maison-naturelle.com\/blog\/wp-json\/wp\/v2\/comments?post=1401"}],"version-history":[{"count":4,"href":"https:\/\/www.la-maison-naturelle.com\/blog\/wp-json\/wp\/v2\/posts\/1401\/revisions"}],"predecessor-version":[{"id":5986,"href":"https:\/\/www.la-maison-naturelle.com\/blog\/wp-json\/wp\/v2\/posts\/1401\/revisions\/5986"}],"wp:featuredmedia":[{"embeddable":true,"href":"https:\/\/www.la-maison-naturelle.com\/blog\/wp-json\/wp\/v2\/media\/4055"}],"wp:attachment":[{"href":"https:\/\/www.la-maison-naturelle.com\/blog\/wp-json\/wp\/v2\/media?parent=1401"}],"wp:term":[{"taxonomy":"category","embeddable":true,"href":"https:\/\/www.la-maison-naturelle.com\/blog\/wp-json\/wp\/v2\/categories?post=1401"},{"taxonomy":"post_tag","embeddable":true,"href":"https:\/\/www.la-maison-naturelle.com\/blog\/wp-json\/wp\/v2\/tags?post=1401"}],"curies":[{"name":"wp","href":"https:\/\/api.w.org\/{rel}","templated":true}]}}