{"id":1385,"date":"2016-05-24T10:11:53","date_gmt":"2016-05-24T08:11:53","guid":{"rendered":"https:\/\/www.la-maison-naturelle.com\/blog\/?p=1385"},"modified":"2023-08-04T20:37:42","modified_gmt":"2023-08-04T18:37:42","slug":"mie-fibre-de-bois-isolation-sur-foix-ariege-09","status":"publish","type":"post","link":"https:\/\/www.la-maison-naturelle.com\/blog\/mie-fibre-de-bois-isolation-sur-foix-ariege-09\/","title":{"rendered":"Les avantages de la fibre de bois pour l&rsquo;isolation dans la r\u00e9gion de Foix, Ari\u00e8ge : \u00e9cologique, thermique et acoustique"},"content":{"rendered":"<table style=\" width=\"100%\",max-width=\"839\">\n<tbody>\n<tr>\n<td colspan=\"3\"><a href=\"https:\/\/www.la-maison-naturelle.com\/\"><img decoding=\"async\" class=\"wp-image-5568 aligncenter\" src=\"https:\/\/www.la-maison-naturelle.com\/blog\/wp-content\/uploads\/2012\/05\/Dark-Green-and-Gray-Professional-and-Clean-E-Commerce-Email-Header-300x35.png\" alt=\"\" width=\"839\" srcset=\"https:\/\/www.la-maison-naturelle.com\/blog\/wp-content\/uploads\/2012\/05\/Dark-Green-and-Gray-Professional-and-Clean-E-Commerce-Email-Header-300x35.png 300w, https:\/\/www.la-maison-naturelle.com\/blog\/wp-content\/uploads\/2012\/05\/Dark-Green-and-Gray-Professional-and-Clean-E-Commerce-Email-Header-1024x119.png 1024w, https:\/\/www.la-maison-naturelle.com\/blog\/wp-content\/uploads\/2012\/05\/Dark-Green-and-Gray-Professional-and-Clean-E-Commerce-Email-Header-768x89.png 768w, https:\/\/www.la-maison-naturelle.com\/blog\/wp-content\/uploads\/2012\/05\/Dark-Green-and-Gray-Professional-and-Clean-E-Commerce-Email-Header-1536x178.png 1536w, https:\/\/www.la-maison-naturelle.com\/blog\/wp-content\/uploads\/2012\/05\/Dark-Green-and-Gray-Professional-and-Clean-E-Commerce-Email-Header.png 1578w\" sizes=\"(max-width: 300px) 100vw, 300px\" \/><\/a><\/td>\n<\/tr>\n<tr>\n<td><a href=\"https:\/\/www.la-maison-naturelle.com\/5260-materiaux-et-bricolage\"><img loading=\"lazy\" decoding=\"async\" class=\"alignright size-medium wp-image-5565\" src=\"https:\/\/www.la-maison-naturelle.com\/blog\/wp-content\/uploads\/2012\/05\/73a5f09c-2ef6-46dd-90d1-9cf73599e16b-1-249x300.png\" alt=\"Mat\u00e9riaux et bricolage\" width=\"249\" height=\"300\" srcset=\"https:\/\/www.la-maison-naturelle.com\/blog\/wp-content\/uploads\/2012\/05\/73a5f09c-2ef6-46dd-90d1-9cf73599e16b-1-249x300.png 249w, https:\/\/www.la-maison-naturelle.com\/blog\/wp-content\/uploads\/2012\/05\/73a5f09c-2ef6-46dd-90d1-9cf73599e16b-1.png 397w\" sizes=\"auto, (max-width: 249px) 100vw, 249px\" \/><\/a><\/td>\n<td><a href=\"https:\/\/www.la-maison-naturelle.com\/5266-amenagement-du-jardin\"><img loading=\"lazy\" decoding=\"async\" class=\"alignright size-medium wp-image-5564\" src=\"https:\/\/www.la-maison-naturelle.com\/blog\/wp-content\/uploads\/2012\/05\/9224811f-6da5-4d4d-8634-e9a2517a9565-1-249x300.png\" alt=\"Jardin et ext\u00e9rieur\" width=\"249\" height=\"300\" srcset=\"https:\/\/www.la-maison-naturelle.com\/blog\/wp-content\/uploads\/2012\/05\/9224811f-6da5-4d4d-8634-e9a2517a9565-1-249x300.png 249w, https:\/\/www.la-maison-naturelle.com\/blog\/wp-content\/uploads\/2012\/05\/9224811f-6da5-4d4d-8634-e9a2517a9565-1.png 397w\" sizes=\"auto, (max-width: 249px) 100vw, 249px\" \/><\/a><\/td>\n<td><a href=\"https:\/\/www.la-maison-naturelle.com\/5267-interieur-et-decoration\"><img loading=\"lazy\" decoding=\"async\" class=\"alignright size-medium wp-image-5563\" src=\"https:\/\/www.la-maison-naturelle.com\/blog\/wp-content\/uploads\/2012\/05\/b9400ea8-440a-4a4a-8db6-682fde3f9652-1-249x300.png\" alt=\"Int\u00e9rieur et d\u00e9coration\" width=\"249\" height=\"300\" srcset=\"https:\/\/www.la-maison-naturelle.com\/blog\/wp-content\/uploads\/2012\/05\/b9400ea8-440a-4a4a-8db6-682fde3f9652-1-249x300.png 249w, https:\/\/www.la-maison-naturelle.com\/blog\/wp-content\/uploads\/2012\/05\/b9400ea8-440a-4a4a-8db6-682fde3f9652-1.png 397w\" sizes=\"auto, (max-width: 249px) 100vw, 249px\" \/><\/a><\/td>\n<\/tr>\n<\/tbody>\n<\/table>\n<p>L&rsquo;isolation des b\u00e2timents est un aspect crucial dans la construction et la r\u00e9novation des maisons. Il existe diff\u00e9rents mat\u00e9riaux d&rsquo;isolation sur le march\u00e9, mais la fibre de bois est de plus en plus utilis\u00e9e, notamment dans la r\u00e9gion de Foix, Ari\u00e8ge. Dans cet article, nous allons explorer les avantages de la fibre de bois pour l&rsquo;isolation dans cette r\u00e9gion, en mettant l&rsquo;accent sur ses propri\u00e9t\u00e9s \u00e9cologiques, thermiques et acoustiques.<\/p>\n<p>Une solution \u00e9cologique et durable<\/p>\n<p>La fibre de bois est un mat\u00e9riau d&rsquo;isolation \u00e9cologique, fabriqu\u00e9 \u00e0 partir de fibres de bois recycl\u00e9es ou issues de for\u00eats g\u00e9r\u00e9es de mani\u00e8re durable. En choisissant la fibre de bois pour l&rsquo;isolation de votre maison \u00e0 Foix, vous contribuez \u00e0 la pr\u00e9servation de l&rsquo;environnement en r\u00e9duisant votre empreinte carbone. De plus, la fabrication de la fibre de bois n\u00e9cessite moins d&rsquo;\u00e9nergie que celle d&rsquo;autres mat\u00e9riaux d&rsquo;isolation, ce qui en fait une solution respectueuse de l&rsquo;environnement.<\/p>\n<p>En utilisant la fibre de bois pour isoler votre maison \u00e0 Foix, vous pouvez \u00e9galement b\u00e9n\u00e9ficier d&rsquo;une meilleure qualit\u00e9 de l&rsquo;air int\u00e9rieur. Contrairement \u00e0 d&rsquo;autres mat\u00e9riaux d&rsquo;isolation, la fibre de bois n&rsquo;\u00e9met pas de gaz toxiques lorsqu&rsquo;elle est chauff\u00e9e. Cela signifie que vous et votre famille pourrez respirer un air plus sain, ce qui est particuli\u00e8rement important pour les personnes allergiques ou sensibles aux produits chimiques.<\/p>\n<p>Excellentes propri\u00e9t\u00e9s thermiques<\/p>\n<p>La fibre de bois est un excellent isolant thermique, ce qui signifie qu&rsquo;elle vous permettra de maintenir une temp\u00e9rature agr\u00e9able \u00e0 l&rsquo;int\u00e9rieur de votre maison, quelle que soit la saison. En hiver, la fibre de bois retient la chaleur \u00e0 l&rsquo;int\u00e9rieur du b\u00e2timent, ce qui r\u00e9duit les besoins en chauffage et donc votre consommation d&rsquo;\u00e9nergie. En \u00e9t\u00e9, elle agit comme un mat\u00e9riau isolant pour emp\u00eacher la chaleur ext\u00e9rieure de p\u00e9n\u00e9trer \u00e0 l&rsquo;int\u00e9rieur, vous permettant ainsi de conserver un environnement frais et confortable.<\/p>\n<p>De plus, la fibre de bois a la capacit\u00e9 de r\u00e9guler l&rsquo;humidit\u00e9, ce qui est particuli\u00e8rement important dans la r\u00e9gion de Foix, Ari\u00e8ge, o\u00f9 les niveaux d&rsquo;humidit\u00e9 peuvent \u00eatre \u00e9lev\u00e9s. En absorbant et en lib\u00e9rant l&rsquo;humidit\u00e9 de l&rsquo;air ambiant, la fibre de bois contribue \u00e0 maintenir un taux d&rsquo;humidit\u00e9 optimal \u00e0 l&rsquo;int\u00e9rieur de votre maison, ce qui vous \u00e9vite les probl\u00e8mes li\u00e9s \u00e0 l&rsquo;exc\u00e8s d&rsquo;humidit\u00e9, tels que la formation de moisissures.<\/p>\n<p>Une excellente isolation acoustique<\/p>\n<p>Outre ses propri\u00e9t\u00e9s thermiques, la fibre de bois est \u00e9galement un excellent isolant acoustique. Elle permet de r\u00e9duire consid\u00e9rablement la propagation du bruit \u00e0 travers les murs et les planchers, ce qui vous garantit une tranquillit\u00e9 optimale \u00e0 l&rsquo;int\u00e9rieur de votre maison \u00e0 Foix.<\/p>\n<p>Cette capacit\u00e9 d&rsquo;isolation acoustique de la fibre de bois est particuli\u00e8rement int\u00e9ressante si vous habitez dans un quartier bruyant ou pr\u00e8s d&rsquo;une route passante. En installant de la fibre de bois comme isolant dans vos murs et vos planchers, vous pourrez profiter d&rsquo;un espace calme et paisible, m\u00eame lorsqu&rsquo;il y a du bruit \u00e0 l&rsquo;ext\u00e9rieur.<\/p>\n<p>En conclusion, la fibre de bois est un excellent choix pour l&rsquo;isolation de votre maison dans la r\u00e9gion de Foix, Ari\u00e8ge. Ses propri\u00e9t\u00e9s \u00e9cologiques, thermiques et acoustiques en font un mat\u00e9riau d&rsquo;isolation polyvalent et durable. Si vous souhaitez r\u00e9duire votre empreinte carbone, am\u00e9liorer la qualit\u00e9 de l&rsquo;air int\u00e9rieur, r\u00e9duire vos besoins en chauffage et profiter d&rsquo;un espace calme et confortable, n&rsquo;h\u00e9sitez pas \u00e0 opter pour la fibre de bois pour l&rsquo;isolation de votre maison \u00e0 Foix.<\/p>\n<p style=\"text-align: center;\"><span style=\"text-align: center;\"><a href=\"https:\/\/www.la-maison-naturelle.com\/\"><button>Achetez nos produits sur :<br \/>\n<img loading=\"lazy\" decoding=\"async\" class=\"aligncenter wp-image-376 size-thumbnail\" role=\"img\" src=\"https:\/\/www.la-maison-naturelle.com\/blog\/wp-content\/uploads\/2021\/07\/maison-naturelle-logo.svg\" alt=\"\" width=\"150\" height=\"150\" srcset=\"https:\/\/www.la-maison-naturelle.com\/blog\/wp-content\/uploads\/\/2021\/07\/maison-naturelle-logo.svg 150w, https:\/\/www.la-maison-naturelle.com\/blog\/wp-content\/uploads\/\/2021\/07\/maison-naturelle-logo.svg 300w, https:\/\/www.la-maison-naturelle.com\/blog\/wp-content\/uploads\/\/2021\/07\/maison-naturelle-logo.svg 1024w, https:\/\/www.la-maison-naturelle.com\/blog\/wp-content\/uploads\/\/2021\/07\/maison-naturelle-logo.svg 1536w, https:\/\/www.la-maison-naturelle.com\/blog\/wp-content\/uploads\/\/2021\/07\/maison-naturelle-logo.svg 2048w\" sizes=\"auto, (max-width: 150px) 100vw, 150px\" \/><\/button><\/a><\/span><\/p>\n<h2>Les avantages de la fibre de bois pour l&rsquo;isolation dans la r\u00e9gion de Foix, Ari\u00e8ge<\/h2>\n<p>L&rsquo;isolation des b\u00e2timents est un aspect crucial dans la construction et la r\u00e9novation des maisons. Il existe diff\u00e9rents mat\u00e9riaux d&rsquo;isolation sur le march\u00e9, mais la fibre de bois est de plus en plus utilis\u00e9e, notamment dans la r\u00e9gion de Foix, Ari\u00e8ge. Dans cet article, nous allons explorer les avantages de la fibre de bois pour l&rsquo;isolation dans cette r\u00e9gion, en mettant l&rsquo;accent sur ses propri\u00e9t\u00e9s \u00e9cologiques, thermiques et acoustiques.<\/p>\n<h2>Une solution \u00e9cologique et durable<\/h2>\n<p>La fibre de bois est un mat\u00e9riau d&rsquo;isolation \u00e9cologique, fabriqu\u00e9 \u00e0 partir de fibres de bois recycl\u00e9es ou issues de for\u00eats g\u00e9r\u00e9es de mani\u00e8re durable. En choisissant la fibre de bois pour l&rsquo;isolation de votre maison \u00e0 Foix, vous contribuez \u00e0 la pr\u00e9servation de l&rsquo;environnement en r\u00e9duisant votre empreinte carbone. De plus, la fabrication de la fibre de bois n\u00e9cessite moins d&rsquo;\u00e9nergie que celle d&rsquo;autres mat\u00e9riaux d&rsquo;isolation, ce qui en fait une solution respectueuse de l&rsquo;environnement.<\/p>\n<p>En utilisant la fibre de bois pour isoler votre maison \u00e0 Foix, vous pouvez \u00e9galement b\u00e9n\u00e9ficier d&rsquo;une meilleure qualit\u00e9 de l&rsquo;air int\u00e9rieur. Contrairement \u00e0 d&rsquo;autres mat\u00e9riaux d&rsquo;isolation, la fibre de bois n&rsquo;\u00e9met pas de gaz toxiques lorsqu&rsquo;elle est chauff\u00e9e. Cela signifie que vous et votre famille pourrez respirer un air plus sain, ce qui est particuli\u00e8rement important pour les personnes allergiques ou sensibles aux produits chimiques.<\/p>\n<h2>Excellentes propri\u00e9t\u00e9s thermiques<\/h2>\n<p>La fibre de bois est un excellent isolant thermique, ce qui signifie qu&rsquo;elle vous permettra de maintenir une temp\u00e9rature agr\u00e9able \u00e0 l&rsquo;int\u00e9rieur de votre maison, quelle que soit la saison. En hiver, la fibre de bois retient la chaleur \u00e0 l&rsquo;int\u00e9rieur du b\u00e2timent, ce qui r\u00e9duit les besoins en chauffage et donc votre consommation d&rsquo;\u00e9nergie. En \u00e9t\u00e9, elle agit comme un mat\u00e9riau isolant pour emp\u00eacher la chaleur ext\u00e9rieure de p\u00e9n\u00e9trer \u00e0 l&rsquo;int\u00e9rieur, vous permettant ainsi de conserver un environnement frais et confortable.<\/p>\n<p>De plus, la fibre de bois a la capacit\u00e9 de r\u00e9guler l&rsquo;humidit\u00e9, ce qui est particuli\u00e8rement important dans la r\u00e9gion de Foix, Ari\u00e8ge, o\u00f9 les niveaux d&rsquo;humidit\u00e9 peuvent \u00eatre \u00e9lev\u00e9s. En absorbant et en lib\u00e9rant l&rsquo;humidit\u00e9 de l&rsquo;air ambiant, la fibre de bois contribue \u00e0 maintenir un taux d&rsquo;humidit\u00e9 optimal \u00e0 l&rsquo;int\u00e9rieur de votre maison, ce qui vous \u00e9vite les probl\u00e8mes li\u00e9s \u00e0 l&rsquo;exc\u00e8s d&rsquo;humidit\u00e9, tels que la formation de moisissures.<\/p>\n<h2>Une excellente isolation acoustique<\/h2>\n<p>Outre ses propri\u00e9t\u00e9s thermiques, la fibre de bois est \u00e9galement un excellent isolant acoustique. Elle permet de r\u00e9duire consid\u00e9rablement la propagation du bruit \u00e0 travers les murs et les planchers, ce qui vous garantit une tranquillit\u00e9 optimale \u00e0 l&rsquo;int\u00e9rieur de votre maison \u00e0 Foix.<\/p>\n<p>Cette capacit\u00e9 d&rsquo;isolation acoustique de la fibre de bois est particuli\u00e8rement int\u00e9ressante si vous habitez dans un quartier bruyant ou pr\u00e8s d&rsquo;une route passante. En installant de la fibre de bois comme isolant dans vos murs et vos planchers, vous pourrez profiter d&rsquo;un espace calme et paisible, m\u00eame lorsqu&rsquo;il y a du bruit \u00e0 l&rsquo;ext\u00e9rieur.<\/p>\n<p>En conclusion, la fibre de bois est un excellent choix pour l&rsquo;isolation de votre maison dans la r\u00e9gion de Foix, Ari\u00e8ge. Ses propri\u00e9t\u00e9s \u00e9cologiques, thermiques et acoustiques en font un mat\u00e9riau d&rsquo;isolation polyvalent et durable. Si vous souhaitez r\u00e9duire votre empreinte carbone, am\u00e9liorer la qualit\u00e9 de l&rsquo;air int\u00e9rieur, r\u00e9duire vos besoins en chauffage et profiter d&rsquo;un espace calme et confortable, n&rsquo;h\u00e9sitez pas \u00e0 opter pour la fibre de bois pour l&rsquo;isolation de votre maison \u00e0 Foix.<\/p>\n","protected":false},"excerpt":{"rendered":"","protected":false},"author":6,"featured_media":0,"comment_status":"open","ping_status":"open","sticky":false,"template":"","format":"standard","meta":{"footnotes":""},"categories":[14],"tags":[],"class_list":["post-1385","post","type-post","status-publish","format-standard","hentry","category-une-petite-pause"],"_wp_attached_file":null,"_wp_attachment_metadata":null,"_wp_attachment_context":null,"_wp_attachment_image_alt":null,"_hf_settings":null,"hf_message_success":null,"hf_message_invalid_email":null,"hf_message_required_field_missing":null,"hf_message_error":null,"_menu_item_type":null,"_menu_item_menu_item_parent":null,"_menu_item_object_id":null,"_menu_item_object":null,"_menu_item_target":null,"_menu_item_classes":null,"_menu_item_xfn":null,"_menu_item_url":null,"_yoast_wpseo_primary_category":"5","_thumbnail_id":null,"_oembed_26d84b2c06432105b0a19987ae029a71":null,"_oembed_43e9e2dfde1b9b4ed91c9711026b7ef9":null,"_oembed_1fe1564764edbddc3b61e81acf52be88":null,"_oembed_df60f474cd845141e7ce6596d101e4a0":null,"_oembed_825e674795e2435c0bc66eb08e5d2c8b":null,"_oembed_time_825e674795e2435c0bc66eb08e5d2c8b":null,"_oembed_e917352ff4cc21ea91383201eeaa08cf":null,"_oembed_2363c16c972791c33e283320dc564fce":null,"_oembed_cc9ad5b5073a84776f6a62e33e6c7498":null,"_oembed_time_cc9ad5b5073a84776f6a62e33e6c7498":null,"_oembed_305147fcf4b856de518466e695c209cd":null,"_oembed_8517a877084ae01a5296813ee1d16a2b":null,"_oembed_2741f1556b243e68379198f98ba7f864":null,"_oembed_c3ffa24981451396c950ece2129da0f6":null,"_oembed_6f9091ebe2f3f5fcb5698ba6f4b41477":null,"_wp_old_slug":null,"_oembed_e4fb0f68ba12b85e9e231afe151ba12a":null,"_oembed_3c60e98bd703e617e67f5bbb3b97424d":null,"_oembed_bb060374498dcf40cb6068efe4be87e1":null,"_oembed_d0403e1e71c3a29020bd546b159480f1":null,"_oembed_b030ff17fbbbf8661c59c2ab8ff289eb":null,"_oembed_5cec699ba0631c6c0e4ba4f6af5f228e":null,"_oembed_b06a67f278b90cf4e8dd17cb12fe67b0":null,"_oembed_8e190e4fea2256f17420434651556236":null,"_oembed_b5ded119f1337916a0fc64d2ad85c95f":null,"_oembed_d9364a7a81be31c01415da2c50a48932":null,"_oembed_738cafa36d51a58e5ae3e458aa8f7584":null,"_oembed_ebcab5184b6b321b28efbcbec079859b":null,"_oembed_3dd9e35c2b7b268070e74da5b89cf937":null,"_oembed_e14b167b493e311a1c4e2aab38a463e8":null,"_oembed_dc8f7d108b38f3f0c2e0785b8bc46cae":null,"_oembed_55cf1c5142884afed312c2666bf27520":null,"_oembed_2292333bf03a956b4b61afafeff6bca0":null,"_oembed_82a986a6b900856fec23169de03a0038":null,"_oembed_4048ded025352b83569104210074165a":null,"_oembed_033b42b1af757abc39e4487233cee7f5":null,"_oembed_aec1d50f2b159366be8e37e94b201be1":null,"_oembed_0adc8480b2fcadf9a1733f572ce3d3f8":null,"_yoast_wpseo_title":null,"_yoast_wpseo_focuskw":null,"_yoast_wpseo_linkdex":null,"_yoast_wpseo_metadesc":null,"_yoast_wpseo_wordproof_timestamp":null,"_tpl_archive_meta_key":null,"_form":null,"_mail":null,"_mail_2":null,"_messages":null,"_additional_settings":null,"_locale":null,"_wp_old_date":null,"_edit_last":"5","_wpb_vc_js_status":"false","_yoast_wpseo_estimated-reading-time-minutes":"","_edit_lock":"1691173901:5","_yoast_wpseo_content_score":"90","yoast_head":"<!-- This site is optimized with the Yoast SEO plugin v24.3 - https:\/\/yoast.com\/wordpress\/plugins\/seo\/ -->\n<title>Les avantages de la fibre de bois pour l&#039;isolation dans la r\u00e9gion de Foix, Ari\u00e8ge : \u00e9cologique, thermique et acoustique - La Maison naturelle | Blog<\/title>\n<meta name=\"robots\" content=\"index, follow, max-snippet:-1, max-image-preview:large, max-video-preview:-1\" \/>\n<link rel=\"canonical\" href=\"https:\/\/www.la-maison-naturelle.com\/blog\/mie-fibre-de-bois-isolation-sur-foix-ariege-09\/\" \/>\n<meta property=\"og:locale\" content=\"fr_FR\" \/>\n<meta property=\"og:type\" content=\"article\" \/>\n<meta property=\"og:title\" content=\"Les avantages de la fibre de bois pour l&#039;isolation dans la r\u00e9gion de Foix, Ari\u00e8ge : \u00e9cologique, thermique et acoustique - La Maison naturelle | Blog\" \/>\n<meta property=\"og:url\" content=\"https:\/\/www.la-maison-naturelle.com\/blog\/mie-fibre-de-bois-isolation-sur-foix-ariege-09\/\" \/>\n<meta property=\"og:site_name\" content=\"La Maison naturelle | Blog\" \/>\n<meta property=\"article:published_time\" content=\"2016-05-24T08:11:53+00:00\" \/>\n<meta property=\"article:modified_time\" content=\"2023-08-04T18:37:42+00:00\" \/>\n<meta property=\"og:image\" content=\"https:\/\/www.la-maison-naturelle.com\/blog\/wp-content\/uploads\/2012\/05\/Dark-Green-and-Gray-Professional-and-Clean-E-Commerce-Email-Header-300x35.png\" \/>\n<meta name=\"author\" content=\"Thierry Lailavoix\" \/>\n<meta name=\"twitter:card\" content=\"summary_large_image\" \/>\n<meta name=\"twitter:label1\" content=\"\u00c9crit par\" \/>\n\t<meta name=\"twitter:data1\" content=\"Thierry Lailavoix\" \/>\n<script type=\"application\/ld+json\" class=\"yoast-schema-graph\">{\"@context\":\"https:\/\/schema.org\",\"@graph\":[{\"@type\":\"Article\",\"@id\":\"https:\/\/www.la-maison-naturelle.com\/blog\/mie-fibre-de-bois-isolation-sur-foix-ariege-09\/#article\",\"isPartOf\":{\"@id\":\"https:\/\/www.la-maison-naturelle.com\/blog\/mie-fibre-de-bois-isolation-sur-foix-ariege-09\/\"},\"author\":{\"name\":\"Thierry Lailavoix\",\"@id\":\"https:\/\/www.la-maison-naturelle.com\/blog\/#\/schema\/person\/17f32dccfc90d210e981fac7c831f73c\"},\"headline\":\"Les avantages de la fibre de bois pour l&rsquo;isolation dans la r\u00e9gion de Foix, Ari\u00e8ge : \u00e9cologique, thermique et acoustique\",\"datePublished\":\"2016-05-24T08:11:53+00:00\",\"dateModified\":\"2023-08-04T18:37:42+00:00\",\"mainEntityOfPage\":{\"@id\":\"https:\/\/www.la-maison-naturelle.com\/blog\/mie-fibre-de-bois-isolation-sur-foix-ariege-09\/\"},\"wordCount\":21,\"commentCount\":0,\"publisher\":{\"@id\":\"https:\/\/www.la-maison-naturelle.com\/blog\/#organization\"},\"image\":{\"@id\":\"https:\/\/www.la-maison-naturelle.com\/blog\/mie-fibre-de-bois-isolation-sur-foix-ariege-09\/#primaryimage\"},\"thumbnailUrl\":\"https:\/\/www.la-maison-naturelle.com\/blog\/wp-content\/uploads\/2012\/05\/Dark-Green-and-Gray-Professional-and-Clean-E-Commerce-Email-Header-300x35.png\",\"articleSection\":[\"Une petite Pause\"],\"inLanguage\":\"fr-FR\",\"potentialAction\":[{\"@type\":\"CommentAction\",\"name\":\"Comment\",\"target\":[\"https:\/\/www.la-maison-naturelle.com\/blog\/mie-fibre-de-bois-isolation-sur-foix-ariege-09\/#respond\"]}]},{\"@type\":\"WebPage\",\"@id\":\"https:\/\/www.la-maison-naturelle.com\/blog\/mie-fibre-de-bois-isolation-sur-foix-ariege-09\/\",\"url\":\"https:\/\/www.la-maison-naturelle.com\/blog\/mie-fibre-de-bois-isolation-sur-foix-ariege-09\/\",\"name\":\"Les avantages de la fibre de bois pour l'isolation dans la r\u00e9gion de Foix, Ari\u00e8ge : \u00e9cologique, thermique et acoustique - La Maison naturelle | Blog\",\"isPartOf\":{\"@id\":\"https:\/\/www.la-maison-naturelle.com\/blog\/#website\"},\"primaryImageOfPage\":{\"@id\":\"https:\/\/www.la-maison-naturelle.com\/blog\/mie-fibre-de-bois-isolation-sur-foix-ariege-09\/#primaryimage\"},\"image\":{\"@id\":\"https:\/\/www.la-maison-naturelle.com\/blog\/mie-fibre-de-bois-isolation-sur-foix-ariege-09\/#primaryimage\"},\"thumbnailUrl\":\"https:\/\/www.la-maison-naturelle.com\/blog\/wp-content\/uploads\/2012\/05\/Dark-Green-and-Gray-Professional-and-Clean-E-Commerce-Email-Header-300x35.png\",\"datePublished\":\"2016-05-24T08:11:53+00:00\",\"dateModified\":\"2023-08-04T18:37:42+00:00\",\"breadcrumb\":{\"@id\":\"https:\/\/www.la-maison-naturelle.com\/blog\/mie-fibre-de-bois-isolation-sur-foix-ariege-09\/#breadcrumb\"},\"inLanguage\":\"fr-FR\",\"potentialAction\":[{\"@type\":\"ReadAction\",\"target\":[\"https:\/\/www.la-maison-naturelle.com\/blog\/mie-fibre-de-bois-isolation-sur-foix-ariege-09\/\"]}]},{\"@type\":\"ImageObject\",\"inLanguage\":\"fr-FR\",\"@id\":\"https:\/\/www.la-maison-naturelle.com\/blog\/mie-fibre-de-bois-isolation-sur-foix-ariege-09\/#primaryimage\",\"url\":\"https:\/\/www.la-maison-naturelle.com\/blog\/wp-content\/uploads\/2012\/05\/Dark-Green-and-Gray-Professional-and-Clean-E-Commerce-Email-Header.png\",\"contentUrl\":\"https:\/\/www.la-maison-naturelle.com\/blog\/wp-content\/uploads\/2012\/05\/Dark-Green-and-Gray-Professional-and-Clean-E-Commerce-Email-Header.png\",\"width\":1578,\"height\":183},{\"@type\":\"BreadcrumbList\",\"@id\":\"https:\/\/www.la-maison-naturelle.com\/blog\/mie-fibre-de-bois-isolation-sur-foix-ariege-09\/#breadcrumb\",\"itemListElement\":[{\"@type\":\"ListItem\",\"position\":1,\"name\":\"Accueil\",\"item\":\"https:\/\/www.la-maison-naturelle.com\/blog\/\"},{\"@type\":\"ListItem\",\"position\":2,\"name\":\"Les avantages de la fibre de bois pour l&rsquo;isolation dans la r\u00e9gion de Foix, Ari\u00e8ge : \u00e9cologique, thermique et acoustique\"}]},{\"@type\":\"WebSite\",\"@id\":\"https:\/\/www.la-maison-naturelle.com\/blog\/#website\",\"url\":\"https:\/\/www.la-maison-naturelle.com\/blog\/\",\"name\":\"La Maison naturelle | Blog\",\"description\":\"Blog de la Maison naturelle\",\"publisher\":{\"@id\":\"https:\/\/www.la-maison-naturelle.com\/blog\/#organization\"},\"potentialAction\":[{\"@type\":\"SearchAction\",\"target\":{\"@type\":\"EntryPoint\",\"urlTemplate\":\"https:\/\/www.la-maison-naturelle.com\/blog\/?s={search_term_string}\"},\"query-input\":{\"@type\":\"PropertyValueSpecification\",\"valueRequired\":true,\"valueName\":\"search_term_string\"}}],\"inLanguage\":\"fr-FR\"},{\"@type\":\"Organization\",\"@id\":\"https:\/\/www.la-maison-naturelle.com\/blog\/#organization\",\"name\":\"La Maison naturelle | Blog\",\"url\":\"https:\/\/www.la-maison-naturelle.com\/blog\/\",\"logo\":{\"@type\":\"ImageObject\",\"inLanguage\":\"fr-FR\",\"@id\":\"https:\/\/www.la-maison-naturelle.com\/blog\/#\/schema\/logo\/image\/\",\"url\":\"https:\/\/www.la-maison-naturelle.com\/blog\/wp-content\/uploads\/2021\/07\/maison-naturelle-logo.svg\",\"contentUrl\":\"https:\/\/www.la-maison-naturelle.com\/blog\/wp-content\/uploads\/2021\/07\/maison-naturelle-logo.svg\",\"width\":156,\"height\":64,\"caption\":\"La Maison naturelle | Blog\"},\"image\":{\"@id\":\"https:\/\/www.la-maison-naturelle.com\/blog\/#\/schema\/logo\/image\/\"}},{\"@type\":\"Person\",\"@id\":\"https:\/\/www.la-maison-naturelle.com\/blog\/#\/schema\/person\/17f32dccfc90d210e981fac7c831f73c\",\"name\":\"Thierry Lailavoix\",\"image\":{\"@type\":\"ImageObject\",\"inLanguage\":\"fr-FR\",\"@id\":\"https:\/\/www.la-maison-naturelle.com\/blog\/#\/schema\/person\/image\/\",\"url\":\"https:\/\/secure.gravatar.com\/avatar\/13e5241036ff85f04898947108b791b16bbd9e4f629e40d355f8ec0a8e57a22c?s=96&d=mm&r=g\",\"contentUrl\":\"https:\/\/secure.gravatar.com\/avatar\/13e5241036ff85f04898947108b791b16bbd9e4f629e40d355f8ec0a8e57a22c?s=96&d=mm&r=g\",\"caption\":\"Thierry Lailavoix\"},\"sameAs\":[\"https:\/\/www.la-maison-naturelle.com\/\"],\"url\":\"https:\/\/www.la-maison-naturelle.com\/blog\/author\/thierry\/\"}]}<\/script>\n<!-- \/ Yoast SEO plugin. -->","yoast_head_json":{"title":"Les avantages de la fibre de bois pour l'isolation dans la r\u00e9gion de Foix, Ari\u00e8ge : \u00e9cologique, thermique et acoustique - La Maison naturelle | Blog","robots":{"index":"index","follow":"follow","max-snippet":"max-snippet:-1","max-image-preview":"max-image-preview:large","max-video-preview":"max-video-preview:-1"},"canonical":"https:\/\/www.la-maison-naturelle.com\/blog\/mie-fibre-de-bois-isolation-sur-foix-ariege-09\/","og_locale":"fr_FR","og_type":"article","og_title":"Les avantages de la fibre de bois pour l'isolation dans la r\u00e9gion de Foix, Ari\u00e8ge : \u00e9cologique, thermique et acoustique - La Maison naturelle | Blog","og_url":"https:\/\/www.la-maison-naturelle.com\/blog\/mie-fibre-de-bois-isolation-sur-foix-ariege-09\/","og_site_name":"La Maison naturelle | Blog","article_published_time":"2016-05-24T08:11:53+00:00","article_modified_time":"2023-08-04T18:37:42+00:00","og_image":[{"url":"https:\/\/www.la-maison-naturelle.com\/blog\/wp-content\/uploads\/2012\/05\/Dark-Green-and-Gray-Professional-and-Clean-E-Commerce-Email-Header-300x35.png","type":"","width":"","height":""}],"author":"Thierry Lailavoix","twitter_card":"summary_large_image","twitter_misc":{"\u00c9crit par":"Thierry Lailavoix"},"schema":{"@context":"https:\/\/schema.org","@graph":[{"@type":"Article","@id":"https:\/\/www.la-maison-naturelle.com\/blog\/mie-fibre-de-bois-isolation-sur-foix-ariege-09\/#article","isPartOf":{"@id":"https:\/\/www.la-maison-naturelle.com\/blog\/mie-fibre-de-bois-isolation-sur-foix-ariege-09\/"},"author":{"name":"Thierry Lailavoix","@id":"https:\/\/www.la-maison-naturelle.com\/blog\/#\/schema\/person\/17f32dccfc90d210e981fac7c831f73c"},"headline":"Les avantages de la fibre de bois pour l&rsquo;isolation dans la r\u00e9gion de Foix, Ari\u00e8ge : \u00e9cologique, thermique et acoustique","datePublished":"2016-05-24T08:11:53+00:00","dateModified":"2023-08-04T18:37:42+00:00","mainEntityOfPage":{"@id":"https:\/\/www.la-maison-naturelle.com\/blog\/mie-fibre-de-bois-isolation-sur-foix-ariege-09\/"},"wordCount":21,"commentCount":0,"publisher":{"@id":"https:\/\/www.la-maison-naturelle.com\/blog\/#organization"},"image":{"@id":"https:\/\/www.la-maison-naturelle.com\/blog\/mie-fibre-de-bois-isolation-sur-foix-ariege-09\/#primaryimage"},"thumbnailUrl":"https:\/\/www.la-maison-naturelle.com\/blog\/wp-content\/uploads\/2012\/05\/Dark-Green-and-Gray-Professional-and-Clean-E-Commerce-Email-Header-300x35.png","articleSection":["Une petite Pause"],"inLanguage":"fr-FR","potentialAction":[{"@type":"CommentAction","name":"Comment","target":["https:\/\/www.la-maison-naturelle.com\/blog\/mie-fibre-de-bois-isolation-sur-foix-ariege-09\/#respond"]}]},{"@type":"WebPage","@id":"https:\/\/www.la-maison-naturelle.com\/blog\/mie-fibre-de-bois-isolation-sur-foix-ariege-09\/","url":"https:\/\/www.la-maison-naturelle.com\/blog\/mie-fibre-de-bois-isolation-sur-foix-ariege-09\/","name":"Les avantages de la fibre de bois pour l'isolation dans la r\u00e9gion de Foix, Ari\u00e8ge : \u00e9cologique, thermique et acoustique - La Maison naturelle | Blog","isPartOf":{"@id":"https:\/\/www.la-maison-naturelle.com\/blog\/#website"},"primaryImageOfPage":{"@id":"https:\/\/www.la-maison-naturelle.com\/blog\/mie-fibre-de-bois-isolation-sur-foix-ariege-09\/#primaryimage"},"image":{"@id":"https:\/\/www.la-maison-naturelle.com\/blog\/mie-fibre-de-bois-isolation-sur-foix-ariege-09\/#primaryimage"},"thumbnailUrl":"https:\/\/www.la-maison-naturelle.com\/blog\/wp-content\/uploads\/2012\/05\/Dark-Green-and-Gray-Professional-and-Clean-E-Commerce-Email-Header-300x35.png","datePublished":"2016-05-24T08:11:53+00:00","dateModified":"2023-08-04T18:37:42+00:00","breadcrumb":{"@id":"https:\/\/www.la-maison-naturelle.com\/blog\/mie-fibre-de-bois-isolation-sur-foix-ariege-09\/#breadcrumb"},"inLanguage":"fr-FR","potentialAction":[{"@type":"ReadAction","target":["https:\/\/www.la-maison-naturelle.com\/blog\/mie-fibre-de-bois-isolation-sur-foix-ariege-09\/"]}]},{"@type":"ImageObject","inLanguage":"fr-FR","@id":"https:\/\/www.la-maison-naturelle.com\/blog\/mie-fibre-de-bois-isolation-sur-foix-ariege-09\/#primaryimage","url":"https:\/\/www.la-maison-naturelle.com\/blog\/wp-content\/uploads\/2012\/05\/Dark-Green-and-Gray-Professional-and-Clean-E-Commerce-Email-Header.png","contentUrl":"https:\/\/www.la-maison-naturelle.com\/blog\/wp-content\/uploads\/2012\/05\/Dark-Green-and-Gray-Professional-and-Clean-E-Commerce-Email-Header.png","width":1578,"height":183},{"@type":"BreadcrumbList","@id":"https:\/\/www.la-maison-naturelle.com\/blog\/mie-fibre-de-bois-isolation-sur-foix-ariege-09\/#breadcrumb","itemListElement":[{"@type":"ListItem","position":1,"name":"Accueil","item":"https:\/\/www.la-maison-naturelle.com\/blog\/"},{"@type":"ListItem","position":2,"name":"Les avantages de la fibre de bois pour l&rsquo;isolation dans la r\u00e9gion de Foix, Ari\u00e8ge : \u00e9cologique, thermique et acoustique"}]},{"@type":"WebSite","@id":"https:\/\/www.la-maison-naturelle.com\/blog\/#website","url":"https:\/\/www.la-maison-naturelle.com\/blog\/","name":"La Maison naturelle | Blog","description":"Blog de la Maison naturelle","publisher":{"@id":"https:\/\/www.la-maison-naturelle.com\/blog\/#organization"},"potentialAction":[{"@type":"SearchAction","target":{"@type":"EntryPoint","urlTemplate":"https:\/\/www.la-maison-naturelle.com\/blog\/?s={search_term_string}"},"query-input":{"@type":"PropertyValueSpecification","valueRequired":true,"valueName":"search_term_string"}}],"inLanguage":"fr-FR"},{"@type":"Organization","@id":"https:\/\/www.la-maison-naturelle.com\/blog\/#organization","name":"La Maison naturelle | Blog","url":"https:\/\/www.la-maison-naturelle.com\/blog\/","logo":{"@type":"ImageObject","inLanguage":"fr-FR","@id":"https:\/\/www.la-maison-naturelle.com\/blog\/#\/schema\/logo\/image\/","url":"https:\/\/www.la-maison-naturelle.com\/blog\/wp-content\/uploads\/2021\/07\/maison-naturelle-logo.svg","contentUrl":"https:\/\/www.la-maison-naturelle.com\/blog\/wp-content\/uploads\/2021\/07\/maison-naturelle-logo.svg","width":156,"height":64,"caption":"La Maison naturelle | Blog"},"image":{"@id":"https:\/\/www.la-maison-naturelle.com\/blog\/#\/schema\/logo\/image\/"}},{"@type":"Person","@id":"https:\/\/www.la-maison-naturelle.com\/blog\/#\/schema\/person\/17f32dccfc90d210e981fac7c831f73c","name":"Thierry Lailavoix","image":{"@type":"ImageObject","inLanguage":"fr-FR","@id":"https:\/\/www.la-maison-naturelle.com\/blog\/#\/schema\/person\/image\/","url":"https:\/\/secure.gravatar.com\/avatar\/13e5241036ff85f04898947108b791b16bbd9e4f629e40d355f8ec0a8e57a22c?s=96&d=mm&r=g","contentUrl":"https:\/\/secure.gravatar.com\/avatar\/13e5241036ff85f04898947108b791b16bbd9e4f629e40d355f8ec0a8e57a22c?s=96&d=mm&r=g","caption":"Thierry Lailavoix"},"sameAs":["https:\/\/www.la-maison-naturelle.com\/"],"url":"https:\/\/www.la-maison-naturelle.com\/blog\/author\/thierry\/"}]}},"_links":{"self":[{"href":"https:\/\/www.la-maison-naturelle.com\/blog\/wp-json\/wp\/v2\/posts\/1385","targetHints":{"allow":["GET"]}}],"collection":[{"href":"https:\/\/www.la-maison-naturelle.com\/blog\/wp-json\/wp\/v2\/posts"}],"about":[{"href":"https:\/\/www.la-maison-naturelle.com\/blog\/wp-json\/wp\/v2\/types\/post"}],"author":[{"embeddable":true,"href":"https:\/\/www.la-maison-naturelle.com\/blog\/wp-json\/wp\/v2\/users\/6"}],"replies":[{"embeddable":true,"href":"https:\/\/www.la-maison-naturelle.com\/blog\/wp-json\/wp\/v2\/comments?post=1385"}],"version-history":[{"count":2,"href":"https:\/\/www.la-maison-naturelle.com\/blog\/wp-json\/wp\/v2\/posts\/1385\/revisions"}],"predecessor-version":[{"id":6029,"href":"https:\/\/www.la-maison-naturelle.com\/blog\/wp-json\/wp\/v2\/posts\/1385\/revisions\/6029"}],"wp:attachment":[{"href":"https:\/\/www.la-maison-naturelle.com\/blog\/wp-json\/wp\/v2\/media?parent=1385"}],"wp:term":[{"taxonomy":"category","embeddable":true,"href":"https:\/\/www.la-maison-naturelle.com\/blog\/wp-json\/wp\/v2\/categories?post=1385"},{"taxonomy":"post_tag","embeddable":true,"href":"https:\/\/www.la-maison-naturelle.com\/blog\/wp-json\/wp\/v2\/tags?post=1385"}],"curies":[{"name":"wp","href":"https:\/\/api.w.org\/{rel}","templated":true}]}}