{"id":1367,"date":"2016-05-24T10:09:14","date_gmt":"2016-05-24T08:09:14","guid":{"rendered":"https:\/\/www.la-maison-naturelle.com\/blog\/?p=1367"},"modified":"2023-08-23T17:20:06","modified_gmt":"2023-08-23T15:20:06","slug":"mie-isolation-bois-a-cholet-49-avec-la-fibre-de-bois-isoqem","status":"publish","type":"post","link":"https:\/\/www.la-maison-naturelle.com\/blog\/mie-isolation-bois-a-cholet-49-avec-la-fibre-de-bois-isoqem\/","title":{"rendered":"Isolation bois \u00e0 Cholet avec la fibre de bois STEICO : une solution naturelle et performante pour une maison \u00e9co\u00e9nerg\u00e9tique"},"content":{"rendered":"<table style=\" width=\"100%\",max-width=\"839\">\n<tbody>\n<tr>\n<td colspan=\"3\"><a href=\"https:\/\/www.la-maison-naturelle.com\/\"><img decoding=\"async\" class=\"wp-image-5568 aligncenter\" src=\"https:\/\/www.la-maison-naturelle.com\/blog\/wp-content\/uploads\/2012\/05\/Dark-Green-and-Gray-Professional-and-Clean-E-Commerce-Email-Header-300x35.png\" alt=\"\" width=\"839\" srcset=\"https:\/\/www.la-maison-naturelle.com\/blog\/wp-content\/uploads\/2012\/05\/Dark-Green-and-Gray-Professional-and-Clean-E-Commerce-Email-Header-300x35.png 300w, https:\/\/www.la-maison-naturelle.com\/blog\/wp-content\/uploads\/2012\/05\/Dark-Green-and-Gray-Professional-and-Clean-E-Commerce-Email-Header-1024x119.png 1024w, https:\/\/www.la-maison-naturelle.com\/blog\/wp-content\/uploads\/2012\/05\/Dark-Green-and-Gray-Professional-and-Clean-E-Commerce-Email-Header-768x89.png 768w, https:\/\/www.la-maison-naturelle.com\/blog\/wp-content\/uploads\/2012\/05\/Dark-Green-and-Gray-Professional-and-Clean-E-Commerce-Email-Header-1536x178.png 1536w, https:\/\/www.la-maison-naturelle.com\/blog\/wp-content\/uploads\/2012\/05\/Dark-Green-and-Gray-Professional-and-Clean-E-Commerce-Email-Header.png 1578w\" sizes=\"(max-width: 300px) 100vw, 300px\" \/><\/a><\/td>\n<\/tr>\n<tr>\n<td><a href=\"https:\/\/www.la-maison-naturelle.com\/5260-materiaux-et-bricolage\"><img loading=\"lazy\" decoding=\"async\" class=\"alignright size-medium wp-image-5565\" src=\"https:\/\/www.la-maison-naturelle.com\/blog\/wp-content\/uploads\/2012\/05\/73a5f09c-2ef6-46dd-90d1-9cf73599e16b-1-249x300.png\" alt=\"Mat\u00e9riaux et bricolage\" width=\"249\" height=\"300\" srcset=\"https:\/\/www.la-maison-naturelle.com\/blog\/wp-content\/uploads\/2012\/05\/73a5f09c-2ef6-46dd-90d1-9cf73599e16b-1-249x300.png 249w, https:\/\/www.la-maison-naturelle.com\/blog\/wp-content\/uploads\/2012\/05\/73a5f09c-2ef6-46dd-90d1-9cf73599e16b-1.png 397w\" sizes=\"auto, (max-width: 249px) 100vw, 249px\" \/><\/a><\/td>\n<td><a href=\"https:\/\/www.la-maison-naturelle.com\/5266-amenagement-du-jardin\"><img loading=\"lazy\" decoding=\"async\" class=\"alignright size-medium wp-image-5564\" src=\"https:\/\/www.la-maison-naturelle.com\/blog\/wp-content\/uploads\/2012\/05\/9224811f-6da5-4d4d-8634-e9a2517a9565-1-249x300.png\" alt=\"Jardin et ext\u00e9rieur\" width=\"249\" height=\"300\" srcset=\"https:\/\/www.la-maison-naturelle.com\/blog\/wp-content\/uploads\/2012\/05\/9224811f-6da5-4d4d-8634-e9a2517a9565-1-249x300.png 249w, https:\/\/www.la-maison-naturelle.com\/blog\/wp-content\/uploads\/2012\/05\/9224811f-6da5-4d4d-8634-e9a2517a9565-1.png 397w\" sizes=\"auto, (max-width: 249px) 100vw, 249px\" \/><\/a><\/td>\n<td><a href=\"https:\/\/www.la-maison-naturelle.com\/5267-interieur-et-decoration\"><img loading=\"lazy\" decoding=\"async\" class=\"alignright size-medium wp-image-5563\" src=\"https:\/\/www.la-maison-naturelle.com\/blog\/wp-content\/uploads\/2012\/05\/b9400ea8-440a-4a4a-8db6-682fde3f9652-1-249x300.png\" alt=\"Int\u00e9rieur et d\u00e9coration\" width=\"249\" height=\"300\" srcset=\"https:\/\/www.la-maison-naturelle.com\/blog\/wp-content\/uploads\/2012\/05\/b9400ea8-440a-4a4a-8db6-682fde3f9652-1-249x300.png 249w, https:\/\/www.la-maison-naturelle.com\/blog\/wp-content\/uploads\/2012\/05\/b9400ea8-440a-4a4a-8db6-682fde3f9652-1.png 397w\" sizes=\"auto, (max-width: 249px) 100vw, 249px\" \/><\/a><\/td>\n<\/tr>\n<\/tbody>\n<\/table>\n<p>L&rsquo;isolation est un \u00e9l\u00e9ment essentiel pour garantir le confort et la performance \u00e9nerg\u00e9tique d&rsquo;une maison. \u00c0 Cholet, de plus en plus de propri\u00e9taires se tournent vers des solutions naturelles et performantes, notamment l&rsquo;isolation bois avec la fibre de bois <a href=\"https:\/\/www.la-maison-naturelle.com\/brand\/1-steico\" data-internallinksmanager029f6b8e52c=\"71\" title=\"STEICO\">STEICO<\/a>. <\/p>\n<p>La fibre de bois STEICO est un mat\u00e9riau d&rsquo;isolation \u00e9cologique et respectueux de l&rsquo;environnement, issu de ressources renouvelables. Elle pr\u00e9sente de nombreux avantages, allant du confort thermique \u00e0 l&rsquo;am\u00e9lioration acoustique en passant par la durabilit\u00e9.<\/p>\n<p>En termes de confort thermique, la fibre de bois STEICO se distingue par ses excellentes propri\u00e9t\u00e9s isolantes. Elle retient la chaleur en hiver et maintient la fra\u00eecheur en \u00e9t\u00e9, cr\u00e9ant ainsi une atmosph\u00e8re agr\u00e9able \u00e0 l&rsquo;int\u00e9rieur de la maison, quelle que soit la saison.<\/p>\n<p>En ce qui concerne l&rsquo;isolation acoustique, la fibre de bois STEICO est \u00e9galement tr\u00e8s performante. Elle absorbe les bruits et r\u00e9duit ainsi les nuisances sonores, offrant ainsi un confort sonore optimal \u00e0 l&rsquo;int\u00e9rieur de la maison.<\/p>\n<p>Outre ses qualit\u00e9s isolantes, la fibre de bois STEICO est \u00e9galement durable et respectueuse de l&rsquo;environnement. Sa production a un faible impact environnemental et elle est recyclable. Elle contribue donc \u00e0 la r\u00e9duction de notre empreinte \u00e9cologique.<\/p>\n<p>Les performances de la fibre de bois STEICO \u00e0 Cholet sont \u00e9galement remarquables. Elle offre une <a href=\"https:\/\/www.la-maison-naturelle.com\/blog\/la-resistance-thermique\/\" data-internallinksmanager029f6b8e52c=\"78\" title=\"Qu'est-ce que la r\u00e9sistance thermique ?\">r\u00e9sistance thermique<\/a> \u00e9lev\u00e9e, ce qui se traduit par des \u00e9conomies d&rsquo;\u00e9nergie significatives. Elle assure \u00e9galement une <a href=\"https:\/\/www.la-maison-naturelle.com\/3042-etancheite-a-l-air\" data-internallinksmanager029f6b8e52c=\"138\" title=\"\u00e9tanch\u00e9it\u00e9 \u00e0 l\u2019air\">\u00e9tanch\u00e9it\u00e9 \u00e0 l&rsquo;air<\/a> efficace, r\u00e9duisant ainsi les pertes de chaleur par infiltration et pr\u00e9servant la qualit\u00e9 de l&rsquo;air int\u00e9rieur.<\/p>\n<p>Pour b\u00e9n\u00e9ficier de l&rsquo;isolation bois avec la fibre de bois STEICO \u00e0 Cholet, il est conseill\u00e9 de faire appel \u00e0 un professionnel de l&rsquo;isolation. Celui-ci pourra vous guider dans le choix de l&rsquo;artisan qualifi\u00e9 et exp\u00e9riment\u00e9, ainsi que dans la r\u00e9alisation d&rsquo;un devis pour \u00e9valuer les co\u00fbts du projet. L&rsquo;installation de l&rsquo;isolation bois avec STEICO n\u00e9cessite \u00e9galement une technique de pose adapt\u00e9e \u00e0 la structure de votre maison, en respectant les normes de s\u00e9curit\u00e9 et de performance. <\/p>\n<p>En conclusion, l&rsquo;isolation bois avec la fibre de bois STEICO \u00e0 Cholet est une solution naturelle, performante et respectueuse de l&rsquo;environnement. Elle offre de nombreux avantages en termes de confort thermique, d&rsquo;isolation acoustique, de durabilit\u00e9 et de performance \u00e9nerg\u00e9tique. Si vous souhaitez profiter de tous ces avantages, n&rsquo;h\u00e9sitez pas \u00e0 contacter un professionnel de l&rsquo;isolation bois \u00e0 Cholet.<\/p>\n<p style=\"text-align: center;\"><span style=\"text-align: center;\"><a href=\"https:\/\/www.la-maison-naturelle.com\/\"><button>Achetez nos produits sur :<br \/>\n<img loading=\"lazy\" decoding=\"async\" class=\"aligncenter wp-image-376 size-thumbnail\" role=\"img\" src=\"https:\/\/www.la-maison-naturelle.com\/blog\/wp-content\/uploads\/2021\/07\/maison-naturelle-logo.svg\" alt=\"\" width=\"150\" height=\"150\" srcset=\"https:\/\/www.la-maison-naturelle.com\/blog\/wp-content\/uploads\/\/2021\/07\/maison-naturelle-logo.svg 150w, https:\/\/www.la-maison-naturelle.com\/blog\/wp-content\/uploads\/\/2021\/07\/maison-naturelle-logo.svg 300w, https:\/\/www.la-maison-naturelle.com\/blog\/wp-content\/uploads\/\/2021\/07\/maison-naturelle-logo.svg 1024w, https:\/\/www.la-maison-naturelle.com\/blog\/wp-content\/uploads\/\/2021\/07\/maison-naturelle-logo.svg 1536w, https:\/\/www.la-maison-naturelle.com\/blog\/wp-content\/uploads\/\/2021\/07\/maison-naturelle-logo.svg 2048w\" sizes=\"auto, (max-width: 150px) 100vw, 150px\" \/><\/button><\/a><\/span><\/p>\n<h2>I. Introduction<\/h2>\n<p>L&rsquo;isolation est un \u00e9l\u00e9ment cl\u00e9 pour une maison \u00e9co\u00e9nerg\u00e9tique, permettant de r\u00e9duire sa consommation d&rsquo;\u00e9nergie et d&rsquo;am\u00e9liorer son confort. Dans cet article, nous allons pr\u00e9senter la fibre de bois STEICO comme une solution d&rsquo;<a href=\"https:\/\/www.la-maison-naturelle.com\/5273-isolation\" data-internallinksmanager029f6b8e52c=\"149\" title=\"isolation ecologique\">isolation naturelle<\/a> et performante \u00e0 Cholet. Notre objectif est de mettre en valeur les avantages de l&rsquo;isolation bois avec STEICO dans cette r\u00e9gion.<\/p>\n<h2>II. Les avantages de l&rsquo;isolation bois \u00e0 Cholet<\/h2>\n<h3>A. Le confort thermique : r\u00e9gulation de la temp\u00e9rature<\/h3>\n<p>La fibre de bois STEICO poss\u00e8de d&rsquo;excellentes propri\u00e9t\u00e9s isolantes, permettant de r\u00e9guler la temp\u00e9rature \u00e0 l&rsquo;int\u00e9rieur de la maison. En hiver, elle retient la chaleur, tandis qu&rsquo;en \u00e9t\u00e9, elle conserve la fra\u00eecheur. Ainsi, elle garantit un confort thermique optimal tout au long de l&rsquo;ann\u00e9e.<\/p>\n<h3>B. L&rsquo;isolation acoustique : r\u00e9duction des nuisances sonores<\/h3>\n<p>La fibre de bois a \u00e9galement la capacit\u00e9 d&rsquo;absorber les bruits, ce qui contribue \u00e0 am\u00e9liorer le confort sonore \u00e0 l&rsquo;int\u00e9rieur de la maison. Elle permet de r\u00e9duire les nuisances sonores provenant de l&rsquo;ext\u00e9rieur ou entre les diff\u00e9rentes pi\u00e8ces, offrant ainsi un cadre de vie calme et paisible.<\/p>\n<h3>C. La durabilit\u00e9 et l&rsquo;\u00e9cologie : respect de l&rsquo;environnement<\/h3>\n<p>La fibre de bois STEICO est fabriqu\u00e9e \u00e0 partir de mati\u00e8res premi\u00e8res naturelles et renouvelables, ce qui en fait une solution respectueuse de l&rsquo;environnement. De plus, sa production et son \u00e9limination ont un faible impact environnemental, contribuant ainsi \u00e0 la pr\u00e9servation de notre plan\u00e8te.<\/p>\n<h2>III. Les performances de la fibre de bois STEICO \u00e0 Cholet<\/h2>\n<h3>A. R\u00e9sistance thermique \u00e9lev\u00e9e : \u00e9conomies d&rsquo;\u00e9nergie<\/h3>\n<p>Compar\u00e9e \u00e0 d&rsquo;autres isolants traditionnels, la fibre de bois STEICO offre une r\u00e9sistance thermique \u00e9lev\u00e9e. Cela se traduit par des \u00e9conomies d&rsquo;\u00e9nergie significatives, en r\u00e9duisant les besoins en chauffage et en climatisation et en diminuant ainsi les factures \u00e9nerg\u00e9tiques.<\/p>\n<h3>B. \u00c9tanch\u00e9it\u00e9 \u00e0 l&rsquo;air : am\u00e9lioration de l&rsquo;efficacit\u00e9 \u00e9nerg\u00e9tique<\/h3>\n<p>La fibre de bois STEICO contribue \u00e0 am\u00e9liorer l&rsquo;efficacit\u00e9 \u00e9nerg\u00e9tique de la maison en assurant une \u00e9tanch\u00e9it\u00e9 \u00e0 l&rsquo;air. Elle r\u00e9duit les pertes de chaleur dues \u00e0 l&rsquo;infiltration d&rsquo;air, tout en pr\u00e9servant la qualit\u00e9 de l&rsquo;air int\u00e9rieur en \u00e9vitant les courants d&rsquo;air et les entr\u00e9es d&rsquo;air pollu\u00e9.<\/p>\n<h2>IV. Comment b\u00e9n\u00e9ficier de l&rsquo;isolation bois avec STEICO \u00e0 Cholet<\/h2>\n<h3>A. Faire appel \u00e0 un professionnel de l&rsquo;isolation<\/h3>\n<p>Il est recommand\u00e9 de faire appel \u00e0 un professionnel de l&rsquo;isolation pour b\u00e9n\u00e9ficier des avantages de l&rsquo;isolation bois avec STEICO \u00e0 Cholet. Il est important de choisir un artisan qualifi\u00e9 et exp\u00e9riment\u00e9 dans ce domaine. Vous pouvez demander un devis pour \u00e9valuer les co\u00fbts li\u00e9s \u00e0 votre projet.<\/p>\n<h3>B. Installation de l&rsquo;isolation bois avec STEICO<\/h3>\n<p>L&rsquo;installation de l&rsquo;isolation bois avec STEICO doit \u00eatre r\u00e9alis\u00e9e en respectant les normes de s\u00e9curit\u00e9 et de performance. Il existe diff\u00e9rentes techniques de pose adapt\u00e9es \u00e0 la structure de votre maison. Un professionnel saura vous guider dans le choix de la meilleure m\u00e9thode d&rsquo;installation selon vos besoins et contraintes.<\/p>\n<h2>V. Conclusion<\/h2>\n<p>Pour r\u00e9capituler, l&rsquo;isolation bois avec STEICO offre de nombreux avantages \u00e0 Cholet, notamment en termes de confort thermique, d&rsquo;isolation acoustique, de durabilit\u00e9 et d&rsquo;\u00e9cologie. Elle garantit des performances thermiques \u00e9lev\u00e9es et une meilleure efficacit\u00e9 \u00e9nerg\u00e9tique. Nous vous encourageons \u00e0 opter pour cette solution \u00e9cologique et performante en faisant appel \u00e0 un professionnel de l&rsquo;isolation pour concr\u00e9tiser votre projet \u00e0 Cholet.<\/p>\n<p style=\"text-align: center;\"><span style=\"text-align: center;\"><a href=\"https:\/\/www.la-maison-naturelle.com\/\"><button>Achetez nos produits sur :<br \/>\n<img loading=\"lazy\" decoding=\"async\" class=\"aligncenter wp-image-376 size-thumbnail\" role=\"img\" src=\"https:\/\/www.la-maison-naturelle.com\/blog\/wp-content\/uploads\/2021\/07\/maison-naturelle-logo.svg\" alt=\"\" width=\"150\" height=\"150\" srcset=\"https:\/\/www.la-maison-naturelle.com\/blog\/wp-content\/uploads\/\/2021\/07\/maison-naturelle-logo.svg 150w, https:\/\/www.la-maison-naturelle.com\/blog\/wp-content\/uploads\/\/2021\/07\/maison-naturelle-logo.svg 300w, https:\/\/www.la-maison-naturelle.com\/blog\/wp-content\/uploads\/\/2021\/07\/maison-naturelle-logo.svg 1024w, https:\/\/www.la-maison-naturelle.com\/blog\/wp-content\/uploads\/\/2021\/07\/maison-naturelle-logo.svg 1536w, https:\/\/www.la-maison-naturelle.com\/blog\/wp-content\/uploads\/\/2021\/07\/maison-naturelle-logo.svg 2048w\" sizes=\"auto, (max-width: 150px) 100vw, 150px\" \/><\/button><\/a><\/span><\/p>\n","protected":false},"excerpt":{"rendered":"","protected":false},"author":6,"featured_media":0,"comment_status":"open","ping_status":"open","sticky":false,"template":"","format":"standard","meta":{"footnotes":""},"categories":[14],"tags":[],"class_list":["post-1367","post","type-post","status-publish","format-standard","hentry","category-une-petite-pause"],"_wp_attached_file":null,"_wp_attachment_metadata":null,"_wp_attachment_context":null,"_wp_attachment_image_alt":null,"_hf_settings":null,"hf_message_success":null,"hf_message_invalid_email":null,"hf_message_required_field_missing":null,"hf_message_error":null,"_menu_item_type":null,"_menu_item_menu_item_parent":null,"_menu_item_object_id":null,"_menu_item_object":null,"_menu_item_target":null,"_menu_item_classes":null,"_menu_item_xfn":null,"_menu_item_url":null,"_yoast_wpseo_primary_category":"5","_thumbnail_id":null,"_oembed_26d84b2c06432105b0a19987ae029a71":null,"_oembed_43e9e2dfde1b9b4ed91c9711026b7ef9":null,"_oembed_1fe1564764edbddc3b61e81acf52be88":null,"_oembed_df60f474cd845141e7ce6596d101e4a0":null,"_oembed_825e674795e2435c0bc66eb08e5d2c8b":null,"_oembed_time_825e674795e2435c0bc66eb08e5d2c8b":null,"_oembed_e917352ff4cc21ea91383201eeaa08cf":null,"_oembed_2363c16c972791c33e283320dc564fce":null,"_oembed_cc9ad5b5073a84776f6a62e33e6c7498":null,"_oembed_time_cc9ad5b5073a84776f6a62e33e6c7498":null,"_oembed_305147fcf4b856de518466e695c209cd":null,"_oembed_8517a877084ae01a5296813ee1d16a2b":null,"_oembed_2741f1556b243e68379198f98ba7f864":null,"_oembed_c3ffa24981451396c950ece2129da0f6":null,"_oembed_6f9091ebe2f3f5fcb5698ba6f4b41477":null,"_wp_old_slug":null,"_oembed_e4fb0f68ba12b85e9e231afe151ba12a":null,"_oembed_3c60e98bd703e617e67f5bbb3b97424d":null,"_oembed_bb060374498dcf40cb6068efe4be87e1":null,"_oembed_d0403e1e71c3a29020bd546b159480f1":null,"_oembed_b030ff17fbbbf8661c59c2ab8ff289eb":null,"_oembed_5cec699ba0631c6c0e4ba4f6af5f228e":null,"_oembed_b06a67f278b90cf4e8dd17cb12fe67b0":null,"_oembed_8e190e4fea2256f17420434651556236":null,"_oembed_b5ded119f1337916a0fc64d2ad85c95f":null,"_oembed_d9364a7a81be31c01415da2c50a48932":null,"_oembed_738cafa36d51a58e5ae3e458aa8f7584":null,"_oembed_ebcab5184b6b321b28efbcbec079859b":null,"_oembed_3dd9e35c2b7b268070e74da5b89cf937":null,"_oembed_e14b167b493e311a1c4e2aab38a463e8":null,"_oembed_dc8f7d108b38f3f0c2e0785b8bc46cae":null,"_oembed_55cf1c5142884afed312c2666bf27520":null,"_oembed_2292333bf03a956b4b61afafeff6bca0":null,"_oembed_82a986a6b900856fec23169de03a0038":null,"_oembed_4048ded025352b83569104210074165a":null,"_oembed_033b42b1af757abc39e4487233cee7f5":null,"_oembed_aec1d50f2b159366be8e37e94b201be1":null,"_oembed_0adc8480b2fcadf9a1733f572ce3d3f8":null,"_yoast_wpseo_title":null,"_yoast_wpseo_focuskw":null,"_yoast_wpseo_linkdex":null,"_yoast_wpseo_metadesc":null,"_yoast_wpseo_wordproof_timestamp":null,"_tpl_archive_meta_key":null,"_form":null,"_mail":null,"_mail_2":null,"_messages":null,"_additional_settings":null,"_locale":null,"_wp_old_date":null,"_edit_last":"5","_wpb_vc_js_status":"false","_yoast_wpseo_estimated-reading-time-minutes":"","_edit_lock":"1691483764:5","_yoast_wpseo_content_score":"30","yoast_head":"<!-- This site is optimized with the Yoast SEO plugin v24.3 - https:\/\/yoast.com\/wordpress\/plugins\/seo\/ -->\n<title>Isolation bois \u00e0 Cholet avec la fibre de bois STEICO : une solution naturelle et performante pour une maison \u00e9co\u00e9nerg\u00e9tique - La Maison naturelle | Blog<\/title>\n<meta name=\"robots\" content=\"index, follow, max-snippet:-1, max-image-preview:large, max-video-preview:-1\" \/>\n<link rel=\"canonical\" href=\"https:\/\/www.la-maison-naturelle.com\/blog\/mie-isolation-bois-a-cholet-49-avec-la-fibre-de-bois-isoqem\/\" \/>\n<meta property=\"og:locale\" content=\"fr_FR\" \/>\n<meta property=\"og:type\" content=\"article\" \/>\n<meta property=\"og:title\" content=\"Isolation bois \u00e0 Cholet avec la fibre de bois STEICO : une solution naturelle et performante pour une maison \u00e9co\u00e9nerg\u00e9tique - La Maison naturelle | Blog\" \/>\n<meta property=\"og:url\" content=\"https:\/\/www.la-maison-naturelle.com\/blog\/mie-isolation-bois-a-cholet-49-avec-la-fibre-de-bois-isoqem\/\" \/>\n<meta property=\"og:site_name\" content=\"La Maison naturelle | Blog\" \/>\n<meta property=\"article:published_time\" content=\"2016-05-24T08:09:14+00:00\" \/>\n<meta property=\"article:modified_time\" content=\"2023-08-23T15:20:06+00:00\" \/>\n<meta property=\"og:image\" content=\"https:\/\/www.la-maison-naturelle.com\/blog\/wp-content\/uploads\/2012\/05\/Dark-Green-and-Gray-Professional-and-Clean-E-Commerce-Email-Header-300x35.png\" \/>\n<meta name=\"author\" content=\"Thierry Lailavoix\" \/>\n<meta name=\"twitter:card\" content=\"summary_large_image\" \/>\n<meta name=\"twitter:label1\" content=\"\u00c9crit par\" \/>\n\t<meta name=\"twitter:data1\" content=\"Thierry Lailavoix\" \/>\n<script type=\"application\/ld+json\" class=\"yoast-schema-graph\">{\"@context\":\"https:\/\/schema.org\",\"@graph\":[{\"@type\":\"Article\",\"@id\":\"https:\/\/www.la-maison-naturelle.com\/blog\/mie-isolation-bois-a-cholet-49-avec-la-fibre-de-bois-isoqem\/#article\",\"isPartOf\":{\"@id\":\"https:\/\/www.la-maison-naturelle.com\/blog\/mie-isolation-bois-a-cholet-49-avec-la-fibre-de-bois-isoqem\/\"},\"author\":{\"name\":\"Thierry Lailavoix\",\"@id\":\"https:\/\/www.la-maison-naturelle.com\/blog\/#\/schema\/person\/17f32dccfc90d210e981fac7c831f73c\"},\"headline\":\"Isolation bois \u00e0 Cholet avec la fibre de bois STEICO : une solution naturelle et performante pour une maison \u00e9co\u00e9nerg\u00e9tique\",\"datePublished\":\"2016-05-24T08:09:14+00:00\",\"dateModified\":\"2023-08-23T15:20:06+00:00\",\"mainEntityOfPage\":{\"@id\":\"https:\/\/www.la-maison-naturelle.com\/blog\/mie-isolation-bois-a-cholet-49-avec-la-fibre-de-bois-isoqem\/\"},\"wordCount\":20,\"commentCount\":0,\"publisher\":{\"@id\":\"https:\/\/www.la-maison-naturelle.com\/blog\/#organization\"},\"image\":{\"@id\":\"https:\/\/www.la-maison-naturelle.com\/blog\/mie-isolation-bois-a-cholet-49-avec-la-fibre-de-bois-isoqem\/#primaryimage\"},\"thumbnailUrl\":\"https:\/\/www.la-maison-naturelle.com\/blog\/wp-content\/uploads\/2012\/05\/Dark-Green-and-Gray-Professional-and-Clean-E-Commerce-Email-Header-300x35.png\",\"articleSection\":[\"Une petite Pause\"],\"inLanguage\":\"fr-FR\",\"potentialAction\":[{\"@type\":\"CommentAction\",\"name\":\"Comment\",\"target\":[\"https:\/\/www.la-maison-naturelle.com\/blog\/mie-isolation-bois-a-cholet-49-avec-la-fibre-de-bois-isoqem\/#respond\"]}]},{\"@type\":\"WebPage\",\"@id\":\"https:\/\/www.la-maison-naturelle.com\/blog\/mie-isolation-bois-a-cholet-49-avec-la-fibre-de-bois-isoqem\/\",\"url\":\"https:\/\/www.la-maison-naturelle.com\/blog\/mie-isolation-bois-a-cholet-49-avec-la-fibre-de-bois-isoqem\/\",\"name\":\"Isolation bois \u00e0 Cholet avec la fibre de bois STEICO : une solution naturelle et performante pour une maison \u00e9co\u00e9nerg\u00e9tique - La Maison naturelle | Blog\",\"isPartOf\":{\"@id\":\"https:\/\/www.la-maison-naturelle.com\/blog\/#website\"},\"primaryImageOfPage\":{\"@id\":\"https:\/\/www.la-maison-naturelle.com\/blog\/mie-isolation-bois-a-cholet-49-avec-la-fibre-de-bois-isoqem\/#primaryimage\"},\"image\":{\"@id\":\"https:\/\/www.la-maison-naturelle.com\/blog\/mie-isolation-bois-a-cholet-49-avec-la-fibre-de-bois-isoqem\/#primaryimage\"},\"thumbnailUrl\":\"https:\/\/www.la-maison-naturelle.com\/blog\/wp-content\/uploads\/2012\/05\/Dark-Green-and-Gray-Professional-and-Clean-E-Commerce-Email-Header-300x35.png\",\"datePublished\":\"2016-05-24T08:09:14+00:00\",\"dateModified\":\"2023-08-23T15:20:06+00:00\",\"breadcrumb\":{\"@id\":\"https:\/\/www.la-maison-naturelle.com\/blog\/mie-isolation-bois-a-cholet-49-avec-la-fibre-de-bois-isoqem\/#breadcrumb\"},\"inLanguage\":\"fr-FR\",\"potentialAction\":[{\"@type\":\"ReadAction\",\"target\":[\"https:\/\/www.la-maison-naturelle.com\/blog\/mie-isolation-bois-a-cholet-49-avec-la-fibre-de-bois-isoqem\/\"]}]},{\"@type\":\"ImageObject\",\"inLanguage\":\"fr-FR\",\"@id\":\"https:\/\/www.la-maison-naturelle.com\/blog\/mie-isolation-bois-a-cholet-49-avec-la-fibre-de-bois-isoqem\/#primaryimage\",\"url\":\"https:\/\/www.la-maison-naturelle.com\/blog\/wp-content\/uploads\/2012\/05\/Dark-Green-and-Gray-Professional-and-Clean-E-Commerce-Email-Header.png\",\"contentUrl\":\"https:\/\/www.la-maison-naturelle.com\/blog\/wp-content\/uploads\/2012\/05\/Dark-Green-and-Gray-Professional-and-Clean-E-Commerce-Email-Header.png\",\"width\":1578,\"height\":183},{\"@type\":\"BreadcrumbList\",\"@id\":\"https:\/\/www.la-maison-naturelle.com\/blog\/mie-isolation-bois-a-cholet-49-avec-la-fibre-de-bois-isoqem\/#breadcrumb\",\"itemListElement\":[{\"@type\":\"ListItem\",\"position\":1,\"name\":\"Accueil\",\"item\":\"https:\/\/www.la-maison-naturelle.com\/blog\/\"},{\"@type\":\"ListItem\",\"position\":2,\"name\":\"Isolation bois \u00e0 Cholet avec la fibre de bois STEICO : une solution naturelle et performante pour une maison \u00e9co\u00e9nerg\u00e9tique\"}]},{\"@type\":\"WebSite\",\"@id\":\"https:\/\/www.la-maison-naturelle.com\/blog\/#website\",\"url\":\"https:\/\/www.la-maison-naturelle.com\/blog\/\",\"name\":\"La Maison naturelle | Blog\",\"description\":\"Blog de la Maison naturelle\",\"publisher\":{\"@id\":\"https:\/\/www.la-maison-naturelle.com\/blog\/#organization\"},\"potentialAction\":[{\"@type\":\"SearchAction\",\"target\":{\"@type\":\"EntryPoint\",\"urlTemplate\":\"https:\/\/www.la-maison-naturelle.com\/blog\/?s={search_term_string}\"},\"query-input\":{\"@type\":\"PropertyValueSpecification\",\"valueRequired\":true,\"valueName\":\"search_term_string\"}}],\"inLanguage\":\"fr-FR\"},{\"@type\":\"Organization\",\"@id\":\"https:\/\/www.la-maison-naturelle.com\/blog\/#organization\",\"name\":\"La Maison naturelle | Blog\",\"url\":\"https:\/\/www.la-maison-naturelle.com\/blog\/\",\"logo\":{\"@type\":\"ImageObject\",\"inLanguage\":\"fr-FR\",\"@id\":\"https:\/\/www.la-maison-naturelle.com\/blog\/#\/schema\/logo\/image\/\",\"url\":\"https:\/\/www.la-maison-naturelle.com\/blog\/wp-content\/uploads\/2021\/07\/maison-naturelle-logo.svg\",\"contentUrl\":\"https:\/\/www.la-maison-naturelle.com\/blog\/wp-content\/uploads\/2021\/07\/maison-naturelle-logo.svg\",\"width\":156,\"height\":64,\"caption\":\"La Maison naturelle | Blog\"},\"image\":{\"@id\":\"https:\/\/www.la-maison-naturelle.com\/blog\/#\/schema\/logo\/image\/\"}},{\"@type\":\"Person\",\"@id\":\"https:\/\/www.la-maison-naturelle.com\/blog\/#\/schema\/person\/17f32dccfc90d210e981fac7c831f73c\",\"name\":\"Thierry Lailavoix\",\"image\":{\"@type\":\"ImageObject\",\"inLanguage\":\"fr-FR\",\"@id\":\"https:\/\/www.la-maison-naturelle.com\/blog\/#\/schema\/person\/image\/\",\"url\":\"https:\/\/secure.gravatar.com\/avatar\/13e5241036ff85f04898947108b791b16bbd9e4f629e40d355f8ec0a8e57a22c?s=96&d=mm&r=g\",\"contentUrl\":\"https:\/\/secure.gravatar.com\/avatar\/13e5241036ff85f04898947108b791b16bbd9e4f629e40d355f8ec0a8e57a22c?s=96&d=mm&r=g\",\"caption\":\"Thierry Lailavoix\"},\"sameAs\":[\"https:\/\/www.la-maison-naturelle.com\/\"],\"url\":\"https:\/\/www.la-maison-naturelle.com\/blog\/author\/thierry\/\"}]}<\/script>\n<!-- \/ Yoast SEO plugin. -->","yoast_head_json":{"title":"Isolation bois \u00e0 Cholet avec la fibre de bois STEICO : une solution naturelle et performante pour une maison \u00e9co\u00e9nerg\u00e9tique - La Maison naturelle | Blog","robots":{"index":"index","follow":"follow","max-snippet":"max-snippet:-1","max-image-preview":"max-image-preview:large","max-video-preview":"max-video-preview:-1"},"canonical":"https:\/\/www.la-maison-naturelle.com\/blog\/mie-isolation-bois-a-cholet-49-avec-la-fibre-de-bois-isoqem\/","og_locale":"fr_FR","og_type":"article","og_title":"Isolation bois \u00e0 Cholet avec la fibre de bois STEICO : une solution naturelle et performante pour une maison \u00e9co\u00e9nerg\u00e9tique - La Maison naturelle | Blog","og_url":"https:\/\/www.la-maison-naturelle.com\/blog\/mie-isolation-bois-a-cholet-49-avec-la-fibre-de-bois-isoqem\/","og_site_name":"La Maison naturelle | Blog","article_published_time":"2016-05-24T08:09:14+00:00","article_modified_time":"2023-08-23T15:20:06+00:00","og_image":[{"url":"https:\/\/www.la-maison-naturelle.com\/blog\/wp-content\/uploads\/2012\/05\/Dark-Green-and-Gray-Professional-and-Clean-E-Commerce-Email-Header-300x35.png","type":"","width":"","height":""}],"author":"Thierry Lailavoix","twitter_card":"summary_large_image","twitter_misc":{"\u00c9crit par":"Thierry Lailavoix"},"schema":{"@context":"https:\/\/schema.org","@graph":[{"@type":"Article","@id":"https:\/\/www.la-maison-naturelle.com\/blog\/mie-isolation-bois-a-cholet-49-avec-la-fibre-de-bois-isoqem\/#article","isPartOf":{"@id":"https:\/\/www.la-maison-naturelle.com\/blog\/mie-isolation-bois-a-cholet-49-avec-la-fibre-de-bois-isoqem\/"},"author":{"name":"Thierry Lailavoix","@id":"https:\/\/www.la-maison-naturelle.com\/blog\/#\/schema\/person\/17f32dccfc90d210e981fac7c831f73c"},"headline":"Isolation bois \u00e0 Cholet avec la fibre de bois STEICO : une solution naturelle et performante pour une maison \u00e9co\u00e9nerg\u00e9tique","datePublished":"2016-05-24T08:09:14+00:00","dateModified":"2023-08-23T15:20:06+00:00","mainEntityOfPage":{"@id":"https:\/\/www.la-maison-naturelle.com\/blog\/mie-isolation-bois-a-cholet-49-avec-la-fibre-de-bois-isoqem\/"},"wordCount":20,"commentCount":0,"publisher":{"@id":"https:\/\/www.la-maison-naturelle.com\/blog\/#organization"},"image":{"@id":"https:\/\/www.la-maison-naturelle.com\/blog\/mie-isolation-bois-a-cholet-49-avec-la-fibre-de-bois-isoqem\/#primaryimage"},"thumbnailUrl":"https:\/\/www.la-maison-naturelle.com\/blog\/wp-content\/uploads\/2012\/05\/Dark-Green-and-Gray-Professional-and-Clean-E-Commerce-Email-Header-300x35.png","articleSection":["Une petite Pause"],"inLanguage":"fr-FR","potentialAction":[{"@type":"CommentAction","name":"Comment","target":["https:\/\/www.la-maison-naturelle.com\/blog\/mie-isolation-bois-a-cholet-49-avec-la-fibre-de-bois-isoqem\/#respond"]}]},{"@type":"WebPage","@id":"https:\/\/www.la-maison-naturelle.com\/blog\/mie-isolation-bois-a-cholet-49-avec-la-fibre-de-bois-isoqem\/","url":"https:\/\/www.la-maison-naturelle.com\/blog\/mie-isolation-bois-a-cholet-49-avec-la-fibre-de-bois-isoqem\/","name":"Isolation bois \u00e0 Cholet avec la fibre de bois STEICO : une solution naturelle et performante pour une maison \u00e9co\u00e9nerg\u00e9tique - La Maison naturelle | Blog","isPartOf":{"@id":"https:\/\/www.la-maison-naturelle.com\/blog\/#website"},"primaryImageOfPage":{"@id":"https:\/\/www.la-maison-naturelle.com\/blog\/mie-isolation-bois-a-cholet-49-avec-la-fibre-de-bois-isoqem\/#primaryimage"},"image":{"@id":"https:\/\/www.la-maison-naturelle.com\/blog\/mie-isolation-bois-a-cholet-49-avec-la-fibre-de-bois-isoqem\/#primaryimage"},"thumbnailUrl":"https:\/\/www.la-maison-naturelle.com\/blog\/wp-content\/uploads\/2012\/05\/Dark-Green-and-Gray-Professional-and-Clean-E-Commerce-Email-Header-300x35.png","datePublished":"2016-05-24T08:09:14+00:00","dateModified":"2023-08-23T15:20:06+00:00","breadcrumb":{"@id":"https:\/\/www.la-maison-naturelle.com\/blog\/mie-isolation-bois-a-cholet-49-avec-la-fibre-de-bois-isoqem\/#breadcrumb"},"inLanguage":"fr-FR","potentialAction":[{"@type":"ReadAction","target":["https:\/\/www.la-maison-naturelle.com\/blog\/mie-isolation-bois-a-cholet-49-avec-la-fibre-de-bois-isoqem\/"]}]},{"@type":"ImageObject","inLanguage":"fr-FR","@id":"https:\/\/www.la-maison-naturelle.com\/blog\/mie-isolation-bois-a-cholet-49-avec-la-fibre-de-bois-isoqem\/#primaryimage","url":"https:\/\/www.la-maison-naturelle.com\/blog\/wp-content\/uploads\/2012\/05\/Dark-Green-and-Gray-Professional-and-Clean-E-Commerce-Email-Header.png","contentUrl":"https:\/\/www.la-maison-naturelle.com\/blog\/wp-content\/uploads\/2012\/05\/Dark-Green-and-Gray-Professional-and-Clean-E-Commerce-Email-Header.png","width":1578,"height":183},{"@type":"BreadcrumbList","@id":"https:\/\/www.la-maison-naturelle.com\/blog\/mie-isolation-bois-a-cholet-49-avec-la-fibre-de-bois-isoqem\/#breadcrumb","itemListElement":[{"@type":"ListItem","position":1,"name":"Accueil","item":"https:\/\/www.la-maison-naturelle.com\/blog\/"},{"@type":"ListItem","position":2,"name":"Isolation bois \u00e0 Cholet avec la fibre de bois STEICO : une solution naturelle et performante pour une maison \u00e9co\u00e9nerg\u00e9tique"}]},{"@type":"WebSite","@id":"https:\/\/www.la-maison-naturelle.com\/blog\/#website","url":"https:\/\/www.la-maison-naturelle.com\/blog\/","name":"La Maison naturelle | Blog","description":"Blog de la Maison naturelle","publisher":{"@id":"https:\/\/www.la-maison-naturelle.com\/blog\/#organization"},"potentialAction":[{"@type":"SearchAction","target":{"@type":"EntryPoint","urlTemplate":"https:\/\/www.la-maison-naturelle.com\/blog\/?s={search_term_string}"},"query-input":{"@type":"PropertyValueSpecification","valueRequired":true,"valueName":"search_term_string"}}],"inLanguage":"fr-FR"},{"@type":"Organization","@id":"https:\/\/www.la-maison-naturelle.com\/blog\/#organization","name":"La Maison naturelle | Blog","url":"https:\/\/www.la-maison-naturelle.com\/blog\/","logo":{"@type":"ImageObject","inLanguage":"fr-FR","@id":"https:\/\/www.la-maison-naturelle.com\/blog\/#\/schema\/logo\/image\/","url":"https:\/\/www.la-maison-naturelle.com\/blog\/wp-content\/uploads\/2021\/07\/maison-naturelle-logo.svg","contentUrl":"https:\/\/www.la-maison-naturelle.com\/blog\/wp-content\/uploads\/2021\/07\/maison-naturelle-logo.svg","width":156,"height":64,"caption":"La Maison naturelle | Blog"},"image":{"@id":"https:\/\/www.la-maison-naturelle.com\/blog\/#\/schema\/logo\/image\/"}},{"@type":"Person","@id":"https:\/\/www.la-maison-naturelle.com\/blog\/#\/schema\/person\/17f32dccfc90d210e981fac7c831f73c","name":"Thierry Lailavoix","image":{"@type":"ImageObject","inLanguage":"fr-FR","@id":"https:\/\/www.la-maison-naturelle.com\/blog\/#\/schema\/person\/image\/","url":"https:\/\/secure.gravatar.com\/avatar\/13e5241036ff85f04898947108b791b16bbd9e4f629e40d355f8ec0a8e57a22c?s=96&d=mm&r=g","contentUrl":"https:\/\/secure.gravatar.com\/avatar\/13e5241036ff85f04898947108b791b16bbd9e4f629e40d355f8ec0a8e57a22c?s=96&d=mm&r=g","caption":"Thierry Lailavoix"},"sameAs":["https:\/\/www.la-maison-naturelle.com\/"],"url":"https:\/\/www.la-maison-naturelle.com\/blog\/author\/thierry\/"}]}},"_links":{"self":[{"href":"https:\/\/www.la-maison-naturelle.com\/blog\/wp-json\/wp\/v2\/posts\/1367","targetHints":{"allow":["GET"]}}],"collection":[{"href":"https:\/\/www.la-maison-naturelle.com\/blog\/wp-json\/wp\/v2\/posts"}],"about":[{"href":"https:\/\/www.la-maison-naturelle.com\/blog\/wp-json\/wp\/v2\/types\/post"}],"author":[{"embeddable":true,"href":"https:\/\/www.la-maison-naturelle.com\/blog\/wp-json\/wp\/v2\/users\/6"}],"replies":[{"embeddable":true,"href":"https:\/\/www.la-maison-naturelle.com\/blog\/wp-json\/wp\/v2\/comments?post=1367"}],"version-history":[{"count":3,"href":"https:\/\/www.la-maison-naturelle.com\/blog\/wp-json\/wp\/v2\/posts\/1367\/revisions"}],"predecessor-version":[{"id":6342,"href":"https:\/\/www.la-maison-naturelle.com\/blog\/wp-json\/wp\/v2\/posts\/1367\/revisions\/6342"}],"wp:attachment":[{"href":"https:\/\/www.la-maison-naturelle.com\/blog\/wp-json\/wp\/v2\/media?parent=1367"}],"wp:term":[{"taxonomy":"category","embeddable":true,"href":"https:\/\/www.la-maison-naturelle.com\/blog\/wp-json\/wp\/v2\/categories?post=1367"},{"taxonomy":"post_tag","embeddable":true,"href":"https:\/\/www.la-maison-naturelle.com\/blog\/wp-json\/wp\/v2\/tags?post=1367"}],"curies":[{"name":"wp","href":"https:\/\/api.w.org\/{rel}","templated":true}]}}