{"id":1361,"date":"2016-05-24T10:08:16","date_gmt":"2016-05-24T08:08:16","guid":{"rendered":"https:\/\/www.la-maison-naturelle.com\/blog\/?p=1361"},"modified":"2023-08-23T17:30:09","modified_gmt":"2023-08-23T15:30:09","slug":"mie-fibre-de-bois-isolante-a-verdun-dans-la-meuse-55","status":"publish","type":"post","link":"https:\/\/www.la-maison-naturelle.com\/blog\/mie-fibre-de-bois-isolante-a-verdun-dans-la-meuse-55\/","title":{"rendered":"Am\u00e9liorez votre confort et r\u00e9duisez votre consommation d&rsquo;\u00e9nergie avec la fibre de bois isolante \u00e0 Verdun dans la Meuse 55"},"content":{"rendered":"<table style=\" width=\"100%\",max-width=\"839\">\n<tbody>\n<tr>\n<td colspan=\"3\"><a href=\"https:\/\/www.la-maison-naturelle.com\/\"><img decoding=\"async\" class=\"wp-image-5568 aligncenter\" src=\"https:\/\/www.la-maison-naturelle.com\/blog\/wp-content\/uploads\/2012\/05\/Dark-Green-and-Gray-Professional-and-Clean-E-Commerce-Email-Header-300x35.png\" alt=\"\" width=\"839\" srcset=\"https:\/\/www.la-maison-naturelle.com\/blog\/wp-content\/uploads\/2012\/05\/Dark-Green-and-Gray-Professional-and-Clean-E-Commerce-Email-Header-300x35.png 300w, https:\/\/www.la-maison-naturelle.com\/blog\/wp-content\/uploads\/2012\/05\/Dark-Green-and-Gray-Professional-and-Clean-E-Commerce-Email-Header-1024x119.png 1024w, https:\/\/www.la-maison-naturelle.com\/blog\/wp-content\/uploads\/2012\/05\/Dark-Green-and-Gray-Professional-and-Clean-E-Commerce-Email-Header-768x89.png 768w, https:\/\/www.la-maison-naturelle.com\/blog\/wp-content\/uploads\/2012\/05\/Dark-Green-and-Gray-Professional-and-Clean-E-Commerce-Email-Header-1536x178.png 1536w, https:\/\/www.la-maison-naturelle.com\/blog\/wp-content\/uploads\/2012\/05\/Dark-Green-and-Gray-Professional-and-Clean-E-Commerce-Email-Header.png 1578w\" sizes=\"(max-width: 300px) 100vw, 300px\" \/><\/a><\/td>\n<\/tr>\n<tr>\n<td><a href=\"https:\/\/www.la-maison-naturelle.com\/5260-materiaux-et-bricolage\"><img loading=\"lazy\" decoding=\"async\" class=\"alignright size-medium wp-image-5565\" src=\"https:\/\/www.la-maison-naturelle.com\/blog\/wp-content\/uploads\/2012\/05\/73a5f09c-2ef6-46dd-90d1-9cf73599e16b-1-249x300.png\" alt=\"Mat\u00e9riaux et bricolage\" width=\"249\" height=\"300\" srcset=\"https:\/\/www.la-maison-naturelle.com\/blog\/wp-content\/uploads\/2012\/05\/73a5f09c-2ef6-46dd-90d1-9cf73599e16b-1-249x300.png 249w, https:\/\/www.la-maison-naturelle.com\/blog\/wp-content\/uploads\/2012\/05\/73a5f09c-2ef6-46dd-90d1-9cf73599e16b-1.png 397w\" sizes=\"auto, (max-width: 249px) 100vw, 249px\" \/><\/a><\/td>\n<td><a href=\"https:\/\/www.la-maison-naturelle.com\/5266-amenagement-du-jardin\"><img loading=\"lazy\" decoding=\"async\" class=\"alignright size-medium wp-image-5564\" src=\"https:\/\/www.la-maison-naturelle.com\/blog\/wp-content\/uploads\/2012\/05\/9224811f-6da5-4d4d-8634-e9a2517a9565-1-249x300.png\" alt=\"Jardin et ext\u00e9rieur\" width=\"249\" height=\"300\" srcset=\"https:\/\/www.la-maison-naturelle.com\/blog\/wp-content\/uploads\/2012\/05\/9224811f-6da5-4d4d-8634-e9a2517a9565-1-249x300.png 249w, https:\/\/www.la-maison-naturelle.com\/blog\/wp-content\/uploads\/2012\/05\/9224811f-6da5-4d4d-8634-e9a2517a9565-1.png 397w\" sizes=\"auto, (max-width: 249px) 100vw, 249px\" \/><\/a><\/td>\n<td><a href=\"https:\/\/www.la-maison-naturelle.com\/5267-interieur-et-decoration\"><img loading=\"lazy\" decoding=\"async\" class=\"alignright size-medium wp-image-5563\" src=\"https:\/\/www.la-maison-naturelle.com\/blog\/wp-content\/uploads\/2012\/05\/b9400ea8-440a-4a4a-8db6-682fde3f9652-1-249x300.png\" alt=\"Int\u00e9rieur et d\u00e9coration\" width=\"249\" height=\"300\" srcset=\"https:\/\/www.la-maison-naturelle.com\/blog\/wp-content\/uploads\/2012\/05\/b9400ea8-440a-4a4a-8db6-682fde3f9652-1-249x300.png 249w, https:\/\/www.la-maison-naturelle.com\/blog\/wp-content\/uploads\/2012\/05\/b9400ea8-440a-4a4a-8db6-682fde3f9652-1.png 397w\" sizes=\"auto, (max-width: 249px) 100vw, 249px\" \/><\/a><\/td>\n<\/tr>\n<\/tbody>\n<\/table>\n<p>La fibre de bois isolante est un mat\u00e9riau de construction durable et naturel utilis\u00e9 pour l&rsquo;isolation thermique et acoustique des b\u00e2timents. Dans la r\u00e9gion de Verdun, dans la Meuse 55, elle offre une excellente solution pour am\u00e9liorer le confort int\u00e9rieur et la performance \u00e9nerg\u00e9tique de votre maison.<\/p>\n<p>La fibre de bois isolante est fabriqu\u00e9e \u00e0 partir de fibres de bois recycl\u00e9es ou de r\u00e9sidus de scieries, ce qui en fait une option \u00e9cologique. Elle est souvent utilis\u00e9e en panneaux semi-rigides ou en vrac pour remplir les cavit\u00e9s des murs, des combles ou des sols.<\/p>\n<p>La fibre de bois isolante pr\u00e9sente de nombreux avantages par rapport \u00e0 d&rsquo;autres mat\u00e9riaux d&rsquo;isolation. Elle est r\u00e9sistante \u00e0 la moisissure et aux insectes, elle r\u00e9gule l&rsquo;humidit\u00e9 et am\u00e9liore l&rsquo;acoustique int\u00e9rieure. De plus, elle est \u00e9cologique et offre une meilleure performance thermique, ce qui contribue \u00e0 r\u00e9duire les co\u00fbts de chauffage et de climatisation.<\/p>\n<p>La fibre de bois isolante \u00e0 Verdun offre des avantages significatifs en termes de confort int\u00e9rieur et de performance \u00e9nerg\u00e9tique. Elle a la capacit\u00e9 de r\u00e9guler l&rsquo;humidit\u00e9 dans votre maison, ce qui contribue \u00e0 maintenir un environnement int\u00e9rieur sain et confortable. De plus, elle offre une excellente isolation acoustique, r\u00e9duisant les bruits ext\u00e9rieurs ind\u00e9sirables.<\/p>\n<p>En termes de performance \u00e9nerg\u00e9tique, la fibre de bois isolante r\u00e9duit les fuites de chaleur en hiver et maintient une temp\u00e9rature confortable \u00e0 l&rsquo;int\u00e9rieur de votre maison. Cela permet de r\u00e9duire consid\u00e9rablement les besoins en chauffage et en climatisation, ce qui se traduit par des \u00e9conomies d&rsquo;\u00e9nergie et une diminution de votre facture \u00e9nerg\u00e9tique.<\/p>\n<p>Lorsque vous d\u00e9cidez d&rsquo;opter pour la fibre de bois isolante \u00e0 Verdun, il est important de choisir la bonne <a href=\"https:\/\/www.la-maison-naturelle.com\/blog\/la-densite-dun-isolant\/\" data-internallinksmanager029f6b8e52c=\"124\" title=\"Qu'est-ce que la densit\u00e9 d'un isolant ?\">densit\u00e9<\/a> en fonction de vos besoins et de votre budget. De plus, il est essentiel de suivre les consignes du fabricant lors de l&rsquo;installation, ou de faire appel \u00e0 un professionnel de l&rsquo;isolation si vous n&rsquo;\u00eates pas s\u00fbr de pouvoir le faire vous-m\u00eame.<\/p>\n<p>En conclusion, la fibre de bois isolante \u00e0 Verdun dans la Meuse 55 est un excellent choix pour am\u00e9liorer le confort et r\u00e9duire la consommation d&rsquo;\u00e9nergie de votre maison. En choisissant et en installant correctement la fibre de bois isolante, vous pouvez profiter d&rsquo;un environnement int\u00e9rieur sain, confortable et \u00e9conome en \u00e9nergie.<\/p>\n<p style=\"text-align: center;\"><span style=\"text-align: center;\"><a href=\"https:\/\/www.la-maison-naturelle.com\/\"><button>Achetez nos produits sur :<br \/>\n<img loading=\"lazy\" decoding=\"async\" class=\"aligncenter wp-image-376 size-thumbnail\" role=\"img\" src=\"https:\/\/www.la-maison-naturelle.com\/blog\/wp-content\/uploads\/2021\/07\/maison-naturelle-logo.svg\" alt=\"\" width=\"150\" height=\"150\" srcset=\"https:\/\/www.la-maison-naturelle.com\/blog\/wp-content\/uploads\/\/2021\/07\/maison-naturelle-logo.svg 150w, https:\/\/www.la-maison-naturelle.com\/blog\/wp-content\/uploads\/\/2021\/07\/maison-naturelle-logo.svg 300w, https:\/\/www.la-maison-naturelle.com\/blog\/wp-content\/uploads\/\/2021\/07\/maison-naturelle-logo.svg 1024w, https:\/\/www.la-maison-naturelle.com\/blog\/wp-content\/uploads\/\/2021\/07\/maison-naturelle-logo.svg 1536w, https:\/\/www.la-maison-naturelle.com\/blog\/wp-content\/uploads\/\/2021\/07\/maison-naturelle-logo.svg 2048w\" sizes=\"auto, (max-width: 150px) 100vw, 150px\" \/><\/button><\/a><\/span><\/p>\n<h2>Comment la fibre de bois isolante \u00e0 Verdun dans la Meuse 55 peut am\u00e9liorer votre confort et r\u00e9duire votre consommation d&rsquo;\u00e9nergie<\/h2>\n<p>La fibre de bois isolante est un mat\u00e9riau de construction naturel et durable utilis\u00e9 pour l&rsquo;isolation thermique et acoustique des b\u00e2timents. \u00c0 Verdun, dans la Meuse 55, elle repr\u00e9sente une excellente solution pour am\u00e9liorer le confort int\u00e9rieur et la performance \u00e9nerg\u00e9tique de votre maison.<\/p>\n<h3>Introduction \u00e0 la fibre de bois isolante<\/h3>\n<p>La fibre de bois isolante est fabriqu\u00e9e \u00e0 partir de fibres de bois recycl\u00e9es ou de r\u00e9sidus de scierie, ce qui en fait une option respectueuse de l&rsquo;environnement. Elle est g\u00e9n\u00e9ralement utilis\u00e9e sous forme de panneaux semi-rigides ou en vrac pour remplir les cavit\u00e9s des murs, des combles ou des sols.<\/p>\n<p>Compar\u00e9e \u00e0 d&rsquo;autres mat\u00e9riaux d&rsquo;isolation, la fibre de bois isolante pr\u00e9sente de nombreux avantages. Elle est r\u00e9sistante \u00e0 la moisissure et aux insectes, elle r\u00e9gule l&rsquo;humidit\u00e9 et am\u00e9liore l&rsquo;acoustique int\u00e9rieure. De plus, elle est \u00e9cologique et offre une meilleure performance thermique, ce qui permet de r\u00e9duire les co\u00fbts de chauffage et de climatisation.<\/p>\n<h3>Les avantages de la fibre de bois isolante<\/h3>\n<p>La fibre de bois isolante \u00e0 Verdun offre de nombreux avantages en termes de confort int\u00e9rieur et de performance \u00e9nerg\u00e9tique.<\/p>\n<h4>Am\u00e9lioration du confort int\u00e9rieur<\/h4>\n<p>La fibre de bois isolante a la capacit\u00e9 de r\u00e9guler l&rsquo;humidit\u00e9 dans votre maison. Elle absorbe l&rsquo;exc\u00e8s d&rsquo;humidit\u00e9 lorsque n\u00e9cessaire et la lib\u00e8re lorsque les niveaux d&rsquo;humidit\u00e9 sont plus bas. Cela contribue \u00e0 maintenir un environnement int\u00e9rieur sain et confortable, en \u00e9vitant la condensation et en r\u00e9duisant les risques de moisissures.<\/p>\n<p>De plus, la fibre de bois isolante poss\u00e8de une excellente capacit\u00e9 d&rsquo;isolation acoustique. Elle r\u00e9duit les bruits ext\u00e9rieurs ind\u00e9sirables et am\u00e9liore ainsi votre confort au quotidien.<\/p>\n<h4>R\u00e9duction de la consommation d&rsquo;\u00e9nergie<\/h4>\n<p>La fibre de bois isolante est reconnue pour sa performance thermique \u00e9lev\u00e9e. Elle r\u00e9duit les pertes de chaleur en hiver et maintient une temp\u00e9rature confortable \u00e0 l&rsquo;int\u00e9rieur de votre maison. Cela permet de r\u00e9duire consid\u00e9rablement les besoins en chauffage et en climatisation, ce qui se traduit par des \u00e9conomies d&rsquo;\u00e9nergie et une diminution de votre facture \u00e9nerg\u00e9tique.<\/p>\n<h3>Comment choisir et installer la fibre de bois isolante \u00e0 Verdun<\/h3>\n<p>Lorsque vous d\u00e9cidez d&rsquo;opter pour la fibre de bois isolante \u00e0 Verdun, il est important de prendre en compte certains \u00e9l\u00e9ments lors de votre choix et de l&rsquo;installation.<\/p>\n<h4>Choisir la bonne densit\u00e9 de fibre de bois isolante<\/h4>\n<p>La densit\u00e9 de la fibre de bois isolante joue un r\u00f4le crucial dans sa performance thermique. Il est recommand\u00e9 de choisir une densit\u00e9 adapt\u00e9e aux exigences de votre projet d&rsquo;isolation. Une densit\u00e9 plus \u00e9lev\u00e9e offre une meilleure performance, mais peut \u00eatre plus co\u00fbteuse. Trouver le bon \u00e9quilibre en fonction de vos besoins et de votre budget est donc essentiel.<\/p>\n<h4>Installer correctement la fibre de bois isolante \u00e0 Verdun<\/h4>\n<p>Il est essentiel de suivre les consignes du fabricant lors de l&rsquo;installation de la fibre de bois isolante. Cela garantit une mise en \u0153uvre correcte, en \u00e9vitant les erreurs pouvant compromettre la performance de l&rsquo;isolation. Si vous n&rsquo;\u00eates pas s\u00fbr de pouvoir effectuer l&rsquo;installation vous-m\u00eame, il est recommand\u00e9 de faire appel \u00e0 un professionnel de l&rsquo;isolation.<\/p>\n<p>En conclusion, la fibre de bois isolante \u00e0 Verdun dans la Meuse 55 est un excellent choix pour am\u00e9liorer le confort et r\u00e9duire la consommation d&rsquo;\u00e9nergie de votre maison. Elle offre de nombreux avantages, notamment une r\u00e9gulation de l&rsquo;humidit\u00e9, une am\u00e9lioration de l&rsquo;acoustique int\u00e9rieure et une performance thermique \u00e9lev\u00e9e. En choisissant et en installant correctement la fibre de bois isolante, vous pouvez profiter d&rsquo;un environnement int\u00e9rieur sain, confortable et \u00e9conome en \u00e9nergie.<\/p>\n<p style=\"text-align: center;\"><span style=\"text-align: center;\"><a href=\"https:\/\/www.la-maison-naturelle.com\/\"><button>Achetez nos produits sur :<br \/>\n<img loading=\"lazy\" decoding=\"async\" class=\"aligncenter wp-image-376 size-thumbnail\" role=\"img\" src=\"https:\/\/www.la-maison-naturelle.com\/blog\/wp-content\/uploads\/2021\/07\/maison-naturelle-logo.svg\" alt=\"\" width=\"150\" height=\"150\" srcset=\"https:\/\/www.la-maison-naturelle.com\/blog\/wp-content\/uploads\/\/2021\/07\/maison-naturelle-logo.svg 150w, https:\/\/www.la-maison-naturelle.com\/blog\/wp-content\/uploads\/\/2021\/07\/maison-naturelle-logo.svg 300w, https:\/\/www.la-maison-naturelle.com\/blog\/wp-content\/uploads\/\/2021\/07\/maison-naturelle-logo.svg 1024w, https:\/\/www.la-maison-naturelle.com\/blog\/wp-content\/uploads\/\/2021\/07\/maison-naturelle-logo.svg 1536w, https:\/\/www.la-maison-naturelle.com\/blog\/wp-content\/uploads\/\/2021\/07\/maison-naturelle-logo.svg 2048w\" sizes=\"auto, (max-width: 150px) 100vw, 150px\" \/><\/button><\/a><\/span><\/p>\n","protected":false},"excerpt":{"rendered":"","protected":false},"author":6,"featured_media":0,"comment_status":"open","ping_status":"open","sticky":false,"template":"","format":"standard","meta":{"footnotes":""},"categories":[14],"tags":[],"class_list":["post-1361","post","type-post","status-publish","format-standard","hentry","category-une-petite-pause"],"_wp_attached_file":null,"_wp_attachment_metadata":null,"_wp_attachment_context":null,"_wp_attachment_image_alt":null,"_hf_settings":null,"hf_message_success":null,"hf_message_invalid_email":null,"hf_message_required_field_missing":null,"hf_message_error":null,"_menu_item_type":null,"_menu_item_menu_item_parent":null,"_menu_item_object_id":null,"_menu_item_object":null,"_menu_item_target":null,"_menu_item_classes":null,"_menu_item_xfn":null,"_menu_item_url":null,"_yoast_wpseo_primary_category":"5","_thumbnail_id":null,"_oembed_26d84b2c06432105b0a19987ae029a71":null,"_oembed_43e9e2dfde1b9b4ed91c9711026b7ef9":null,"_oembed_1fe1564764edbddc3b61e81acf52be88":null,"_oembed_df60f474cd845141e7ce6596d101e4a0":null,"_oembed_825e674795e2435c0bc66eb08e5d2c8b":null,"_oembed_time_825e674795e2435c0bc66eb08e5d2c8b":null,"_oembed_e917352ff4cc21ea91383201eeaa08cf":null,"_oembed_2363c16c972791c33e283320dc564fce":null,"_oembed_cc9ad5b5073a84776f6a62e33e6c7498":null,"_oembed_time_cc9ad5b5073a84776f6a62e33e6c7498":null,"_oembed_305147fcf4b856de518466e695c209cd":null,"_oembed_8517a877084ae01a5296813ee1d16a2b":null,"_oembed_2741f1556b243e68379198f98ba7f864":null,"_oembed_c3ffa24981451396c950ece2129da0f6":null,"_oembed_6f9091ebe2f3f5fcb5698ba6f4b41477":null,"_wp_old_slug":null,"_oembed_e4fb0f68ba12b85e9e231afe151ba12a":null,"_oembed_3c60e98bd703e617e67f5bbb3b97424d":null,"_oembed_bb060374498dcf40cb6068efe4be87e1":null,"_oembed_d0403e1e71c3a29020bd546b159480f1":null,"_oembed_b030ff17fbbbf8661c59c2ab8ff289eb":null,"_oembed_5cec699ba0631c6c0e4ba4f6af5f228e":null,"_oembed_b06a67f278b90cf4e8dd17cb12fe67b0":null,"_oembed_8e190e4fea2256f17420434651556236":null,"_oembed_b5ded119f1337916a0fc64d2ad85c95f":null,"_oembed_d9364a7a81be31c01415da2c50a48932":null,"_oembed_738cafa36d51a58e5ae3e458aa8f7584":null,"_oembed_ebcab5184b6b321b28efbcbec079859b":null,"_oembed_3dd9e35c2b7b268070e74da5b89cf937":null,"_oembed_e14b167b493e311a1c4e2aab38a463e8":null,"_oembed_dc8f7d108b38f3f0c2e0785b8bc46cae":null,"_oembed_55cf1c5142884afed312c2666bf27520":null,"_oembed_2292333bf03a956b4b61afafeff6bca0":null,"_oembed_82a986a6b900856fec23169de03a0038":null,"_oembed_4048ded025352b83569104210074165a":null,"_oembed_033b42b1af757abc39e4487233cee7f5":null,"_oembed_aec1d50f2b159366be8e37e94b201be1":null,"_oembed_0adc8480b2fcadf9a1733f572ce3d3f8":null,"_yoast_wpseo_title":null,"_yoast_wpseo_focuskw":null,"_yoast_wpseo_linkdex":null,"_yoast_wpseo_metadesc":null,"_yoast_wpseo_wordproof_timestamp":null,"_tpl_archive_meta_key":null,"_form":null,"_mail":null,"_mail_2":null,"_messages":null,"_additional_settings":null,"_locale":null,"_wp_old_date":null,"_edit_last":"5","_wpb_vc_js_status":"false","_yoast_wpseo_estimated-reading-time-minutes":"","_edit_lock":"1692801872:5","_yoast_wpseo_content_score":"60","yoast_head":"<!-- This site is optimized with the Yoast SEO plugin v24.3 - https:\/\/yoast.com\/wordpress\/plugins\/seo\/ -->\n<title>Am\u00e9liorez votre confort et r\u00e9duisez votre consommation d&#039;\u00e9nergie avec la fibre de bois isolante \u00e0 Verdun dans la Meuse 55 - La Maison naturelle | Blog<\/title>\n<meta name=\"robots\" content=\"index, follow, max-snippet:-1, max-image-preview:large, max-video-preview:-1\" \/>\n<link rel=\"canonical\" href=\"https:\/\/www.la-maison-naturelle.com\/blog\/mie-fibre-de-bois-isolante-a-verdun-dans-la-meuse-55\/\" \/>\n<meta property=\"og:locale\" content=\"fr_FR\" \/>\n<meta property=\"og:type\" content=\"article\" \/>\n<meta property=\"og:title\" content=\"Am\u00e9liorez votre confort et r\u00e9duisez votre consommation d&#039;\u00e9nergie avec la fibre de bois isolante \u00e0 Verdun dans la Meuse 55 - La Maison naturelle | Blog\" \/>\n<meta property=\"og:url\" content=\"https:\/\/www.la-maison-naturelle.com\/blog\/mie-fibre-de-bois-isolante-a-verdun-dans-la-meuse-55\/\" \/>\n<meta property=\"og:site_name\" content=\"La Maison naturelle | Blog\" \/>\n<meta property=\"article:published_time\" content=\"2016-05-24T08:08:16+00:00\" \/>\n<meta property=\"article:modified_time\" content=\"2023-08-23T15:30:09+00:00\" \/>\n<meta property=\"og:image\" content=\"https:\/\/www.la-maison-naturelle.com\/blog\/wp-content\/uploads\/2012\/05\/Dark-Green-and-Gray-Professional-and-Clean-E-Commerce-Email-Header-300x35.png\" \/>\n<meta name=\"author\" content=\"Thierry Lailavoix\" \/>\n<meta name=\"twitter:card\" content=\"summary_large_image\" \/>\n<meta name=\"twitter:label1\" content=\"\u00c9crit par\" \/>\n\t<meta name=\"twitter:data1\" content=\"Thierry Lailavoix\" \/>\n<script type=\"application\/ld+json\" class=\"yoast-schema-graph\">{\"@context\":\"https:\/\/schema.org\",\"@graph\":[{\"@type\":\"Article\",\"@id\":\"https:\/\/www.la-maison-naturelle.com\/blog\/mie-fibre-de-bois-isolante-a-verdun-dans-la-meuse-55\/#article\",\"isPartOf\":{\"@id\":\"https:\/\/www.la-maison-naturelle.com\/blog\/mie-fibre-de-bois-isolante-a-verdun-dans-la-meuse-55\/\"},\"author\":{\"name\":\"Thierry Lailavoix\",\"@id\":\"https:\/\/www.la-maison-naturelle.com\/blog\/#\/schema\/person\/17f32dccfc90d210e981fac7c831f73c\"},\"headline\":\"Am\u00e9liorez votre confort et r\u00e9duisez votre consommation d&rsquo;\u00e9nergie avec la fibre de bois isolante \u00e0 Verdun dans la Meuse 55\",\"datePublished\":\"2016-05-24T08:08:16+00:00\",\"dateModified\":\"2023-08-23T15:30:09+00:00\",\"mainEntityOfPage\":{\"@id\":\"https:\/\/www.la-maison-naturelle.com\/blog\/mie-fibre-de-bois-isolante-a-verdun-dans-la-meuse-55\/\"},\"wordCount\":21,\"commentCount\":0,\"publisher\":{\"@id\":\"https:\/\/www.la-maison-naturelle.com\/blog\/#organization\"},\"image\":{\"@id\":\"https:\/\/www.la-maison-naturelle.com\/blog\/mie-fibre-de-bois-isolante-a-verdun-dans-la-meuse-55\/#primaryimage\"},\"thumbnailUrl\":\"https:\/\/www.la-maison-naturelle.com\/blog\/wp-content\/uploads\/2012\/05\/Dark-Green-and-Gray-Professional-and-Clean-E-Commerce-Email-Header-300x35.png\",\"articleSection\":[\"Une petite Pause\"],\"inLanguage\":\"fr-FR\",\"potentialAction\":[{\"@type\":\"CommentAction\",\"name\":\"Comment\",\"target\":[\"https:\/\/www.la-maison-naturelle.com\/blog\/mie-fibre-de-bois-isolante-a-verdun-dans-la-meuse-55\/#respond\"]}]},{\"@type\":\"WebPage\",\"@id\":\"https:\/\/www.la-maison-naturelle.com\/blog\/mie-fibre-de-bois-isolante-a-verdun-dans-la-meuse-55\/\",\"url\":\"https:\/\/www.la-maison-naturelle.com\/blog\/mie-fibre-de-bois-isolante-a-verdun-dans-la-meuse-55\/\",\"name\":\"Am\u00e9liorez votre confort et r\u00e9duisez votre consommation d'\u00e9nergie avec la fibre de bois isolante \u00e0 Verdun dans la Meuse 55 - La Maison naturelle | Blog\",\"isPartOf\":{\"@id\":\"https:\/\/www.la-maison-naturelle.com\/blog\/#website\"},\"primaryImageOfPage\":{\"@id\":\"https:\/\/www.la-maison-naturelle.com\/blog\/mie-fibre-de-bois-isolante-a-verdun-dans-la-meuse-55\/#primaryimage\"},\"image\":{\"@id\":\"https:\/\/www.la-maison-naturelle.com\/blog\/mie-fibre-de-bois-isolante-a-verdun-dans-la-meuse-55\/#primaryimage\"},\"thumbnailUrl\":\"https:\/\/www.la-maison-naturelle.com\/blog\/wp-content\/uploads\/2012\/05\/Dark-Green-and-Gray-Professional-and-Clean-E-Commerce-Email-Header-300x35.png\",\"datePublished\":\"2016-05-24T08:08:16+00:00\",\"dateModified\":\"2023-08-23T15:30:09+00:00\",\"breadcrumb\":{\"@id\":\"https:\/\/www.la-maison-naturelle.com\/blog\/mie-fibre-de-bois-isolante-a-verdun-dans-la-meuse-55\/#breadcrumb\"},\"inLanguage\":\"fr-FR\",\"potentialAction\":[{\"@type\":\"ReadAction\",\"target\":[\"https:\/\/www.la-maison-naturelle.com\/blog\/mie-fibre-de-bois-isolante-a-verdun-dans-la-meuse-55\/\"]}]},{\"@type\":\"ImageObject\",\"inLanguage\":\"fr-FR\",\"@id\":\"https:\/\/www.la-maison-naturelle.com\/blog\/mie-fibre-de-bois-isolante-a-verdun-dans-la-meuse-55\/#primaryimage\",\"url\":\"https:\/\/www.la-maison-naturelle.com\/blog\/wp-content\/uploads\/2012\/05\/Dark-Green-and-Gray-Professional-and-Clean-E-Commerce-Email-Header.png\",\"contentUrl\":\"https:\/\/www.la-maison-naturelle.com\/blog\/wp-content\/uploads\/2012\/05\/Dark-Green-and-Gray-Professional-and-Clean-E-Commerce-Email-Header.png\",\"width\":1578,\"height\":183},{\"@type\":\"BreadcrumbList\",\"@id\":\"https:\/\/www.la-maison-naturelle.com\/blog\/mie-fibre-de-bois-isolante-a-verdun-dans-la-meuse-55\/#breadcrumb\",\"itemListElement\":[{\"@type\":\"ListItem\",\"position\":1,\"name\":\"Accueil\",\"item\":\"https:\/\/www.la-maison-naturelle.com\/blog\/\"},{\"@type\":\"ListItem\",\"position\":2,\"name\":\"Am\u00e9liorez votre confort et r\u00e9duisez votre consommation d&rsquo;\u00e9nergie avec la fibre de bois isolante \u00e0 Verdun dans la Meuse 55\"}]},{\"@type\":\"WebSite\",\"@id\":\"https:\/\/www.la-maison-naturelle.com\/blog\/#website\",\"url\":\"https:\/\/www.la-maison-naturelle.com\/blog\/\",\"name\":\"La Maison naturelle | Blog\",\"description\":\"Blog de la Maison naturelle\",\"publisher\":{\"@id\":\"https:\/\/www.la-maison-naturelle.com\/blog\/#organization\"},\"potentialAction\":[{\"@type\":\"SearchAction\",\"target\":{\"@type\":\"EntryPoint\",\"urlTemplate\":\"https:\/\/www.la-maison-naturelle.com\/blog\/?s={search_term_string}\"},\"query-input\":{\"@type\":\"PropertyValueSpecification\",\"valueRequired\":true,\"valueName\":\"search_term_string\"}}],\"inLanguage\":\"fr-FR\"},{\"@type\":\"Organization\",\"@id\":\"https:\/\/www.la-maison-naturelle.com\/blog\/#organization\",\"name\":\"La Maison naturelle | Blog\",\"url\":\"https:\/\/www.la-maison-naturelle.com\/blog\/\",\"logo\":{\"@type\":\"ImageObject\",\"inLanguage\":\"fr-FR\",\"@id\":\"https:\/\/www.la-maison-naturelle.com\/blog\/#\/schema\/logo\/image\/\",\"url\":\"https:\/\/www.la-maison-naturelle.com\/blog\/wp-content\/uploads\/2021\/07\/maison-naturelle-logo.svg\",\"contentUrl\":\"https:\/\/www.la-maison-naturelle.com\/blog\/wp-content\/uploads\/2021\/07\/maison-naturelle-logo.svg\",\"width\":156,\"height\":64,\"caption\":\"La Maison naturelle | Blog\"},\"image\":{\"@id\":\"https:\/\/www.la-maison-naturelle.com\/blog\/#\/schema\/logo\/image\/\"}},{\"@type\":\"Person\",\"@id\":\"https:\/\/www.la-maison-naturelle.com\/blog\/#\/schema\/person\/17f32dccfc90d210e981fac7c831f73c\",\"name\":\"Thierry Lailavoix\",\"image\":{\"@type\":\"ImageObject\",\"inLanguage\":\"fr-FR\",\"@id\":\"https:\/\/www.la-maison-naturelle.com\/blog\/#\/schema\/person\/image\/\",\"url\":\"https:\/\/secure.gravatar.com\/avatar\/13e5241036ff85f04898947108b791b16bbd9e4f629e40d355f8ec0a8e57a22c?s=96&d=mm&r=g\",\"contentUrl\":\"https:\/\/secure.gravatar.com\/avatar\/13e5241036ff85f04898947108b791b16bbd9e4f629e40d355f8ec0a8e57a22c?s=96&d=mm&r=g\",\"caption\":\"Thierry Lailavoix\"},\"sameAs\":[\"https:\/\/www.la-maison-naturelle.com\/\"],\"url\":\"https:\/\/www.la-maison-naturelle.com\/blog\/author\/thierry\/\"}]}<\/script>\n<!-- \/ Yoast SEO plugin. -->","yoast_head_json":{"title":"Am\u00e9liorez votre confort et r\u00e9duisez votre consommation d'\u00e9nergie avec la fibre de bois isolante \u00e0 Verdun dans la Meuse 55 - La Maison naturelle | Blog","robots":{"index":"index","follow":"follow","max-snippet":"max-snippet:-1","max-image-preview":"max-image-preview:large","max-video-preview":"max-video-preview:-1"},"canonical":"https:\/\/www.la-maison-naturelle.com\/blog\/mie-fibre-de-bois-isolante-a-verdun-dans-la-meuse-55\/","og_locale":"fr_FR","og_type":"article","og_title":"Am\u00e9liorez votre confort et r\u00e9duisez votre consommation d'\u00e9nergie avec la fibre de bois isolante \u00e0 Verdun dans la Meuse 55 - La Maison naturelle | Blog","og_url":"https:\/\/www.la-maison-naturelle.com\/blog\/mie-fibre-de-bois-isolante-a-verdun-dans-la-meuse-55\/","og_site_name":"La Maison naturelle | Blog","article_published_time":"2016-05-24T08:08:16+00:00","article_modified_time":"2023-08-23T15:30:09+00:00","og_image":[{"url":"https:\/\/www.la-maison-naturelle.com\/blog\/wp-content\/uploads\/2012\/05\/Dark-Green-and-Gray-Professional-and-Clean-E-Commerce-Email-Header-300x35.png","type":"","width":"","height":""}],"author":"Thierry Lailavoix","twitter_card":"summary_large_image","twitter_misc":{"\u00c9crit par":"Thierry Lailavoix"},"schema":{"@context":"https:\/\/schema.org","@graph":[{"@type":"Article","@id":"https:\/\/www.la-maison-naturelle.com\/blog\/mie-fibre-de-bois-isolante-a-verdun-dans-la-meuse-55\/#article","isPartOf":{"@id":"https:\/\/www.la-maison-naturelle.com\/blog\/mie-fibre-de-bois-isolante-a-verdun-dans-la-meuse-55\/"},"author":{"name":"Thierry Lailavoix","@id":"https:\/\/www.la-maison-naturelle.com\/blog\/#\/schema\/person\/17f32dccfc90d210e981fac7c831f73c"},"headline":"Am\u00e9liorez votre confort et r\u00e9duisez votre consommation d&rsquo;\u00e9nergie avec la fibre de bois isolante \u00e0 Verdun dans la Meuse 55","datePublished":"2016-05-24T08:08:16+00:00","dateModified":"2023-08-23T15:30:09+00:00","mainEntityOfPage":{"@id":"https:\/\/www.la-maison-naturelle.com\/blog\/mie-fibre-de-bois-isolante-a-verdun-dans-la-meuse-55\/"},"wordCount":21,"commentCount":0,"publisher":{"@id":"https:\/\/www.la-maison-naturelle.com\/blog\/#organization"},"image":{"@id":"https:\/\/www.la-maison-naturelle.com\/blog\/mie-fibre-de-bois-isolante-a-verdun-dans-la-meuse-55\/#primaryimage"},"thumbnailUrl":"https:\/\/www.la-maison-naturelle.com\/blog\/wp-content\/uploads\/2012\/05\/Dark-Green-and-Gray-Professional-and-Clean-E-Commerce-Email-Header-300x35.png","articleSection":["Une petite Pause"],"inLanguage":"fr-FR","potentialAction":[{"@type":"CommentAction","name":"Comment","target":["https:\/\/www.la-maison-naturelle.com\/blog\/mie-fibre-de-bois-isolante-a-verdun-dans-la-meuse-55\/#respond"]}]},{"@type":"WebPage","@id":"https:\/\/www.la-maison-naturelle.com\/blog\/mie-fibre-de-bois-isolante-a-verdun-dans-la-meuse-55\/","url":"https:\/\/www.la-maison-naturelle.com\/blog\/mie-fibre-de-bois-isolante-a-verdun-dans-la-meuse-55\/","name":"Am\u00e9liorez votre confort et r\u00e9duisez votre consommation d'\u00e9nergie avec la fibre de bois isolante \u00e0 Verdun dans la Meuse 55 - La Maison naturelle | Blog","isPartOf":{"@id":"https:\/\/www.la-maison-naturelle.com\/blog\/#website"},"primaryImageOfPage":{"@id":"https:\/\/www.la-maison-naturelle.com\/blog\/mie-fibre-de-bois-isolante-a-verdun-dans-la-meuse-55\/#primaryimage"},"image":{"@id":"https:\/\/www.la-maison-naturelle.com\/blog\/mie-fibre-de-bois-isolante-a-verdun-dans-la-meuse-55\/#primaryimage"},"thumbnailUrl":"https:\/\/www.la-maison-naturelle.com\/blog\/wp-content\/uploads\/2012\/05\/Dark-Green-and-Gray-Professional-and-Clean-E-Commerce-Email-Header-300x35.png","datePublished":"2016-05-24T08:08:16+00:00","dateModified":"2023-08-23T15:30:09+00:00","breadcrumb":{"@id":"https:\/\/www.la-maison-naturelle.com\/blog\/mie-fibre-de-bois-isolante-a-verdun-dans-la-meuse-55\/#breadcrumb"},"inLanguage":"fr-FR","potentialAction":[{"@type":"ReadAction","target":["https:\/\/www.la-maison-naturelle.com\/blog\/mie-fibre-de-bois-isolante-a-verdun-dans-la-meuse-55\/"]}]},{"@type":"ImageObject","inLanguage":"fr-FR","@id":"https:\/\/www.la-maison-naturelle.com\/blog\/mie-fibre-de-bois-isolante-a-verdun-dans-la-meuse-55\/#primaryimage","url":"https:\/\/www.la-maison-naturelle.com\/blog\/wp-content\/uploads\/2012\/05\/Dark-Green-and-Gray-Professional-and-Clean-E-Commerce-Email-Header.png","contentUrl":"https:\/\/www.la-maison-naturelle.com\/blog\/wp-content\/uploads\/2012\/05\/Dark-Green-and-Gray-Professional-and-Clean-E-Commerce-Email-Header.png","width":1578,"height":183},{"@type":"BreadcrumbList","@id":"https:\/\/www.la-maison-naturelle.com\/blog\/mie-fibre-de-bois-isolante-a-verdun-dans-la-meuse-55\/#breadcrumb","itemListElement":[{"@type":"ListItem","position":1,"name":"Accueil","item":"https:\/\/www.la-maison-naturelle.com\/blog\/"},{"@type":"ListItem","position":2,"name":"Am\u00e9liorez votre confort et r\u00e9duisez votre consommation d&rsquo;\u00e9nergie avec la fibre de bois isolante \u00e0 Verdun dans la Meuse 55"}]},{"@type":"WebSite","@id":"https:\/\/www.la-maison-naturelle.com\/blog\/#website","url":"https:\/\/www.la-maison-naturelle.com\/blog\/","name":"La Maison naturelle | Blog","description":"Blog de la Maison naturelle","publisher":{"@id":"https:\/\/www.la-maison-naturelle.com\/blog\/#organization"},"potentialAction":[{"@type":"SearchAction","target":{"@type":"EntryPoint","urlTemplate":"https:\/\/www.la-maison-naturelle.com\/blog\/?s={search_term_string}"},"query-input":{"@type":"PropertyValueSpecification","valueRequired":true,"valueName":"search_term_string"}}],"inLanguage":"fr-FR"},{"@type":"Organization","@id":"https:\/\/www.la-maison-naturelle.com\/blog\/#organization","name":"La Maison naturelle | Blog","url":"https:\/\/www.la-maison-naturelle.com\/blog\/","logo":{"@type":"ImageObject","inLanguage":"fr-FR","@id":"https:\/\/www.la-maison-naturelle.com\/blog\/#\/schema\/logo\/image\/","url":"https:\/\/www.la-maison-naturelle.com\/blog\/wp-content\/uploads\/2021\/07\/maison-naturelle-logo.svg","contentUrl":"https:\/\/www.la-maison-naturelle.com\/blog\/wp-content\/uploads\/2021\/07\/maison-naturelle-logo.svg","width":156,"height":64,"caption":"La Maison naturelle | Blog"},"image":{"@id":"https:\/\/www.la-maison-naturelle.com\/blog\/#\/schema\/logo\/image\/"}},{"@type":"Person","@id":"https:\/\/www.la-maison-naturelle.com\/blog\/#\/schema\/person\/17f32dccfc90d210e981fac7c831f73c","name":"Thierry Lailavoix","image":{"@type":"ImageObject","inLanguage":"fr-FR","@id":"https:\/\/www.la-maison-naturelle.com\/blog\/#\/schema\/person\/image\/","url":"https:\/\/secure.gravatar.com\/avatar\/13e5241036ff85f04898947108b791b16bbd9e4f629e40d355f8ec0a8e57a22c?s=96&d=mm&r=g","contentUrl":"https:\/\/secure.gravatar.com\/avatar\/13e5241036ff85f04898947108b791b16bbd9e4f629e40d355f8ec0a8e57a22c?s=96&d=mm&r=g","caption":"Thierry Lailavoix"},"sameAs":["https:\/\/www.la-maison-naturelle.com\/"],"url":"https:\/\/www.la-maison-naturelle.com\/blog\/author\/thierry\/"}]}},"_links":{"self":[{"href":"https:\/\/www.la-maison-naturelle.com\/blog\/wp-json\/wp\/v2\/posts\/1361","targetHints":{"allow":["GET"]}}],"collection":[{"href":"https:\/\/www.la-maison-naturelle.com\/blog\/wp-json\/wp\/v2\/posts"}],"about":[{"href":"https:\/\/www.la-maison-naturelle.com\/blog\/wp-json\/wp\/v2\/types\/post"}],"author":[{"embeddable":true,"href":"https:\/\/www.la-maison-naturelle.com\/blog\/wp-json\/wp\/v2\/users\/6"}],"replies":[{"embeddable":true,"href":"https:\/\/www.la-maison-naturelle.com\/blog\/wp-json\/wp\/v2\/comments?post=1361"}],"version-history":[{"count":3,"href":"https:\/\/www.la-maison-naturelle.com\/blog\/wp-json\/wp\/v2\/posts\/1361\/revisions"}],"predecessor-version":[{"id":6345,"href":"https:\/\/www.la-maison-naturelle.com\/blog\/wp-json\/wp\/v2\/posts\/1361\/revisions\/6345"}],"wp:attachment":[{"href":"https:\/\/www.la-maison-naturelle.com\/blog\/wp-json\/wp\/v2\/media?parent=1361"}],"wp:term":[{"taxonomy":"category","embeddable":true,"href":"https:\/\/www.la-maison-naturelle.com\/blog\/wp-json\/wp\/v2\/categories?post=1361"},{"taxonomy":"post_tag","embeddable":true,"href":"https:\/\/www.la-maison-naturelle.com\/blog\/wp-json\/wp\/v2\/tags?post=1361"}],"curies":[{"name":"wp","href":"https:\/\/api.w.org\/{rel}","templated":true}]}}