{"id":1294,"date":"2017-05-24T09:58:42","date_gmt":"2017-05-24T07:58:42","guid":{"rendered":"https:\/\/www.la-maison-naturelle.com\/blog\/?p=1294"},"modified":"2023-08-23T08:39:57","modified_gmt":"2023-08-23T06:39:57","slug":"mie-livraison-de-fibre-de-bois-a-st-brieuc-en-cote-darmor-22","status":"publish","type":"post","link":"https:\/\/www.la-maison-naturelle.com\/blog\/mie-livraison-de-fibre-de-bois-a-st-brieuc-en-cote-darmor-22\/","title":{"rendered":"La fibre de bois \u00e0 St-Brieuc en C\u00f4tes d&rsquo;Armor (22) : un mat\u00e9riau \u00e9cologique pour une isolation performante"},"content":{"rendered":"<table>\n<tbody>\n<tr>\n<td colspan=\"3\"><a href=\"https:\/\/www.la-maison-naturelle.com\/\"><img decoding=\"async\" class=\"wp-image-5568 aligncenter\" src=\"https:\/\/www.la-maison-naturelle.com\/blog\/wp-content\/uploads\/2012\/05\/Dark-Green-and-Gray-Professional-and-Clean-E-Commerce-Email-Header-300x35.png\" alt=\"\" width=\"839\" srcset=\"https:\/\/www.la-maison-naturelle.com\/blog\/wp-content\/uploads\/2012\/05\/Dark-Green-and-Gray-Professional-and-Clean-E-Commerce-Email-Header-300x35.png 300w, https:\/\/www.la-maison-naturelle.com\/blog\/wp-content\/uploads\/2012\/05\/Dark-Green-and-Gray-Professional-and-Clean-E-Commerce-Email-Header-1024x119.png 1024w, https:\/\/www.la-maison-naturelle.com\/blog\/wp-content\/uploads\/2012\/05\/Dark-Green-and-Gray-Professional-and-Clean-E-Commerce-Email-Header-768x89.png 768w, https:\/\/www.la-maison-naturelle.com\/blog\/wp-content\/uploads\/2012\/05\/Dark-Green-and-Gray-Professional-and-Clean-E-Commerce-Email-Header-1536x178.png 1536w, https:\/\/www.la-maison-naturelle.com\/blog\/wp-content\/uploads\/2012\/05\/Dark-Green-and-Gray-Professional-and-Clean-E-Commerce-Email-Header.png 1578w\" sizes=\"(max-width: 300px) 100vw, 300px\" \/><\/a><\/td>\n<\/tr>\n<tr>\n<td><a href=\"https:\/\/www.la-maison-naturelle.com\/5260-materiaux-et-bricolage\"><img loading=\"lazy\" decoding=\"async\" class=\"alignright size-medium wp-image-5565\" src=\"https:\/\/www.la-maison-naturelle.com\/blog\/wp-content\/uploads\/2012\/05\/73a5f09c-2ef6-46dd-90d1-9cf73599e16b-1-249x300.png\" alt=\"Mat\u00e9riaux et bricolage\" width=\"249\" height=\"300\" srcset=\"https:\/\/www.la-maison-naturelle.com\/blog\/wp-content\/uploads\/2012\/05\/73a5f09c-2ef6-46dd-90d1-9cf73599e16b-1-249x300.png 249w, https:\/\/www.la-maison-naturelle.com\/blog\/wp-content\/uploads\/2012\/05\/73a5f09c-2ef6-46dd-90d1-9cf73599e16b-1.png 397w\" sizes=\"auto, (max-width: 249px) 100vw, 249px\" \/><\/a><\/td>\n<td><a href=\"https:\/\/www.la-maison-naturelle.com\/5266-amenagement-du-jardin\"><img loading=\"lazy\" decoding=\"async\" class=\"alignright size-medium wp-image-5564\" src=\"https:\/\/www.la-maison-naturelle.com\/blog\/wp-content\/uploads\/2012\/05\/9224811f-6da5-4d4d-8634-e9a2517a9565-1-249x300.png\" alt=\"Jardin et ext\u00e9rieur\" width=\"249\" height=\"300\" srcset=\"https:\/\/www.la-maison-naturelle.com\/blog\/wp-content\/uploads\/2012\/05\/9224811f-6da5-4d4d-8634-e9a2517a9565-1-249x300.png 249w, https:\/\/www.la-maison-naturelle.com\/blog\/wp-content\/uploads\/2012\/05\/9224811f-6da5-4d4d-8634-e9a2517a9565-1.png 397w\" sizes=\"auto, (max-width: 249px) 100vw, 249px\" \/><\/a><\/td>\n<td><a href=\"https:\/\/www.la-maison-naturelle.com\/5267-interieur-et-decoration\"><img loading=\"lazy\" decoding=\"async\" class=\"alignright size-medium wp-image-5563\" src=\"https:\/\/www.la-maison-naturelle.com\/blog\/wp-content\/uploads\/2012\/05\/b9400ea8-440a-4a4a-8db6-682fde3f9652-1-249x300.png\" alt=\"Int\u00e9rieur et d\u00e9coration\" width=\"249\" height=\"300\" srcset=\"https:\/\/www.la-maison-naturelle.com\/blog\/wp-content\/uploads\/2012\/05\/b9400ea8-440a-4a4a-8db6-682fde3f9652-1-249x300.png 249w, https:\/\/www.la-maison-naturelle.com\/blog\/wp-content\/uploads\/2012\/05\/b9400ea8-440a-4a4a-8db6-682fde3f9652-1.png 397w\" sizes=\"auto, (max-width: 249px) 100vw, 249px\" \/><\/a><\/td>\n<\/tr>\n<\/tbody>\n<\/table>\n<p>La fibre de bois est de plus en plus utilis\u00e9e dans le domaine de la construction en tant que mat\u00e9riau de construction durable. Sa popularit\u00e9 s&rsquo;explique par ses nombreux avantages, notamment en mati\u00e8re d&rsquo;isolation thermique et phonique. Dans la r\u00e9gion de St-Brieuc en C\u00f4tes d&rsquo;Armor, o\u00f9 les temp\u00e9ratures peuvent \u00eatre rigoureuses en hiver, une bonne isolation est essentielle pour garantir le confort des habitants et r\u00e9duire les co\u00fbts \u00e9nerg\u00e9tiques.<\/p>\n<p>La fibre de bois est un mat\u00e9riau naturel et \u00e9cologique qui offre d&rsquo;excellentes propri\u00e9t\u00e9s isolantes. Gr\u00e2ce \u00e0 sa composition cellulosique, la fibre de bois permet de limiter les \u00e9changes thermiques entre l&rsquo;int\u00e9rieur et l&rsquo;ext\u00e9rieur d&rsquo;un b\u00e2timent, ce qui permet de r\u00e9duire consid\u00e9rablement la consommation \u00e9nerg\u00e9tique. De plus, la fibre de bois pr\u00e9sente une excellente capacit\u00e9 d&rsquo;absorption et de diffusion de la vapeur d&rsquo;eau, ce qui permet de r\u00e9guler l&rsquo;humidit\u00e9 dans les b\u00e2timents et de pr\u00e9venir les probl\u00e8mes li\u00e9s \u00e0 l&rsquo;humidit\u00e9.<\/p>\n<p>Dans la r\u00e9gion de St-Brieuc, la fibre de bois est utilis\u00e9e dans de nombreux types de constructions, que ce soit pour l&rsquo;isolation des murs et des combles, ou encore dans les cloisons et les planchers. Pour assurer une pose optimale de la fibre de bois, il est recommand\u00e9 de faire appel \u00e0 des professionnels qualifi\u00e9s qui connaissent les techniques de pose sp\u00e9cifiques \u00e0 ce mat\u00e9riau.<\/p>\n<p>Dans cet article, nous pr\u00e9senterons les avantages de la fibre de bois en tant que mat\u00e9riau d&rsquo;isolation, ainsi que les diff\u00e9rentes applications et techniques de pose utilis\u00e9es dans la r\u00e9gion de St-Brieuc. Nous pr\u00e9senterons \u00e9galement les acteurs locaux de la fibre de bois, tels que les fabricants de mat\u00e9riaux et les artisans sp\u00e9cialis\u00e9s, afin d&rsquo;orienter les lecteurs vers les bonnes ressources pour leurs projets de construction ou de r\u00e9novation.<\/p>\n<p style=\"text-align: center;\"><span style=\"text-align: center;\"><a href=\"https:\/\/www.la-maison-naturelle.com\/\"><button>Achetez nos produits sur :<br \/>\n<img loading=\"lazy\" decoding=\"async\" class=\"aligncenter wp-image-376 size-thumbnail\" role=\"img\" src=\"https:\/\/www.la-maison-naturelle.com\/blog\/wp-content\/uploads\/2021\/07\/maison-naturelle-logo.svg\" alt=\"\" width=\"150\" height=\"150\" srcset=\"https:\/\/www.la-maison-naturelle.com\/blog\/wp-content\/uploads\/\/2021\/07\/maison-naturelle-logo.svg 150w, https:\/\/www.la-maison-naturelle.com\/blog\/wp-content\/uploads\/\/2021\/07\/maison-naturelle-logo.svg 300w, https:\/\/www.la-maison-naturelle.com\/blog\/wp-content\/uploads\/\/2021\/07\/maison-naturelle-logo.svg 1024w, https:\/\/www.la-maison-naturelle.com\/blog\/wp-content\/uploads\/\/2021\/07\/maison-naturelle-logo.svg 1536w, https:\/\/www.la-maison-naturelle.com\/blog\/wp-content\/uploads\/\/2021\/07\/maison-naturelle-logo.svg 2048w\" sizes=\"auto, (max-width: 150px) 100vw, 150px\" \/><\/button><\/a><\/span><\/p>\n<h2>I. Introduction<\/h2>\n<p>La fibre de bois est un mat\u00e9riau de construction durable qui pr\u00e9sente de nombreux avantages, en particulier en termes d&rsquo;isolation thermique et phonique. Dans la r\u00e9gion de St-Brieuc en C\u00f4tes d&rsquo;Armor, o\u00f9 les conditions climatiques peuvent \u00eatre rigoureuses, l&rsquo;isolation des b\u00e2timents est cruciale pour assurer le confort des habitants et r\u00e9duire la consommation \u00e9nerg\u00e9tique. Cet article mettra en lumi\u00e8re les avantages de la fibre de bois ainsi que les techniques de pose sp\u00e9cifiques \u00e0 cette r\u00e9gion.<\/p>\n<h2>II. Les avantages de la fibre de bois<\/h2>\n<p>La fibre de bois offre une <a href=\"https:\/\/www.la-maison-naturelle.com\/5273-isolation\" data-internallinksmanager029f6b8e52c=\"149\" title=\"isolation ecologique\">isolation naturelle<\/a> et \u00e9cologique, ce qui en fait un choix id\u00e9al pour la construction de b\u00e2timents durables. Ses propri\u00e9t\u00e9s isolantes permettent de r\u00e9duire les d\u00e9perditions de chaleur et de limiter les nuisances sonores. De plus, l&rsquo;utilisation de la fibre de bois contribue \u00e0 la r\u00e9duction de la consommation \u00e9nerg\u00e9tique des b\u00e2timents, ce qui est b\u00e9n\u00e9fique tant sur le plan \u00e9conomique qu&rsquo;environnemental.<\/p>\n<h2>III. La pose de la fibre de bois \u00e0 St-Brieuc en C\u00f4tes d&rsquo;Armor<\/h2>\n<p>La fibre de bois peut \u00eatre utilis\u00e9e dans diff\u00e9rentes applications de la construction. Elle est couramment utilis\u00e9e pour l&rsquo;isolation des murs et des combles, mais peut \u00e9galement \u00eatre utilis\u00e9e dans les cloisons et les planchers. Pour une pose efficace \u00e0 St-Brieuc en C\u00f4tes d&rsquo;Armor, il est essentiel de suivre des techniques sp\u00e9cifiques. Cela inclut la pr\u00e9paration de la surface avant la pose, ainsi que la fixation et le raccordement des panneaux de fibre de bois.<\/p>\n<h2>IV. Les acteurs de la fibre de bois \u00e0 St-Brieuc en C\u00f4tes d&rsquo;Armor<\/h2>\n<p>Il existe plusieurs fabricants de mat\u00e9riaux en fibre de bois dans la r\u00e9gion de St-Brieuc en C\u00f4tes d&rsquo;Armor. Ces fabricants proposent une gamme de produits adapt\u00e9s aux besoins des constructeurs et des artisans. De plus, il y a des artisans sp\u00e9cialis\u00e9s dans l&rsquo;installation de la fibre de bois qui peuvent fournir des services de qualit\u00e9. Il est recommand\u00e9 de contacter ces entreprises pour obtenir des conseils et des retours d&rsquo;exp\u00e9rience avant de proc\u00e9der \u00e0 l&rsquo;installation de la fibre de bois.<\/p>\n<h2>V. Conclusion<\/h2>\n<p>En conclusion, l&rsquo;utilisation de la fibre de bois \u00e0 St-Brieuc en C\u00f4tes d&rsquo;Armor pr\u00e9sente de nombreux avantages en termes d&rsquo;isolation thermique et phonique. Elle contribue \u00e9galement \u00e0 la r\u00e9duction de la consommation \u00e9nerg\u00e9tique des b\u00e2timents. Pour une installation r\u00e9ussie, il est important de faire appel \u00e0 des professionnels qualifi\u00e9s qui connaissent les techniques sp\u00e9cifiques de pose de la fibre de bois. Avec son aspect naturel et \u00e9cologique, la fibre de bois est un mat\u00e9riau durable qui offre un excellent rapport qualit\u00e9-prix dans la construction.<\/p>\n<p style=\"text-align: center;\"><span style=\"text-align: center;\"><a href=\"https:\/\/www.la-maison-naturelle.com\/\"><button>Achetez nos produits sur :<br \/>\n<img loading=\"lazy\" decoding=\"async\" class=\"aligncenter wp-image-376 size-thumbnail\" role=\"img\" src=\"https:\/\/www.la-maison-naturelle.com\/blog\/wp-content\/uploads\/2021\/07\/maison-naturelle-logo.svg\" alt=\"\" width=\"150\" height=\"150\" srcset=\"https:\/\/www.la-maison-naturelle.com\/blog\/wp-content\/uploads\/\/2021\/07\/maison-naturelle-logo.svg 150w, https:\/\/www.la-maison-naturelle.com\/blog\/wp-content\/uploads\/\/2021\/07\/maison-naturelle-logo.svg 300w, https:\/\/www.la-maison-naturelle.com\/blog\/wp-content\/uploads\/\/2021\/07\/maison-naturelle-logo.svg 1024w, https:\/\/www.la-maison-naturelle.com\/blog\/wp-content\/uploads\/\/2021\/07\/maison-naturelle-logo.svg 1536w, https:\/\/www.la-maison-naturelle.com\/blog\/wp-content\/uploads\/\/2021\/07\/maison-naturelle-logo.svg 2048w\" sizes=\"auto, (max-width: 150px) 100vw, 150px\" \/><\/button><\/a><\/span><\/p>\n","protected":false},"excerpt":{"rendered":"<p>La fibre de bois est de plus en plus utilis\u00e9e dans le domaine de la construction en tant que mat\u00e9riau de construction durable. Sa popularit\u00e9 s&rsquo;explique par ses nombreux avantages, notamment en mati\u00e8re d&rsquo;isolation thermique et phonique. Dans la r\u00e9gion de St-Brieuc en C\u00f4tes d&rsquo;Armor, o\u00f9 les temp\u00e9ratures peuvent \u00eatre rigoureuses en hiver, une bonne [&hellip;]<\/p>\n","protected":false},"author":6,"featured_media":0,"comment_status":"open","ping_status":"open","sticky":false,"template":"","format":"standard","meta":{"footnotes":""},"categories":[14],"tags":[],"class_list":["post-1294","post","type-post","status-publish","format-standard","hentry","category-une-petite-pause"],"_wp_attached_file":null,"_wp_attachment_metadata":null,"_wp_attachment_context":null,"_wp_attachment_image_alt":null,"_hf_settings":null,"hf_message_success":null,"hf_message_invalid_email":null,"hf_message_required_field_missing":null,"hf_message_error":null,"_menu_item_type":null,"_menu_item_menu_item_parent":null,"_menu_item_object_id":null,"_menu_item_object":null,"_menu_item_target":null,"_menu_item_classes":null,"_menu_item_xfn":null,"_menu_item_url":null,"_yoast_wpseo_primary_category":"","_thumbnail_id":null,"_oembed_26d84b2c06432105b0a19987ae029a71":null,"_oembed_43e9e2dfde1b9b4ed91c9711026b7ef9":null,"_oembed_1fe1564764edbddc3b61e81acf52be88":null,"_oembed_df60f474cd845141e7ce6596d101e4a0":null,"_oembed_825e674795e2435c0bc66eb08e5d2c8b":null,"_oembed_time_825e674795e2435c0bc66eb08e5d2c8b":null,"_oembed_e917352ff4cc21ea91383201eeaa08cf":null,"_oembed_2363c16c972791c33e283320dc564fce":null,"_oembed_cc9ad5b5073a84776f6a62e33e6c7498":null,"_oembed_time_cc9ad5b5073a84776f6a62e33e6c7498":null,"_oembed_305147fcf4b856de518466e695c209cd":null,"_oembed_8517a877084ae01a5296813ee1d16a2b":null,"_oembed_2741f1556b243e68379198f98ba7f864":null,"_oembed_c3ffa24981451396c950ece2129da0f6":null,"_oembed_6f9091ebe2f3f5fcb5698ba6f4b41477":null,"_wp_old_slug":null,"_oembed_e4fb0f68ba12b85e9e231afe151ba12a":null,"_oembed_3c60e98bd703e617e67f5bbb3b97424d":null,"_oembed_bb060374498dcf40cb6068efe4be87e1":null,"_oembed_d0403e1e71c3a29020bd546b159480f1":null,"_oembed_b030ff17fbbbf8661c59c2ab8ff289eb":null,"_oembed_5cec699ba0631c6c0e4ba4f6af5f228e":null,"_oembed_b06a67f278b90cf4e8dd17cb12fe67b0":null,"_oembed_8e190e4fea2256f17420434651556236":null,"_oembed_b5ded119f1337916a0fc64d2ad85c95f":null,"_oembed_d9364a7a81be31c01415da2c50a48932":null,"_oembed_738cafa36d51a58e5ae3e458aa8f7584":null,"_oembed_ebcab5184b6b321b28efbcbec079859b":null,"_oembed_3dd9e35c2b7b268070e74da5b89cf937":null,"_oembed_e14b167b493e311a1c4e2aab38a463e8":null,"_oembed_dc8f7d108b38f3f0c2e0785b8bc46cae":null,"_oembed_55cf1c5142884afed312c2666bf27520":null,"_oembed_2292333bf03a956b4b61afafeff6bca0":null,"_oembed_82a986a6b900856fec23169de03a0038":null,"_oembed_4048ded025352b83569104210074165a":null,"_oembed_033b42b1af757abc39e4487233cee7f5":null,"_oembed_aec1d50f2b159366be8e37e94b201be1":null,"_oembed_0adc8480b2fcadf9a1733f572ce3d3f8":null,"_yoast_wpseo_title":null,"_yoast_wpseo_focuskw":null,"_yoast_wpseo_linkdex":null,"_yoast_wpseo_metadesc":null,"_yoast_wpseo_wordproof_timestamp":"","_tpl_archive_meta_key":null,"_form":null,"_mail":null,"_mail_2":null,"_messages":null,"_additional_settings":null,"_locale":null,"_wp_old_date":null,"_edit_last":"5","_wpb_vc_js_status":"false","_yoast_wpseo_estimated-reading-time-minutes":"5","_edit_lock":"1692773547:5","_yoast_wpseo_content_score":"30","yoast_head":"<!-- This site is optimized with the Yoast SEO plugin v24.3 - https:\/\/yoast.com\/wordpress\/plugins\/seo\/ -->\n<title>La fibre de bois \u00e0 St-Brieuc en C\u00f4tes d&#039;Armor (22) : un mat\u00e9riau \u00e9cologique pour une isolation performante - La Maison naturelle | Blog<\/title>\n<meta name=\"robots\" content=\"index, follow, max-snippet:-1, max-image-preview:large, max-video-preview:-1\" \/>\n<link rel=\"canonical\" href=\"https:\/\/www.la-maison-naturelle.com\/blog\/mie-livraison-de-fibre-de-bois-a-st-brieuc-en-cote-darmor-22\/\" \/>\n<meta property=\"og:locale\" content=\"fr_FR\" \/>\n<meta property=\"og:type\" content=\"article\" \/>\n<meta property=\"og:title\" content=\"La fibre de bois \u00e0 St-Brieuc en C\u00f4tes d&#039;Armor (22) : un mat\u00e9riau \u00e9cologique pour une isolation performante - La Maison naturelle | Blog\" \/>\n<meta property=\"og:description\" content=\"La fibre de bois est de plus en plus utilis\u00e9e dans le domaine de la construction en tant que mat\u00e9riau de construction durable. Sa popularit\u00e9 s&rsquo;explique par ses nombreux avantages, notamment en mati\u00e8re d&rsquo;isolation thermique et phonique. Dans la r\u00e9gion de St-Brieuc en C\u00f4tes d&rsquo;Armor, o\u00f9 les temp\u00e9ratures peuvent \u00eatre rigoureuses en hiver, une bonne [&hellip;]\" \/>\n<meta property=\"og:url\" content=\"https:\/\/www.la-maison-naturelle.com\/blog\/mie-livraison-de-fibre-de-bois-a-st-brieuc-en-cote-darmor-22\/\" \/>\n<meta property=\"og:site_name\" content=\"La Maison naturelle | Blog\" \/>\n<meta property=\"article:published_time\" content=\"2017-05-24T07:58:42+00:00\" \/>\n<meta property=\"article:modified_time\" content=\"2023-08-23T06:39:57+00:00\" \/>\n<meta property=\"og:image\" content=\"https:\/\/www.la-maison-naturelle.com\/blog\/wp-content\/uploads\/2012\/05\/Dark-Green-and-Gray-Professional-and-Clean-E-Commerce-Email-Header-300x35.png\" \/>\n<meta name=\"author\" content=\"Thierry Lailavoix\" \/>\n<meta name=\"twitter:card\" content=\"summary_large_image\" \/>\n<meta name=\"twitter:label1\" content=\"\u00c9crit par\" \/>\n\t<meta name=\"twitter:data1\" content=\"Thierry Lailavoix\" \/>\n\t<meta name=\"twitter:label2\" content=\"Dur\u00e9e de lecture estim\u00e9e\" \/>\n\t<meta name=\"twitter:data2\" content=\"5 minutes\" \/>\n<script type=\"application\/ld+json\" class=\"yoast-schema-graph\">{\"@context\":\"https:\/\/schema.org\",\"@graph\":[{\"@type\":\"Article\",\"@id\":\"https:\/\/www.la-maison-naturelle.com\/blog\/mie-livraison-de-fibre-de-bois-a-st-brieuc-en-cote-darmor-22\/#article\",\"isPartOf\":{\"@id\":\"https:\/\/www.la-maison-naturelle.com\/blog\/mie-livraison-de-fibre-de-bois-a-st-brieuc-en-cote-darmor-22\/\"},\"author\":{\"name\":\"Thierry Lailavoix\",\"@id\":\"https:\/\/www.la-maison-naturelle.com\/blog\/#\/schema\/person\/17f32dccfc90d210e981fac7c831f73c\"},\"headline\":\"La fibre de bois \u00e0 St-Brieuc en C\u00f4tes d&rsquo;Armor (22) : un mat\u00e9riau \u00e9cologique pour une isolation performante\",\"datePublished\":\"2017-05-24T07:58:42+00:00\",\"dateModified\":\"2023-08-23T06:39:57+00:00\",\"mainEntityOfPage\":{\"@id\":\"https:\/\/www.la-maison-naturelle.com\/blog\/mie-livraison-de-fibre-de-bois-a-st-brieuc-en-cote-darmor-22\/\"},\"wordCount\":803,\"commentCount\":0,\"publisher\":{\"@id\":\"https:\/\/www.la-maison-naturelle.com\/blog\/#organization\"},\"image\":{\"@id\":\"https:\/\/www.la-maison-naturelle.com\/blog\/mie-livraison-de-fibre-de-bois-a-st-brieuc-en-cote-darmor-22\/#primaryimage\"},\"thumbnailUrl\":\"https:\/\/www.la-maison-naturelle.com\/blog\/wp-content\/uploads\/2012\/05\/Dark-Green-and-Gray-Professional-and-Clean-E-Commerce-Email-Header-300x35.png\",\"articleSection\":[\"Une petite Pause\"],\"inLanguage\":\"fr-FR\",\"potentialAction\":[{\"@type\":\"CommentAction\",\"name\":\"Comment\",\"target\":[\"https:\/\/www.la-maison-naturelle.com\/blog\/mie-livraison-de-fibre-de-bois-a-st-brieuc-en-cote-darmor-22\/#respond\"]}]},{\"@type\":\"WebPage\",\"@id\":\"https:\/\/www.la-maison-naturelle.com\/blog\/mie-livraison-de-fibre-de-bois-a-st-brieuc-en-cote-darmor-22\/\",\"url\":\"https:\/\/www.la-maison-naturelle.com\/blog\/mie-livraison-de-fibre-de-bois-a-st-brieuc-en-cote-darmor-22\/\",\"name\":\"La fibre de bois \u00e0 St-Brieuc en C\u00f4tes d'Armor (22) : un mat\u00e9riau \u00e9cologique pour une isolation performante - La Maison naturelle | Blog\",\"isPartOf\":{\"@id\":\"https:\/\/www.la-maison-naturelle.com\/blog\/#website\"},\"primaryImageOfPage\":{\"@id\":\"https:\/\/www.la-maison-naturelle.com\/blog\/mie-livraison-de-fibre-de-bois-a-st-brieuc-en-cote-darmor-22\/#primaryimage\"},\"image\":{\"@id\":\"https:\/\/www.la-maison-naturelle.com\/blog\/mie-livraison-de-fibre-de-bois-a-st-brieuc-en-cote-darmor-22\/#primaryimage\"},\"thumbnailUrl\":\"https:\/\/www.la-maison-naturelle.com\/blog\/wp-content\/uploads\/2012\/05\/Dark-Green-and-Gray-Professional-and-Clean-E-Commerce-Email-Header-300x35.png\",\"datePublished\":\"2017-05-24T07:58:42+00:00\",\"dateModified\":\"2023-08-23T06:39:57+00:00\",\"breadcrumb\":{\"@id\":\"https:\/\/www.la-maison-naturelle.com\/blog\/mie-livraison-de-fibre-de-bois-a-st-brieuc-en-cote-darmor-22\/#breadcrumb\"},\"inLanguage\":\"fr-FR\",\"potentialAction\":[{\"@type\":\"ReadAction\",\"target\":[\"https:\/\/www.la-maison-naturelle.com\/blog\/mie-livraison-de-fibre-de-bois-a-st-brieuc-en-cote-darmor-22\/\"]}]},{\"@type\":\"ImageObject\",\"inLanguage\":\"fr-FR\",\"@id\":\"https:\/\/www.la-maison-naturelle.com\/blog\/mie-livraison-de-fibre-de-bois-a-st-brieuc-en-cote-darmor-22\/#primaryimage\",\"url\":\"https:\/\/www.la-maison-naturelle.com\/blog\/wp-content\/uploads\/2012\/05\/Dark-Green-and-Gray-Professional-and-Clean-E-Commerce-Email-Header.png\",\"contentUrl\":\"https:\/\/www.la-maison-naturelle.com\/blog\/wp-content\/uploads\/2012\/05\/Dark-Green-and-Gray-Professional-and-Clean-E-Commerce-Email-Header.png\",\"width\":1578,\"height\":183},{\"@type\":\"BreadcrumbList\",\"@id\":\"https:\/\/www.la-maison-naturelle.com\/blog\/mie-livraison-de-fibre-de-bois-a-st-brieuc-en-cote-darmor-22\/#breadcrumb\",\"itemListElement\":[{\"@type\":\"ListItem\",\"position\":1,\"name\":\"Accueil\",\"item\":\"https:\/\/www.la-maison-naturelle.com\/blog\/\"},{\"@type\":\"ListItem\",\"position\":2,\"name\":\"La fibre de bois \u00e0 St-Brieuc en C\u00f4tes d&rsquo;Armor (22) : un mat\u00e9riau \u00e9cologique pour une isolation performante\"}]},{\"@type\":\"WebSite\",\"@id\":\"https:\/\/www.la-maison-naturelle.com\/blog\/#website\",\"url\":\"https:\/\/www.la-maison-naturelle.com\/blog\/\",\"name\":\"La Maison naturelle | Blog\",\"description\":\"Blog de la Maison naturelle\",\"publisher\":{\"@id\":\"https:\/\/www.la-maison-naturelle.com\/blog\/#organization\"},\"potentialAction\":[{\"@type\":\"SearchAction\",\"target\":{\"@type\":\"EntryPoint\",\"urlTemplate\":\"https:\/\/www.la-maison-naturelle.com\/blog\/?s={search_term_string}\"},\"query-input\":{\"@type\":\"PropertyValueSpecification\",\"valueRequired\":true,\"valueName\":\"search_term_string\"}}],\"inLanguage\":\"fr-FR\"},{\"@type\":\"Organization\",\"@id\":\"https:\/\/www.la-maison-naturelle.com\/blog\/#organization\",\"name\":\"La Maison naturelle | Blog\",\"url\":\"https:\/\/www.la-maison-naturelle.com\/blog\/\",\"logo\":{\"@type\":\"ImageObject\",\"inLanguage\":\"fr-FR\",\"@id\":\"https:\/\/www.la-maison-naturelle.com\/blog\/#\/schema\/logo\/image\/\",\"url\":\"https:\/\/www.la-maison-naturelle.com\/blog\/wp-content\/uploads\/2021\/07\/maison-naturelle-logo.svg\",\"contentUrl\":\"https:\/\/www.la-maison-naturelle.com\/blog\/wp-content\/uploads\/2021\/07\/maison-naturelle-logo.svg\",\"width\":156,\"height\":64,\"caption\":\"La Maison naturelle | Blog\"},\"image\":{\"@id\":\"https:\/\/www.la-maison-naturelle.com\/blog\/#\/schema\/logo\/image\/\"}},{\"@type\":\"Person\",\"@id\":\"https:\/\/www.la-maison-naturelle.com\/blog\/#\/schema\/person\/17f32dccfc90d210e981fac7c831f73c\",\"name\":\"Thierry Lailavoix\",\"image\":{\"@type\":\"ImageObject\",\"inLanguage\":\"fr-FR\",\"@id\":\"https:\/\/www.la-maison-naturelle.com\/blog\/#\/schema\/person\/image\/\",\"url\":\"https:\/\/secure.gravatar.com\/avatar\/13e5241036ff85f04898947108b791b16bbd9e4f629e40d355f8ec0a8e57a22c?s=96&d=mm&r=g\",\"contentUrl\":\"https:\/\/secure.gravatar.com\/avatar\/13e5241036ff85f04898947108b791b16bbd9e4f629e40d355f8ec0a8e57a22c?s=96&d=mm&r=g\",\"caption\":\"Thierry Lailavoix\"},\"sameAs\":[\"https:\/\/www.la-maison-naturelle.com\/\"],\"url\":\"https:\/\/www.la-maison-naturelle.com\/blog\/author\/thierry\/\"}]}<\/script>\n<!-- \/ Yoast SEO plugin. -->","yoast_head_json":{"title":"La fibre de bois \u00e0 St-Brieuc en C\u00f4tes d'Armor (22) : un mat\u00e9riau \u00e9cologique pour une isolation performante - La Maison naturelle | Blog","robots":{"index":"index","follow":"follow","max-snippet":"max-snippet:-1","max-image-preview":"max-image-preview:large","max-video-preview":"max-video-preview:-1"},"canonical":"https:\/\/www.la-maison-naturelle.com\/blog\/mie-livraison-de-fibre-de-bois-a-st-brieuc-en-cote-darmor-22\/","og_locale":"fr_FR","og_type":"article","og_title":"La fibre de bois \u00e0 St-Brieuc en C\u00f4tes d'Armor (22) : un mat\u00e9riau \u00e9cologique pour une isolation performante - La Maison naturelle | Blog","og_description":"La fibre de bois est de plus en plus utilis\u00e9e dans le domaine de la construction en tant que mat\u00e9riau de construction durable. Sa popularit\u00e9 s&rsquo;explique par ses nombreux avantages, notamment en mati\u00e8re d&rsquo;isolation thermique et phonique. Dans la r\u00e9gion de St-Brieuc en C\u00f4tes d&rsquo;Armor, o\u00f9 les temp\u00e9ratures peuvent \u00eatre rigoureuses en hiver, une bonne [&hellip;]","og_url":"https:\/\/www.la-maison-naturelle.com\/blog\/mie-livraison-de-fibre-de-bois-a-st-brieuc-en-cote-darmor-22\/","og_site_name":"La Maison naturelle | Blog","article_published_time":"2017-05-24T07:58:42+00:00","article_modified_time":"2023-08-23T06:39:57+00:00","og_image":[{"url":"https:\/\/www.la-maison-naturelle.com\/blog\/wp-content\/uploads\/2012\/05\/Dark-Green-and-Gray-Professional-and-Clean-E-Commerce-Email-Header-300x35.png","type":"","width":"","height":""}],"author":"Thierry Lailavoix","twitter_card":"summary_large_image","twitter_misc":{"\u00c9crit par":"Thierry Lailavoix","Dur\u00e9e de lecture estim\u00e9e":"5 minutes"},"schema":{"@context":"https:\/\/schema.org","@graph":[{"@type":"Article","@id":"https:\/\/www.la-maison-naturelle.com\/blog\/mie-livraison-de-fibre-de-bois-a-st-brieuc-en-cote-darmor-22\/#article","isPartOf":{"@id":"https:\/\/www.la-maison-naturelle.com\/blog\/mie-livraison-de-fibre-de-bois-a-st-brieuc-en-cote-darmor-22\/"},"author":{"name":"Thierry Lailavoix","@id":"https:\/\/www.la-maison-naturelle.com\/blog\/#\/schema\/person\/17f32dccfc90d210e981fac7c831f73c"},"headline":"La fibre de bois \u00e0 St-Brieuc en C\u00f4tes d&rsquo;Armor (22) : un mat\u00e9riau \u00e9cologique pour une isolation performante","datePublished":"2017-05-24T07:58:42+00:00","dateModified":"2023-08-23T06:39:57+00:00","mainEntityOfPage":{"@id":"https:\/\/www.la-maison-naturelle.com\/blog\/mie-livraison-de-fibre-de-bois-a-st-brieuc-en-cote-darmor-22\/"},"wordCount":803,"commentCount":0,"publisher":{"@id":"https:\/\/www.la-maison-naturelle.com\/blog\/#organization"},"image":{"@id":"https:\/\/www.la-maison-naturelle.com\/blog\/mie-livraison-de-fibre-de-bois-a-st-brieuc-en-cote-darmor-22\/#primaryimage"},"thumbnailUrl":"https:\/\/www.la-maison-naturelle.com\/blog\/wp-content\/uploads\/2012\/05\/Dark-Green-and-Gray-Professional-and-Clean-E-Commerce-Email-Header-300x35.png","articleSection":["Une petite Pause"],"inLanguage":"fr-FR","potentialAction":[{"@type":"CommentAction","name":"Comment","target":["https:\/\/www.la-maison-naturelle.com\/blog\/mie-livraison-de-fibre-de-bois-a-st-brieuc-en-cote-darmor-22\/#respond"]}]},{"@type":"WebPage","@id":"https:\/\/www.la-maison-naturelle.com\/blog\/mie-livraison-de-fibre-de-bois-a-st-brieuc-en-cote-darmor-22\/","url":"https:\/\/www.la-maison-naturelle.com\/blog\/mie-livraison-de-fibre-de-bois-a-st-brieuc-en-cote-darmor-22\/","name":"La fibre de bois \u00e0 St-Brieuc en C\u00f4tes d'Armor (22) : un mat\u00e9riau \u00e9cologique pour une isolation performante - La Maison naturelle | Blog","isPartOf":{"@id":"https:\/\/www.la-maison-naturelle.com\/blog\/#website"},"primaryImageOfPage":{"@id":"https:\/\/www.la-maison-naturelle.com\/blog\/mie-livraison-de-fibre-de-bois-a-st-brieuc-en-cote-darmor-22\/#primaryimage"},"image":{"@id":"https:\/\/www.la-maison-naturelle.com\/blog\/mie-livraison-de-fibre-de-bois-a-st-brieuc-en-cote-darmor-22\/#primaryimage"},"thumbnailUrl":"https:\/\/www.la-maison-naturelle.com\/blog\/wp-content\/uploads\/2012\/05\/Dark-Green-and-Gray-Professional-and-Clean-E-Commerce-Email-Header-300x35.png","datePublished":"2017-05-24T07:58:42+00:00","dateModified":"2023-08-23T06:39:57+00:00","breadcrumb":{"@id":"https:\/\/www.la-maison-naturelle.com\/blog\/mie-livraison-de-fibre-de-bois-a-st-brieuc-en-cote-darmor-22\/#breadcrumb"},"inLanguage":"fr-FR","potentialAction":[{"@type":"ReadAction","target":["https:\/\/www.la-maison-naturelle.com\/blog\/mie-livraison-de-fibre-de-bois-a-st-brieuc-en-cote-darmor-22\/"]}]},{"@type":"ImageObject","inLanguage":"fr-FR","@id":"https:\/\/www.la-maison-naturelle.com\/blog\/mie-livraison-de-fibre-de-bois-a-st-brieuc-en-cote-darmor-22\/#primaryimage","url":"https:\/\/www.la-maison-naturelle.com\/blog\/wp-content\/uploads\/2012\/05\/Dark-Green-and-Gray-Professional-and-Clean-E-Commerce-Email-Header.png","contentUrl":"https:\/\/www.la-maison-naturelle.com\/blog\/wp-content\/uploads\/2012\/05\/Dark-Green-and-Gray-Professional-and-Clean-E-Commerce-Email-Header.png","width":1578,"height":183},{"@type":"BreadcrumbList","@id":"https:\/\/www.la-maison-naturelle.com\/blog\/mie-livraison-de-fibre-de-bois-a-st-brieuc-en-cote-darmor-22\/#breadcrumb","itemListElement":[{"@type":"ListItem","position":1,"name":"Accueil","item":"https:\/\/www.la-maison-naturelle.com\/blog\/"},{"@type":"ListItem","position":2,"name":"La fibre de bois \u00e0 St-Brieuc en C\u00f4tes d&rsquo;Armor (22) : un mat\u00e9riau \u00e9cologique pour une isolation performante"}]},{"@type":"WebSite","@id":"https:\/\/www.la-maison-naturelle.com\/blog\/#website","url":"https:\/\/www.la-maison-naturelle.com\/blog\/","name":"La Maison naturelle | Blog","description":"Blog de la Maison naturelle","publisher":{"@id":"https:\/\/www.la-maison-naturelle.com\/blog\/#organization"},"potentialAction":[{"@type":"SearchAction","target":{"@type":"EntryPoint","urlTemplate":"https:\/\/www.la-maison-naturelle.com\/blog\/?s={search_term_string}"},"query-input":{"@type":"PropertyValueSpecification","valueRequired":true,"valueName":"search_term_string"}}],"inLanguage":"fr-FR"},{"@type":"Organization","@id":"https:\/\/www.la-maison-naturelle.com\/blog\/#organization","name":"La Maison naturelle | Blog","url":"https:\/\/www.la-maison-naturelle.com\/blog\/","logo":{"@type":"ImageObject","inLanguage":"fr-FR","@id":"https:\/\/www.la-maison-naturelle.com\/blog\/#\/schema\/logo\/image\/","url":"https:\/\/www.la-maison-naturelle.com\/blog\/wp-content\/uploads\/2021\/07\/maison-naturelle-logo.svg","contentUrl":"https:\/\/www.la-maison-naturelle.com\/blog\/wp-content\/uploads\/2021\/07\/maison-naturelle-logo.svg","width":156,"height":64,"caption":"La Maison naturelle | Blog"},"image":{"@id":"https:\/\/www.la-maison-naturelle.com\/blog\/#\/schema\/logo\/image\/"}},{"@type":"Person","@id":"https:\/\/www.la-maison-naturelle.com\/blog\/#\/schema\/person\/17f32dccfc90d210e981fac7c831f73c","name":"Thierry Lailavoix","image":{"@type":"ImageObject","inLanguage":"fr-FR","@id":"https:\/\/www.la-maison-naturelle.com\/blog\/#\/schema\/person\/image\/","url":"https:\/\/secure.gravatar.com\/avatar\/13e5241036ff85f04898947108b791b16bbd9e4f629e40d355f8ec0a8e57a22c?s=96&d=mm&r=g","contentUrl":"https:\/\/secure.gravatar.com\/avatar\/13e5241036ff85f04898947108b791b16bbd9e4f629e40d355f8ec0a8e57a22c?s=96&d=mm&r=g","caption":"Thierry Lailavoix"},"sameAs":["https:\/\/www.la-maison-naturelle.com\/"],"url":"https:\/\/www.la-maison-naturelle.com\/blog\/author\/thierry\/"}]}},"_links":{"self":[{"href":"https:\/\/www.la-maison-naturelle.com\/blog\/wp-json\/wp\/v2\/posts\/1294","targetHints":{"allow":["GET"]}}],"collection":[{"href":"https:\/\/www.la-maison-naturelle.com\/blog\/wp-json\/wp\/v2\/posts"}],"about":[{"href":"https:\/\/www.la-maison-naturelle.com\/blog\/wp-json\/wp\/v2\/types\/post"}],"author":[{"embeddable":true,"href":"https:\/\/www.la-maison-naturelle.com\/blog\/wp-json\/wp\/v2\/users\/6"}],"replies":[{"embeddable":true,"href":"https:\/\/www.la-maison-naturelle.com\/blog\/wp-json\/wp\/v2\/comments?post=1294"}],"version-history":[{"count":4,"href":"https:\/\/www.la-maison-naturelle.com\/blog\/wp-json\/wp\/v2\/posts\/1294\/revisions"}],"predecessor-version":[{"id":6275,"href":"https:\/\/www.la-maison-naturelle.com\/blog\/wp-json\/wp\/v2\/posts\/1294\/revisions\/6275"}],"wp:attachment":[{"href":"https:\/\/www.la-maison-naturelle.com\/blog\/wp-json\/wp\/v2\/media?parent=1294"}],"wp:term":[{"taxonomy":"category","embeddable":true,"href":"https:\/\/www.la-maison-naturelle.com\/blog\/wp-json\/wp\/v2\/categories?post=1294"},{"taxonomy":"post_tag","embeddable":true,"href":"https:\/\/www.la-maison-naturelle.com\/blog\/wp-json\/wp\/v2\/tags?post=1294"}],"curies":[{"name":"wp","href":"https:\/\/api.w.org\/{rel}","templated":true}]}}