{"id":1221,"date":"2013-08-14T17:19:30","date_gmt":"2013-08-14T15:19:30","guid":{"rendered":"https:\/\/www.la-maison-naturelle.com\/blog\/?p=1221"},"modified":"2022-08-14T17:35:23","modified_gmt":"2022-08-14T15:35:23","slug":"isoler-des-combles-perdues-nest-pas-si-simple-a-nice-06","status":"publish","type":"post","link":"https:\/\/www.la-maison-naturelle.com\/blog\/isoler-des-combles-perdues-nest-pas-si-simple-a-nice-06\/","title":{"rendered":"Le guide complet de l\u2019am\u00e9nagement de combles perdus \u00e0 Nice 06"},"content":{"rendered":"<hr \/>\n<p dir=\"auto\" style=\"text-align: center;\" data-pm-slice=\"1 1 []\"><strong>Retrouvez nos conseils et tous nos produits sur <a href=\"https:\/\/www.la-maison-naturelle.com\/\">notre boutique en ligne<\/a><\/strong><\/p>\n<hr \/>\n<h3 dir=\"auto\">Introduction\u00a0: qu&rsquo;est-ce qu&rsquo;un am\u00e9nagement de comble et comment fonctionne-t-elle r\u00e9ellement\u00a0?<\/h3>\n<p dir=\"auto\">Les greniers sont g\u00e9n\u00e9ralement utilis\u00e9s comme espaces de stockage dans les maisons. Ils sont g\u00e9n\u00e9ralement petits, \u00e9troits et de forme irr\u00e9guli\u00e8re.<\/p>\n<p dir=\"auto\">Un am\u00e9nagement de grenier est un type de plan d&rsquo;\u00e9tage utilis\u00e9 pour stocker des objets dans son grenier. Il est \u00e9galement connu sous le nom de \u00ab\u00a0plan de grenier\u00a0\u00bb. La disposition a une pi\u00e8ce centrale avec deux ailes ou plus qui s&rsquo;\u00e9tendent sur les c\u00f4t\u00e9s de la pi\u00e8ce.<\/p>\n<p dir=\"auto\">La pi\u00e8ce centrale peut \u00eatre utilis\u00e9e comme chambre ou salle de jeux, tandis que les ailes peuvent \u00eatre utilis\u00e9es comme espace de rangement et espace de vie suppl\u00e9mentaire.<\/p>\n<p dir=\"auto\">L&#8217;emplacement des ailes peut d\u00e9terminer la quantit\u00e9 d&rsquo;espace utilisable dans chaque aile. Plus il y a d&rsquo;ailes, moins il y aura d&rsquo;espace utilisable par aile.<\/p>\n<hr \/>\n<p dir=\"auto\" style=\"text-align: center;\"><strong>Retrouvez nos conseils et tous nos produits sur <a href=\"https:\/\/www.la-maison-naturelle.com\/\">notre boutique en ligne<\/a><\/strong><\/p>\n<hr \/>\n<h3 dir=\"auto\">Le \u00ab\u00a0Comment puis-je convertir mon grenier?\u00a0\u00bb<\/h3>\n<p dir=\"auto\">Si vous envisagez de convertir votre grenier en chambre, salon ou bureau, vous devrez v\u00e9rifier si les permis de construire sont requis. Vous devrez \u00e9galement vous assurer que le toit est structurellement solide et qu&rsquo;il n&rsquo;y a aucun risque pour la s\u00e9curit\u00e9 dans le grenier.<\/p>\n<p dir=\"auto\">La meilleure fa\u00e7on de savoir si votre projet peut \u00eatre r\u00e9alis\u00e9 est de parler avec un professionnel sp\u00e9cialis\u00e9 dans la construction et la r\u00e9novation. Ils peuvent vous aider \u00e0 d\u00e9terminer si cela en vaut la peine ou non.<\/p>\n<h3 dir=\"auto\">Combien co\u00fbte un am\u00e9nagement de grenier ?<\/h3>\n<p dir=\"auto\">Le co\u00fbt d&rsquo;une conversion de grenier est d\u00e9termin\u00e9 par la taille du grenier, le nombre de pi\u00e8ces \u00e0 am\u00e9nager et la quantit\u00e9 de travaux \u00e0 effectuer.<\/p>\n<p dir=\"auto\">Une conversion de grenier co\u00fbte g\u00e9n\u00e9ralement entre 5 000 $ et 30 000 $.<\/p>\n<p dir=\"auto\">Le co\u00fbt d\u00e9pend de quelques facteurs tels que la taille du grenier et la quantit\u00e9 de travaux \u00e0 effectuer. Selon ces facteurs, il peut aller de 5 000 $ \u00e0 30 000 $.<\/p>\n<p dir=\"auto\"><em>mots-cl\u00e9s : co\u00fbt d&rsquo;am\u00e9nagement de vos combles- co\u00fbt d&rsquo;am\u00e9nagement d&rsquo;une pi\u00e8ce)<\/em><\/p>\n<h3 dir=\"auto\">\u00c0 quoi dois-je m&rsquo;attendre pendant mon projet\u00a0?<\/h3>\n<p dir=\"auto\">C&rsquo;est une question \u00e0 laquelle chaque chef de projet veut r\u00e9pondre. Ils doivent savoir ce qu&rsquo;ils peuvent attendre de leur projet, combien de temps il leur reste et combien d&rsquo;argent ils vont d\u00e9penser.<\/p>\n<p dir=\"auto\">La r\u00e9ponse \u00e0 cette question d\u00e9pend du type et de la port\u00e9e du projet.<\/p>\n<h3 dir=\"auto\">Quels sont les avantages d&rsquo;avoir un loft converti ?<\/h3>\n<p dir=\"auto\">Un loft converti est un espace qui \u00e9tait autrefois utilis\u00e9 \u00e0 des fins commerciales mais qui a maintenant \u00e9t\u00e9 converti en usage r\u00e9sidentiel. L&rsquo;espace a g\u00e9n\u00e9ralement de hauts plafonds et de grandes fen\u00eatres, ce qui lui donne une sensation de lumi\u00e8re et d&rsquo;a\u00e9ration.<\/p>\n<p dir=\"auto\">Les avantages d&rsquo;avoir un loft am\u00e9nag\u00e9 sont nombreux. Tout d&rsquo;abord, vous pouvez cr\u00e9er votre propre espace de vie avec le style que vous souhaitez. Deuxi\u00e8mement, vous pouvez avoir plus d&rsquo;espace de vie que si vous viviez dans un appartement ou une maison de la m\u00eame taille que votre maison. Troisi\u00e8mement, il est moins cher de louer qu&rsquo;un appartement ou une maison dans la plupart des cas, car le loyer d&rsquo;un loft converti est g\u00e9n\u00e9ralement inf\u00e9rieur \u00e0 celui d&rsquo;autres propri\u00e9t\u00e9s, etc.<\/p>\n<p dir=\"auto\">Le principal inconv\u00e9nient d&rsquo;avoir un loft converti est qu&rsquo;il est souvent mal isol\u00e9 et n\u00e9cessite donc plus de frais de chauffage pendant les mois d&rsquo;hiver lorsque<\/p>\n<h3 dir=\"auto\">Quels sont les inconv\u00e9nients d&rsquo;avoir un loft converti ?<\/h3>\n<p dir=\"auto\">Dans le pass\u00e9, la conversion d&rsquo;un grenier \u00e9tait une alternative populaire \u00e0 la construction d&rsquo;une nouvelle maison. L&rsquo;am\u00e9nagement d&rsquo;un grenier pr\u00e9sente de nombreux avantages, tels que des \u00e9conomies de temps et d&rsquo;argent. Cependant, la conversion de combles pr\u00e9sente certains inconv\u00e9nients qui doivent \u00eatre pris en compte avant de prendre la d\u00e9cision de convertir votre grenier.<\/p>\n<p dir=\"auto\">Il n&rsquo;y a pas de salle de bain ou de cuisine dans le loft converti, ce qui peut \u00eatre g\u00eanant pour certaines personnes. Vous devrez \u00e9galement investir dans plus de meubles et d&rsquo;appareils \u00e9lectrom\u00e9nagers si vous les souhaitez dans votre loft converti. Un autre inconv\u00e9nient est qu&rsquo;il n&rsquo;y a pas beaucoup d&rsquo;espace pour ranger des articles comme des v\u00eatements, des chaussures ou des livres, car ils occupent une surface au sol pr\u00e9cieuse.<\/p>\n<p dir=\"auto\">L&rsquo;un des plus grands inconv\u00e9nients d&rsquo;avoir un loft converti est qu&rsquo;il peut \u00eatre difficile de trouver des entrepreneurs qui ont de l&rsquo;exp\u00e9rience avec les conversions, car elles ne sont plus aussi courantes.<\/p>\n<p>La pr\u00e9fecture de Nice et la sous pr\u00e9fecture de Grasse dans les Alpes Maritime 06 suivent les r\u00e8gles strictes pour l&rsquo;am\u00e9nagement des combles perdues.<\/p>\n<p>Le coefficient d&rsquo;occupation du sol est fourni par l&rsquo;administration permettant de d\u00e9finir la surface hors \u0152uvre nette\u00a0 constructible de chaque parcelle. Le coefficient d&rsquo;occupation du sol est parfois diff\u00e9rent sur une m\u00eame parcelle.<\/p>\n<p>Il faut connaitre ce coef applicable\u00a0 pour am\u00e9nager et isoler des combles perdues que se soit sur Nice ou Grasse ou tout le d\u00e9partement des Alpes Maritime 06. Le plan local d&rsquo;urbanisme d\u00e9finit la zone et donne l&rsquo;orientation de possibilit\u00e9s d&rsquo;am\u00e9nagement des combles perdues.<\/p>\n<p>Ici sera indiqu\u00e9 le coefficient qui augmenter la surface de la maison et am\u00e9nager et isoler des combles perdues.<\/p>\n<p>Sur une surface de 1000 m2 si le coef est de 0.2 on peut isoler \u00e9cologiquement et am\u00e9nager et isoler des combles perdues sur 200m2.<\/p>\n<p>&nbsp;<\/p>\n<p><img decoding=\"async\" src=\"\/media\/wysiwyg\/Blog\/Partenaires\/store-volet-fab-francaise.png\" alt=\"\" width=\"550px\" hspace=\"10\" vspace=\"10\" \/><\/p>\n","protected":false},"excerpt":{"rendered":"<p>Retrouvez nos conseils et tous nos produits sur notre boutique en ligne Introduction\u00a0: qu&rsquo;est-ce qu&rsquo;un am\u00e9nagement de comble et comment fonctionne-t-elle r\u00e9ellement\u00a0? Les greniers sont g\u00e9n\u00e9ralement utilis\u00e9s comme espaces de stockage dans les maisons. Ils sont g\u00e9n\u00e9ralement petits, \u00e9troits et de forme irr\u00e9guli\u00e8re. Un am\u00e9nagement de grenier est un type de plan d&rsquo;\u00e9tage utilis\u00e9 pour [&hellip;]<\/p>\n","protected":false},"author":5,"featured_media":3549,"comment_status":"open","ping_status":"open","sticky":false,"template":"","format":"standard","meta":{"footnotes":""},"categories":[5],"tags":[],"class_list":["post-1221","post","type-post","status-publish","format-standard","has-post-thumbnail","hentry","category-espace-pro"],"_wp_attached_file":null,"_wp_attachment_metadata":null,"_wp_attachment_context":null,"_wp_attachment_image_alt":null,"_hf_settings":null,"hf_message_success":null,"hf_message_invalid_email":null,"hf_message_required_field_missing":null,"hf_message_error":null,"_menu_item_type":null,"_menu_item_menu_item_parent":null,"_menu_item_object_id":null,"_menu_item_object":null,"_menu_item_target":null,"_menu_item_classes":null,"_menu_item_xfn":null,"_menu_item_url":null,"_yoast_wpseo_primary_category":"5","_thumbnail_id":"3549","_oembed_26d84b2c06432105b0a19987ae029a71":null,"_oembed_43e9e2dfde1b9b4ed91c9711026b7ef9":null,"_oembed_1fe1564764edbddc3b61e81acf52be88":null,"_oembed_df60f474cd845141e7ce6596d101e4a0":null,"_oembed_825e674795e2435c0bc66eb08e5d2c8b":null,"_oembed_time_825e674795e2435c0bc66eb08e5d2c8b":null,"_oembed_e917352ff4cc21ea91383201eeaa08cf":null,"_oembed_2363c16c972791c33e283320dc564fce":null,"_oembed_cc9ad5b5073a84776f6a62e33e6c7498":null,"_oembed_time_cc9ad5b5073a84776f6a62e33e6c7498":null,"_oembed_305147fcf4b856de518466e695c209cd":null,"_oembed_8517a877084ae01a5296813ee1d16a2b":null,"_oembed_2741f1556b243e68379198f98ba7f864":null,"_oembed_c3ffa24981451396c950ece2129da0f6":null,"_oembed_6f9091ebe2f3f5fcb5698ba6f4b41477":null,"_wp_old_slug":null,"_oembed_e4fb0f68ba12b85e9e231afe151ba12a":null,"_oembed_3c60e98bd703e617e67f5bbb3b97424d":null,"_oembed_bb060374498dcf40cb6068efe4be87e1":null,"_oembed_d0403e1e71c3a29020bd546b159480f1":null,"_oembed_b030ff17fbbbf8661c59c2ab8ff289eb":null,"_oembed_5cec699ba0631c6c0e4ba4f6af5f228e":null,"_oembed_b06a67f278b90cf4e8dd17cb12fe67b0":null,"_oembed_8e190e4fea2256f17420434651556236":null,"_oembed_b5ded119f1337916a0fc64d2ad85c95f":null,"_oembed_d9364a7a81be31c01415da2c50a48932":null,"_oembed_738cafa36d51a58e5ae3e458aa8f7584":null,"_oembed_ebcab5184b6b321b28efbcbec079859b":null,"_oembed_3dd9e35c2b7b268070e74da5b89cf937":null,"_oembed_e14b167b493e311a1c4e2aab38a463e8":null,"_oembed_dc8f7d108b38f3f0c2e0785b8bc46cae":null,"_oembed_55cf1c5142884afed312c2666bf27520":null,"_oembed_2292333bf03a956b4b61afafeff6bca0":null,"_oembed_82a986a6b900856fec23169de03a0038":null,"_oembed_4048ded025352b83569104210074165a":null,"_oembed_033b42b1af757abc39e4487233cee7f5":null,"_oembed_aec1d50f2b159366be8e37e94b201be1":null,"_oembed_0adc8480b2fcadf9a1733f572ce3d3f8":null,"_yoast_wpseo_title":null,"_yoast_wpseo_focuskw":null,"_yoast_wpseo_linkdex":null,"_yoast_wpseo_metadesc":null,"_yoast_wpseo_wordproof_timestamp":null,"_tpl_archive_meta_key":null,"_form":null,"_mail":null,"_mail_2":null,"_messages":null,"_additional_settings":null,"_locale":null,"_wp_old_date":"2022-08-14","_edit_last":"5","_wpb_vc_js_status":"false","_yoast_wpseo_estimated-reading-time-minutes":"4","_edit_lock":"1660491181:5","_yoast_wpseo_content_score":"30","yoast_head":"<!-- This site is optimized with the Yoast SEO plugin v24.3 - https:\/\/yoast.com\/wordpress\/plugins\/seo\/ -->\n<title>Le guide complet de l\u2019am\u00e9nagement de combles perdus \u00e0 Nice 06 - La Maison naturelle | Blog<\/title>\n<meta name=\"robots\" content=\"index, follow, max-snippet:-1, max-image-preview:large, max-video-preview:-1\" \/>\n<link rel=\"canonical\" href=\"https:\/\/www.la-maison-naturelle.com\/blog\/isoler-des-combles-perdues-nest-pas-si-simple-a-nice-06\/\" \/>\n<meta property=\"og:locale\" content=\"fr_FR\" \/>\n<meta property=\"og:type\" content=\"article\" \/>\n<meta property=\"og:title\" content=\"Le guide complet de l\u2019am\u00e9nagement de combles perdus \u00e0 Nice 06 - La Maison naturelle | Blog\" \/>\n<meta property=\"og:description\" content=\"Retrouvez nos conseils et tous nos produits sur notre boutique en ligne Introduction\u00a0: qu&rsquo;est-ce qu&rsquo;un am\u00e9nagement de comble et comment fonctionne-t-elle r\u00e9ellement\u00a0? Les greniers sont g\u00e9n\u00e9ralement utilis\u00e9s comme espaces de stockage dans les maisons. Ils sont g\u00e9n\u00e9ralement petits, \u00e9troits et de forme irr\u00e9guli\u00e8re. Un am\u00e9nagement de grenier est un type de plan d&rsquo;\u00e9tage utilis\u00e9 pour [&hellip;]\" \/>\n<meta property=\"og:url\" content=\"https:\/\/www.la-maison-naturelle.com\/blog\/isoler-des-combles-perdues-nest-pas-si-simple-a-nice-06\/\" \/>\n<meta property=\"og:site_name\" content=\"La Maison naturelle | Blog\" \/>\n<meta property=\"article:published_time\" content=\"2013-08-14T15:19:30+00:00\" \/>\n<meta property=\"article:modified_time\" content=\"2022-08-14T15:35:23+00:00\" \/>\n<meta property=\"og:image\" content=\"https:\/\/www.la-maison-naturelle.com\/blog\/wp-content\/uploads\/2022\/08\/Amenager-combles-550x410-1.jpg\" \/>\n\t<meta property=\"og:image:width\" content=\"550\" \/>\n\t<meta property=\"og:image:height\" content=\"410\" \/>\n\t<meta property=\"og:image:type\" content=\"image\/jpeg\" \/>\n<meta name=\"author\" content=\"Eloise\" \/>\n<meta name=\"twitter:card\" content=\"summary_large_image\" \/>\n<meta name=\"twitter:label1\" content=\"\u00c9crit par\" \/>\n\t<meta name=\"twitter:data1\" content=\"Eloise\" \/>\n\t<meta name=\"twitter:label2\" content=\"Dur\u00e9e de lecture estim\u00e9e\" \/>\n\t<meta name=\"twitter:data2\" content=\"4 minutes\" \/>\n<script type=\"application\/ld+json\" class=\"yoast-schema-graph\">{\"@context\":\"https:\/\/schema.org\",\"@graph\":[{\"@type\":\"Article\",\"@id\":\"https:\/\/www.la-maison-naturelle.com\/blog\/isoler-des-combles-perdues-nest-pas-si-simple-a-nice-06\/#article\",\"isPartOf\":{\"@id\":\"https:\/\/www.la-maison-naturelle.com\/blog\/isoler-des-combles-perdues-nest-pas-si-simple-a-nice-06\/\"},\"author\":{\"name\":\"Eloise\",\"@id\":\"https:\/\/www.la-maison-naturelle.com\/blog\/#\/schema\/person\/cad2a9ed80410189f0688441d546d43f\"},\"headline\":\"Le guide complet de l\u2019am\u00e9nagement de combles perdus \u00e0 Nice 06\",\"datePublished\":\"2013-08-14T15:19:30+00:00\",\"dateModified\":\"2022-08-14T15:35:23+00:00\",\"mainEntityOfPage\":{\"@id\":\"https:\/\/www.la-maison-naturelle.com\/blog\/isoler-des-combles-perdues-nest-pas-si-simple-a-nice-06\/\"},\"wordCount\":937,\"commentCount\":0,\"publisher\":{\"@id\":\"https:\/\/www.la-maison-naturelle.com\/blog\/#organization\"},\"image\":{\"@id\":\"https:\/\/www.la-maison-naturelle.com\/blog\/isoler-des-combles-perdues-nest-pas-si-simple-a-nice-06\/#primaryimage\"},\"thumbnailUrl\":\"https:\/\/www.la-maison-naturelle.com\/blog\/wp-content\/uploads\/2022\/08\/Amenager-combles-550x410-1.jpg\",\"articleSection\":[\"Espace pro\"],\"inLanguage\":\"fr-FR\",\"potentialAction\":[{\"@type\":\"CommentAction\",\"name\":\"Comment\",\"target\":[\"https:\/\/www.la-maison-naturelle.com\/blog\/isoler-des-combles-perdues-nest-pas-si-simple-a-nice-06\/#respond\"]}]},{\"@type\":\"WebPage\",\"@id\":\"https:\/\/www.la-maison-naturelle.com\/blog\/isoler-des-combles-perdues-nest-pas-si-simple-a-nice-06\/\",\"url\":\"https:\/\/www.la-maison-naturelle.com\/blog\/isoler-des-combles-perdues-nest-pas-si-simple-a-nice-06\/\",\"name\":\"Le guide complet de l\u2019am\u00e9nagement de combles perdus \u00e0 Nice 06 - La Maison naturelle | Blog\",\"isPartOf\":{\"@id\":\"https:\/\/www.la-maison-naturelle.com\/blog\/#website\"},\"primaryImageOfPage\":{\"@id\":\"https:\/\/www.la-maison-naturelle.com\/blog\/isoler-des-combles-perdues-nest-pas-si-simple-a-nice-06\/#primaryimage\"},\"image\":{\"@id\":\"https:\/\/www.la-maison-naturelle.com\/blog\/isoler-des-combles-perdues-nest-pas-si-simple-a-nice-06\/#primaryimage\"},\"thumbnailUrl\":\"https:\/\/www.la-maison-naturelle.com\/blog\/wp-content\/uploads\/2022\/08\/Amenager-combles-550x410-1.jpg\",\"datePublished\":\"2013-08-14T15:19:30+00:00\",\"dateModified\":\"2022-08-14T15:35:23+00:00\",\"breadcrumb\":{\"@id\":\"https:\/\/www.la-maison-naturelle.com\/blog\/isoler-des-combles-perdues-nest-pas-si-simple-a-nice-06\/#breadcrumb\"},\"inLanguage\":\"fr-FR\",\"potentialAction\":[{\"@type\":\"ReadAction\",\"target\":[\"https:\/\/www.la-maison-naturelle.com\/blog\/isoler-des-combles-perdues-nest-pas-si-simple-a-nice-06\/\"]}]},{\"@type\":\"ImageObject\",\"inLanguage\":\"fr-FR\",\"@id\":\"https:\/\/www.la-maison-naturelle.com\/blog\/isoler-des-combles-perdues-nest-pas-si-simple-a-nice-06\/#primaryimage\",\"url\":\"https:\/\/www.la-maison-naturelle.com\/blog\/wp-content\/uploads\/2022\/08\/Amenager-combles-550x410-1.jpg\",\"contentUrl\":\"https:\/\/www.la-maison-naturelle.com\/blog\/wp-content\/uploads\/2022\/08\/Amenager-combles-550x410-1.jpg\",\"width\":550,\"height\":410},{\"@type\":\"BreadcrumbList\",\"@id\":\"https:\/\/www.la-maison-naturelle.com\/blog\/isoler-des-combles-perdues-nest-pas-si-simple-a-nice-06\/#breadcrumb\",\"itemListElement\":[{\"@type\":\"ListItem\",\"position\":1,\"name\":\"Accueil\",\"item\":\"https:\/\/www.la-maison-naturelle.com\/blog\/\"},{\"@type\":\"ListItem\",\"position\":2,\"name\":\"Le guide complet de l\u2019am\u00e9nagement de combles perdus \u00e0 Nice 06\"}]},{\"@type\":\"WebSite\",\"@id\":\"https:\/\/www.la-maison-naturelle.com\/blog\/#website\",\"url\":\"https:\/\/www.la-maison-naturelle.com\/blog\/\",\"name\":\"La Maison naturelle | Blog\",\"description\":\"Blog de la Maison naturelle\",\"publisher\":{\"@id\":\"https:\/\/www.la-maison-naturelle.com\/blog\/#organization\"},\"potentialAction\":[{\"@type\":\"SearchAction\",\"target\":{\"@type\":\"EntryPoint\",\"urlTemplate\":\"https:\/\/www.la-maison-naturelle.com\/blog\/?s={search_term_string}\"},\"query-input\":{\"@type\":\"PropertyValueSpecification\",\"valueRequired\":true,\"valueName\":\"search_term_string\"}}],\"inLanguage\":\"fr-FR\"},{\"@type\":\"Organization\",\"@id\":\"https:\/\/www.la-maison-naturelle.com\/blog\/#organization\",\"name\":\"La Maison naturelle | Blog\",\"url\":\"https:\/\/www.la-maison-naturelle.com\/blog\/\",\"logo\":{\"@type\":\"ImageObject\",\"inLanguage\":\"fr-FR\",\"@id\":\"https:\/\/www.la-maison-naturelle.com\/blog\/#\/schema\/logo\/image\/\",\"url\":\"https:\/\/www.la-maison-naturelle.com\/blog\/wp-content\/uploads\/2021\/07\/maison-naturelle-logo.svg\",\"contentUrl\":\"https:\/\/www.la-maison-naturelle.com\/blog\/wp-content\/uploads\/2021\/07\/maison-naturelle-logo.svg\",\"width\":156,\"height\":64,\"caption\":\"La Maison naturelle | Blog\"},\"image\":{\"@id\":\"https:\/\/www.la-maison-naturelle.com\/blog\/#\/schema\/logo\/image\/\"}},{\"@type\":\"Person\",\"@id\":\"https:\/\/www.la-maison-naturelle.com\/blog\/#\/schema\/person\/cad2a9ed80410189f0688441d546d43f\",\"name\":\"Eloise\",\"image\":{\"@type\":\"ImageObject\",\"inLanguage\":\"fr-FR\",\"@id\":\"https:\/\/www.la-maison-naturelle.com\/blog\/#\/schema\/person\/image\/\",\"url\":\"https:\/\/secure.gravatar.com\/avatar\/344186806f5e8613d4a2109f3b0228a847a7c0858a8023778c44bdcfc1111df9?s=96&d=mm&r=g\",\"contentUrl\":\"https:\/\/secure.gravatar.com\/avatar\/344186806f5e8613d4a2109f3b0228a847a7c0858a8023778c44bdcfc1111df9?s=96&d=mm&r=g\",\"caption\":\"Eloise\"},\"sameAs\":[\"https:\/\/www.la-maison-naturelle.com\/\"],\"url\":\"https:\/\/www.la-maison-naturelle.com\/blog\/author\/idries\/\"}]}<\/script>\n<!-- \/ Yoast SEO plugin. -->","yoast_head_json":{"title":"Le guide complet de l\u2019am\u00e9nagement de combles perdus \u00e0 Nice 06 - La Maison naturelle | Blog","robots":{"index":"index","follow":"follow","max-snippet":"max-snippet:-1","max-image-preview":"max-image-preview:large","max-video-preview":"max-video-preview:-1"},"canonical":"https:\/\/www.la-maison-naturelle.com\/blog\/isoler-des-combles-perdues-nest-pas-si-simple-a-nice-06\/","og_locale":"fr_FR","og_type":"article","og_title":"Le guide complet de l\u2019am\u00e9nagement de combles perdus \u00e0 Nice 06 - La Maison naturelle | Blog","og_description":"Retrouvez nos conseils et tous nos produits sur notre boutique en ligne Introduction\u00a0: qu&rsquo;est-ce qu&rsquo;un am\u00e9nagement de comble et comment fonctionne-t-elle r\u00e9ellement\u00a0? Les greniers sont g\u00e9n\u00e9ralement utilis\u00e9s comme espaces de stockage dans les maisons. Ils sont g\u00e9n\u00e9ralement petits, \u00e9troits et de forme irr\u00e9guli\u00e8re. Un am\u00e9nagement de grenier est un type de plan d&rsquo;\u00e9tage utilis\u00e9 pour [&hellip;]","og_url":"https:\/\/www.la-maison-naturelle.com\/blog\/isoler-des-combles-perdues-nest-pas-si-simple-a-nice-06\/","og_site_name":"La Maison naturelle | Blog","article_published_time":"2013-08-14T15:19:30+00:00","article_modified_time":"2022-08-14T15:35:23+00:00","og_image":[{"width":550,"height":410,"url":"https:\/\/www.la-maison-naturelle.com\/blog\/wp-content\/uploads\/2022\/08\/Amenager-combles-550x410-1.jpg","type":"image\/jpeg"}],"author":"Eloise","twitter_card":"summary_large_image","twitter_misc":{"\u00c9crit par":"Eloise","Dur\u00e9e de lecture estim\u00e9e":"4 minutes"},"schema":{"@context":"https:\/\/schema.org","@graph":[{"@type":"Article","@id":"https:\/\/www.la-maison-naturelle.com\/blog\/isoler-des-combles-perdues-nest-pas-si-simple-a-nice-06\/#article","isPartOf":{"@id":"https:\/\/www.la-maison-naturelle.com\/blog\/isoler-des-combles-perdues-nest-pas-si-simple-a-nice-06\/"},"author":{"name":"Eloise","@id":"https:\/\/www.la-maison-naturelle.com\/blog\/#\/schema\/person\/cad2a9ed80410189f0688441d546d43f"},"headline":"Le guide complet de l\u2019am\u00e9nagement de combles perdus \u00e0 Nice 06","datePublished":"2013-08-14T15:19:30+00:00","dateModified":"2022-08-14T15:35:23+00:00","mainEntityOfPage":{"@id":"https:\/\/www.la-maison-naturelle.com\/blog\/isoler-des-combles-perdues-nest-pas-si-simple-a-nice-06\/"},"wordCount":937,"commentCount":0,"publisher":{"@id":"https:\/\/www.la-maison-naturelle.com\/blog\/#organization"},"image":{"@id":"https:\/\/www.la-maison-naturelle.com\/blog\/isoler-des-combles-perdues-nest-pas-si-simple-a-nice-06\/#primaryimage"},"thumbnailUrl":"https:\/\/www.la-maison-naturelle.com\/blog\/wp-content\/uploads\/2022\/08\/Amenager-combles-550x410-1.jpg","articleSection":["Espace pro"],"inLanguage":"fr-FR","potentialAction":[{"@type":"CommentAction","name":"Comment","target":["https:\/\/www.la-maison-naturelle.com\/blog\/isoler-des-combles-perdues-nest-pas-si-simple-a-nice-06\/#respond"]}]},{"@type":"WebPage","@id":"https:\/\/www.la-maison-naturelle.com\/blog\/isoler-des-combles-perdues-nest-pas-si-simple-a-nice-06\/","url":"https:\/\/www.la-maison-naturelle.com\/blog\/isoler-des-combles-perdues-nest-pas-si-simple-a-nice-06\/","name":"Le guide complet de l\u2019am\u00e9nagement de combles perdus \u00e0 Nice 06 - La Maison naturelle | Blog","isPartOf":{"@id":"https:\/\/www.la-maison-naturelle.com\/blog\/#website"},"primaryImageOfPage":{"@id":"https:\/\/www.la-maison-naturelle.com\/blog\/isoler-des-combles-perdues-nest-pas-si-simple-a-nice-06\/#primaryimage"},"image":{"@id":"https:\/\/www.la-maison-naturelle.com\/blog\/isoler-des-combles-perdues-nest-pas-si-simple-a-nice-06\/#primaryimage"},"thumbnailUrl":"https:\/\/www.la-maison-naturelle.com\/blog\/wp-content\/uploads\/2022\/08\/Amenager-combles-550x410-1.jpg","datePublished":"2013-08-14T15:19:30+00:00","dateModified":"2022-08-14T15:35:23+00:00","breadcrumb":{"@id":"https:\/\/www.la-maison-naturelle.com\/blog\/isoler-des-combles-perdues-nest-pas-si-simple-a-nice-06\/#breadcrumb"},"inLanguage":"fr-FR","potentialAction":[{"@type":"ReadAction","target":["https:\/\/www.la-maison-naturelle.com\/blog\/isoler-des-combles-perdues-nest-pas-si-simple-a-nice-06\/"]}]},{"@type":"ImageObject","inLanguage":"fr-FR","@id":"https:\/\/www.la-maison-naturelle.com\/blog\/isoler-des-combles-perdues-nest-pas-si-simple-a-nice-06\/#primaryimage","url":"https:\/\/www.la-maison-naturelle.com\/blog\/wp-content\/uploads\/2022\/08\/Amenager-combles-550x410-1.jpg","contentUrl":"https:\/\/www.la-maison-naturelle.com\/blog\/wp-content\/uploads\/2022\/08\/Amenager-combles-550x410-1.jpg","width":550,"height":410},{"@type":"BreadcrumbList","@id":"https:\/\/www.la-maison-naturelle.com\/blog\/isoler-des-combles-perdues-nest-pas-si-simple-a-nice-06\/#breadcrumb","itemListElement":[{"@type":"ListItem","position":1,"name":"Accueil","item":"https:\/\/www.la-maison-naturelle.com\/blog\/"},{"@type":"ListItem","position":2,"name":"Le guide complet de l\u2019am\u00e9nagement de combles perdus \u00e0 Nice 06"}]},{"@type":"WebSite","@id":"https:\/\/www.la-maison-naturelle.com\/blog\/#website","url":"https:\/\/www.la-maison-naturelle.com\/blog\/","name":"La Maison naturelle | Blog","description":"Blog de la Maison naturelle","publisher":{"@id":"https:\/\/www.la-maison-naturelle.com\/blog\/#organization"},"potentialAction":[{"@type":"SearchAction","target":{"@type":"EntryPoint","urlTemplate":"https:\/\/www.la-maison-naturelle.com\/blog\/?s={search_term_string}"},"query-input":{"@type":"PropertyValueSpecification","valueRequired":true,"valueName":"search_term_string"}}],"inLanguage":"fr-FR"},{"@type":"Organization","@id":"https:\/\/www.la-maison-naturelle.com\/blog\/#organization","name":"La Maison naturelle | Blog","url":"https:\/\/www.la-maison-naturelle.com\/blog\/","logo":{"@type":"ImageObject","inLanguage":"fr-FR","@id":"https:\/\/www.la-maison-naturelle.com\/blog\/#\/schema\/logo\/image\/","url":"https:\/\/www.la-maison-naturelle.com\/blog\/wp-content\/uploads\/2021\/07\/maison-naturelle-logo.svg","contentUrl":"https:\/\/www.la-maison-naturelle.com\/blog\/wp-content\/uploads\/2021\/07\/maison-naturelle-logo.svg","width":156,"height":64,"caption":"La Maison naturelle | Blog"},"image":{"@id":"https:\/\/www.la-maison-naturelle.com\/blog\/#\/schema\/logo\/image\/"}},{"@type":"Person","@id":"https:\/\/www.la-maison-naturelle.com\/blog\/#\/schema\/person\/cad2a9ed80410189f0688441d546d43f","name":"Eloise","image":{"@type":"ImageObject","inLanguage":"fr-FR","@id":"https:\/\/www.la-maison-naturelle.com\/blog\/#\/schema\/person\/image\/","url":"https:\/\/secure.gravatar.com\/avatar\/344186806f5e8613d4a2109f3b0228a847a7c0858a8023778c44bdcfc1111df9?s=96&d=mm&r=g","contentUrl":"https:\/\/secure.gravatar.com\/avatar\/344186806f5e8613d4a2109f3b0228a847a7c0858a8023778c44bdcfc1111df9?s=96&d=mm&r=g","caption":"Eloise"},"sameAs":["https:\/\/www.la-maison-naturelle.com\/"],"url":"https:\/\/www.la-maison-naturelle.com\/blog\/author\/idries\/"}]}},"_links":{"self":[{"href":"https:\/\/www.la-maison-naturelle.com\/blog\/wp-json\/wp\/v2\/posts\/1221","targetHints":{"allow":["GET"]}}],"collection":[{"href":"https:\/\/www.la-maison-naturelle.com\/blog\/wp-json\/wp\/v2\/posts"}],"about":[{"href":"https:\/\/www.la-maison-naturelle.com\/blog\/wp-json\/wp\/v2\/types\/post"}],"author":[{"embeddable":true,"href":"https:\/\/www.la-maison-naturelle.com\/blog\/wp-json\/wp\/v2\/users\/5"}],"replies":[{"embeddable":true,"href":"https:\/\/www.la-maison-naturelle.com\/blog\/wp-json\/wp\/v2\/comments?post=1221"}],"version-history":[{"count":5,"href":"https:\/\/www.la-maison-naturelle.com\/blog\/wp-json\/wp\/v2\/posts\/1221\/revisions"}],"predecessor-version":[{"id":3557,"href":"https:\/\/www.la-maison-naturelle.com\/blog\/wp-json\/wp\/v2\/posts\/1221\/revisions\/3557"}],"wp:featuredmedia":[{"embeddable":true,"href":"https:\/\/www.la-maison-naturelle.com\/blog\/wp-json\/wp\/v2\/media\/3549"}],"wp:attachment":[{"href":"https:\/\/www.la-maison-naturelle.com\/blog\/wp-json\/wp\/v2\/media?parent=1221"}],"wp:term":[{"taxonomy":"category","embeddable":true,"href":"https:\/\/www.la-maison-naturelle.com\/blog\/wp-json\/wp\/v2\/categories?post=1221"},{"taxonomy":"post_tag","embeddable":true,"href":"https:\/\/www.la-maison-naturelle.com\/blog\/wp-json\/wp\/v2\/tags?post=1221"}],"curies":[{"name":"wp","href":"https:\/\/api.w.org\/{rel}","templated":true}]}}