{"id":1102,"date":"2018-05-20T12:03:40","date_gmt":"2018-05-20T10:03:40","guid":{"rendered":"https:\/\/www.la-maison-naturelle.com\/blog\/?p=1102"},"modified":"2023-08-03T22:39:05","modified_gmt":"2023-08-03T20:39:05","slug":"mie-dispositif-feebat-la-convention-signee-pour-former-25000-pros","status":"publish","type":"post","link":"https:\/\/www.la-maison-naturelle.com\/blog\/mie-dispositif-feebat-la-convention-signee-pour-former-25000-pros\/","title":{"rendered":"Dispositif Feebat : la convention sign\u00e9e pour former 25000 pros"},"content":{"rendered":"<p>Parce que les professionnels sont les premiers interlocuteurs des m\u00e9nages sur les travaux d\u2019\u00e9conomie d\u2019\u00e9nergie, ils devront \u00eatre en mesure de les conseiller et de leur proposer des solutions performantes en mati\u00e8re d\u2019am\u00e9lioration \u00e9nerg\u00e9tique. Pour y arriver, ils devront \u00eatre suffisamment form\u00e9s. C\u2019est dans ce contexte qu\u2019est n\u00e9 le dispositif Fee Bat ou Formation des Professionnels du B\u00e2timent aux Economies d\u2019Energie.<\/p>\n<h2>La Fee Bat, d\u00e9cryptage !<\/h2>\n<p>N\u00e9e en 2008, la Fee Bat ou Formation des Professionnels du B\u00e2timent aux Economies d\u2019Energie est un programme de formation destin\u00e9 aux professionnels du b\u00e2timent, entreprises et artisans inclus, ainsi qu\u2019aux professionnels de la ma\u00eetrise d\u2019\u0153uvre. Cette convention vise \u00e0 syst\u00e9matiser la prise en compte de l\u2019environnement et de l\u2019\u00e9conomie d\u2019\u00e9nergie dans les travaux de r\u00e9novation et \u00e0 assurer la qualit\u00e9 des travaux r\u00e9alis\u00e9s. Elle consiste \u00e0 accompagner les acteurs concern\u00e9s dans la mise en \u0153uvre des solutions d\u2019\u00e9conomie d\u2019\u00e9nergie et \u00e0 les aider \u00e0 mieux s\u2019adapter aux \u00e9volutions de la r\u00e8glementation dans ce domaine. La formation donne entre autres les connaissances n\u00e9cessaires, mais \u00e9galement les outils permettant de r\u00e9aliser une analyse de la performance \u00e9nerg\u00e9tique globale que ce soit en neuf ou en r\u00e9novation et de mettre en \u0153uvre des solutions adapt\u00e9es et efficaces pour chaque cas. Les domaines concern\u00e9s sont entre autres les \u00e9quipements, les \u00e9nergies renouvelables, l\u2019isolation, etc.<\/p>\n<h2>Pour quel public ?<\/h2>\n<p>Depuis 2008, la Fee Bat est un dispositif qui n\u2019arr\u00eate pas d\u2019avancer. Si \u00e0 sa cr\u00e9ation, elle a mobilis\u00e9 une centaine d\u2019organismes de formation habilit\u00e9s, aujourd\u2019hui le public qui peut ou qui souhaite b\u00e9n\u00e9ficier de la formation s\u2019\u00e9largit de plus en plus. Le 24 juin 2010, une convention a \u00e9t\u00e9 sign\u00e9e entre le Minist\u00e8re, la FFB, l\u2019ADEME, l\u2019EDF, la CAPEB et l\u2019ATEE pour synchroniser le dispositif avec les objectifs du Grenelle de l\u2019Environnement, soit atteindre l\u2019objectif de 120000 professionnels form\u00e9s. Dans cet angle, la convention s\u2019est donn\u00e9e pour objectif de former chaque ann\u00e9e 25 000 professionnels du b\u00e2timent aux \u00e9conomies d\u2019\u00e9nergie, et ce, jusqu\u2019en 2017. Pour y arriver, la formation s\u2019est \u00e9largie aux f\u00e9d\u00e9rations professionnelles de n\u00e9goce dont la FNAS, la FGME et la FNBM en 2011. En 2012, les professionnels de la ma\u00eetrise d\u2019\u0153uvre ont aussi commenc\u00e9 \u00e0 s\u2019int\u00e9grer dans le dispositif. La m\u00eame ann\u00e9e, le dispositif s\u2019est inscrit dans le dispositif de certificats d\u2019\u00e9conomies d\u2019\u00e9nergie. Il devient d\u00e8s lors un Programme du Minist\u00e8re. Il est cofinanc\u00e9 par l\u2019EDF \u00e0 raison de 50 millions d\u2019euros et par les fonds d\u2019assurances formations des branches professionnelels.<\/p>\n<h2>La Fee Bat reconduite<\/h2>\n<p>Le dispositif Fee Bat vient d\u2019\u00eatre reconduit \u00e0 la suite de la signature de la convention par les ministres du Logement et de l\u2019Ecologie, Sylvia Pinel et S\u00e9gol\u00e8ne Royal. Le but de ce prolongement de la formation est d\u2019acc\u00e9l\u00e9rer les travaux d\u2019\u00e9conomie d\u2019\u00e9nergie aussi bien dans le secteur des b\u00e2timents r\u00e9sidentiels que dans celui des b\u00e2timents tertiaires. L\u2019objectif est d\u2019atteindre les 500 000 logements r\u00e9nov\u00e9s d\u2019ici 2017 et de r\u00e9duire de 38% la consommation \u00e9nerg\u00e9tique dans ce secteur tr\u00e8s \u00e9nergivore d\u2019ici 2020. Un autre objectif de la reconduction du dispositif Fee Bat est d\u2019accompagner l\u2019entr\u00e9e en vigueur de l\u2019\u00e9co-conditionnalit\u00e9 le 1er juillet 2014. En effet, depuis cette date, seules les entreprises ou artisans ayant re\u00e7u la qualit\u00e9 RGE sont en mesure de r\u00e9aliser des travaux financ\u00e9s par le cr\u00e9dit d\u2019imp\u00f4t d\u00e9veloppement durable et l\u2019\u00e9co-PTZ.<\/p>\n","protected":false},"excerpt":{"rendered":"<p>Parce que les professionnels sont les premiers interlocuteurs des m\u00e9nages sur les travaux d\u2019\u00e9conomie d\u2019\u00e9nergie, ils devront \u00eatre en mesure de les conseiller et de leur proposer des solutions performantes en mati\u00e8re d\u2019am\u00e9lioration \u00e9nerg\u00e9tique. Pour y arriver, ils devront \u00eatre suffisamment form\u00e9s. C\u2019est dans ce contexte qu\u2019est n\u00e9 le dispositif Fee Bat ou Formation des [&hellip;]<\/p>\n","protected":false},"author":5,"featured_media":0,"comment_status":"open","ping_status":"open","sticky":false,"template":"","format":"standard","meta":{"footnotes":""},"categories":[6],"tags":[],"class_list":["post-1102","post","type-post","status-publish","format-standard","hentry","category-les-dossiers"],"_wp_attached_file":null,"_wp_attachment_metadata":null,"_wp_attachment_context":null,"_wp_attachment_image_alt":null,"_hf_settings":null,"hf_message_success":null,"hf_message_invalid_email":null,"hf_message_required_field_missing":null,"hf_message_error":null,"_menu_item_type":null,"_menu_item_menu_item_parent":null,"_menu_item_object_id":null,"_menu_item_object":null,"_menu_item_target":null,"_menu_item_classes":null,"_menu_item_xfn":null,"_menu_item_url":null,"_yoast_wpseo_primary_category":"6","_thumbnail_id":null,"_oembed_26d84b2c06432105b0a19987ae029a71":null,"_oembed_43e9e2dfde1b9b4ed91c9711026b7ef9":null,"_oembed_1fe1564764edbddc3b61e81acf52be88":null,"_oembed_df60f474cd845141e7ce6596d101e4a0":null,"_oembed_825e674795e2435c0bc66eb08e5d2c8b":null,"_oembed_time_825e674795e2435c0bc66eb08e5d2c8b":null,"_oembed_e917352ff4cc21ea91383201eeaa08cf":null,"_oembed_2363c16c972791c33e283320dc564fce":null,"_oembed_cc9ad5b5073a84776f6a62e33e6c7498":null,"_oembed_time_cc9ad5b5073a84776f6a62e33e6c7498":null,"_oembed_305147fcf4b856de518466e695c209cd":null,"_oembed_8517a877084ae01a5296813ee1d16a2b":null,"_oembed_2741f1556b243e68379198f98ba7f864":null,"_oembed_c3ffa24981451396c950ece2129da0f6":null,"_oembed_6f9091ebe2f3f5fcb5698ba6f4b41477":null,"_wp_old_slug":null,"_oembed_e4fb0f68ba12b85e9e231afe151ba12a":null,"_oembed_3c60e98bd703e617e67f5bbb3b97424d":null,"_oembed_bb060374498dcf40cb6068efe4be87e1":null,"_oembed_d0403e1e71c3a29020bd546b159480f1":null,"_oembed_b030ff17fbbbf8661c59c2ab8ff289eb":null,"_oembed_5cec699ba0631c6c0e4ba4f6af5f228e":null,"_oembed_b06a67f278b90cf4e8dd17cb12fe67b0":null,"_oembed_8e190e4fea2256f17420434651556236":null,"_oembed_b5ded119f1337916a0fc64d2ad85c95f":null,"_oembed_d9364a7a81be31c01415da2c50a48932":null,"_oembed_738cafa36d51a58e5ae3e458aa8f7584":null,"_oembed_ebcab5184b6b321b28efbcbec079859b":null,"_oembed_3dd9e35c2b7b268070e74da5b89cf937":null,"_oembed_e14b167b493e311a1c4e2aab38a463e8":null,"_oembed_dc8f7d108b38f3f0c2e0785b8bc46cae":null,"_oembed_55cf1c5142884afed312c2666bf27520":null,"_oembed_2292333bf03a956b4b61afafeff6bca0":null,"_oembed_82a986a6b900856fec23169de03a0038":null,"_oembed_4048ded025352b83569104210074165a":null,"_oembed_033b42b1af757abc39e4487233cee7f5":null,"_oembed_aec1d50f2b159366be8e37e94b201be1":null,"_oembed_0adc8480b2fcadf9a1733f572ce3d3f8":null,"_yoast_wpseo_title":null,"_yoast_wpseo_focuskw":null,"_yoast_wpseo_linkdex":null,"_yoast_wpseo_metadesc":null,"_yoast_wpseo_wordproof_timestamp":null,"_tpl_archive_meta_key":null,"_form":null,"_mail":null,"_mail_2":null,"_messages":null,"_additional_settings":null,"_locale":null,"_wp_old_date":null,"_edit_last":"5","_wpb_vc_js_status":"false","_yoast_wpseo_estimated-reading-time-minutes":"3","_edit_lock":"1691095146:5","_yoast_wpseo_content_score":"30","yoast_head":"<!-- This site is optimized with the Yoast SEO plugin v24.3 - https:\/\/yoast.com\/wordpress\/plugins\/seo\/ -->\n<title>Dispositif Feebat : la convention sign\u00e9e pour former 25000 pros - La Maison naturelle | Blog<\/title>\n<meta name=\"robots\" content=\"index, follow, max-snippet:-1, max-image-preview:large, max-video-preview:-1\" \/>\n<link rel=\"canonical\" href=\"https:\/\/www.la-maison-naturelle.com\/blog\/mie-dispositif-feebat-la-convention-signee-pour-former-25000-pros\/\" \/>\n<meta property=\"og:locale\" content=\"fr_FR\" \/>\n<meta property=\"og:type\" content=\"article\" \/>\n<meta property=\"og:title\" content=\"Dispositif Feebat : la convention sign\u00e9e pour former 25000 pros - La Maison naturelle | Blog\" \/>\n<meta property=\"og:description\" content=\"Parce que les professionnels sont les premiers interlocuteurs des m\u00e9nages sur les travaux d\u2019\u00e9conomie d\u2019\u00e9nergie, ils devront \u00eatre en mesure de les conseiller et de leur proposer des solutions performantes en mati\u00e8re d\u2019am\u00e9lioration \u00e9nerg\u00e9tique. Pour y arriver, ils devront \u00eatre suffisamment form\u00e9s. C\u2019est dans ce contexte qu\u2019est n\u00e9 le dispositif Fee Bat ou Formation des [&hellip;]\" \/>\n<meta property=\"og:url\" content=\"https:\/\/www.la-maison-naturelle.com\/blog\/mie-dispositif-feebat-la-convention-signee-pour-former-25000-pros\/\" \/>\n<meta property=\"og:site_name\" content=\"La Maison naturelle | Blog\" \/>\n<meta property=\"article:published_time\" content=\"2018-05-20T10:03:40+00:00\" \/>\n<meta property=\"article:modified_time\" content=\"2023-08-03T20:39:05+00:00\" \/>\n<meta name=\"author\" content=\"Eloise\" \/>\n<meta name=\"twitter:card\" content=\"summary_large_image\" \/>\n<meta name=\"twitter:label1\" content=\"\u00c9crit par\" \/>\n\t<meta name=\"twitter:data1\" content=\"Eloise\" \/>\n\t<meta name=\"twitter:label2\" content=\"Dur\u00e9e de lecture estim\u00e9e\" \/>\n\t<meta name=\"twitter:data2\" content=\"3 minutes\" \/>\n<script type=\"application\/ld+json\" class=\"yoast-schema-graph\">{\"@context\":\"https:\/\/schema.org\",\"@graph\":[{\"@type\":\"Article\",\"@id\":\"https:\/\/www.la-maison-naturelle.com\/blog\/mie-dispositif-feebat-la-convention-signee-pour-former-25000-pros\/#article\",\"isPartOf\":{\"@id\":\"https:\/\/www.la-maison-naturelle.com\/blog\/mie-dispositif-feebat-la-convention-signee-pour-former-25000-pros\/\"},\"author\":{\"name\":\"Eloise\",\"@id\":\"https:\/\/www.la-maison-naturelle.com\/blog\/#\/schema\/person\/cad2a9ed80410189f0688441d546d43f\"},\"headline\":\"Dispositif Feebat : la convention sign\u00e9e pour former 25000 pros\",\"datePublished\":\"2018-05-20T10:03:40+00:00\",\"dateModified\":\"2023-08-03T20:39:05+00:00\",\"mainEntityOfPage\":{\"@id\":\"https:\/\/www.la-maison-naturelle.com\/blog\/mie-dispositif-feebat-la-convention-signee-pour-former-25000-pros\/\"},\"wordCount\":639,\"commentCount\":0,\"publisher\":{\"@id\":\"https:\/\/www.la-maison-naturelle.com\/blog\/#organization\"},\"articleSection\":[\"Les dossiers\"],\"inLanguage\":\"fr-FR\",\"potentialAction\":[{\"@type\":\"CommentAction\",\"name\":\"Comment\",\"target\":[\"https:\/\/www.la-maison-naturelle.com\/blog\/mie-dispositif-feebat-la-convention-signee-pour-former-25000-pros\/#respond\"]}]},{\"@type\":\"WebPage\",\"@id\":\"https:\/\/www.la-maison-naturelle.com\/blog\/mie-dispositif-feebat-la-convention-signee-pour-former-25000-pros\/\",\"url\":\"https:\/\/www.la-maison-naturelle.com\/blog\/mie-dispositif-feebat-la-convention-signee-pour-former-25000-pros\/\",\"name\":\"Dispositif Feebat : la convention sign\u00e9e pour former 25000 pros - La Maison naturelle | Blog\",\"isPartOf\":{\"@id\":\"https:\/\/www.la-maison-naturelle.com\/blog\/#website\"},\"datePublished\":\"2018-05-20T10:03:40+00:00\",\"dateModified\":\"2023-08-03T20:39:05+00:00\",\"breadcrumb\":{\"@id\":\"https:\/\/www.la-maison-naturelle.com\/blog\/mie-dispositif-feebat-la-convention-signee-pour-former-25000-pros\/#breadcrumb\"},\"inLanguage\":\"fr-FR\",\"potentialAction\":[{\"@type\":\"ReadAction\",\"target\":[\"https:\/\/www.la-maison-naturelle.com\/blog\/mie-dispositif-feebat-la-convention-signee-pour-former-25000-pros\/\"]}]},{\"@type\":\"BreadcrumbList\",\"@id\":\"https:\/\/www.la-maison-naturelle.com\/blog\/mie-dispositif-feebat-la-convention-signee-pour-former-25000-pros\/#breadcrumb\",\"itemListElement\":[{\"@type\":\"ListItem\",\"position\":1,\"name\":\"Accueil\",\"item\":\"https:\/\/www.la-maison-naturelle.com\/blog\/\"},{\"@type\":\"ListItem\",\"position\":2,\"name\":\"Dispositif Feebat : la convention sign\u00e9e pour former 25000 pros\"}]},{\"@type\":\"WebSite\",\"@id\":\"https:\/\/www.la-maison-naturelle.com\/blog\/#website\",\"url\":\"https:\/\/www.la-maison-naturelle.com\/blog\/\",\"name\":\"La Maison naturelle | Blog\",\"description\":\"Blog de la Maison naturelle\",\"publisher\":{\"@id\":\"https:\/\/www.la-maison-naturelle.com\/blog\/#organization\"},\"potentialAction\":[{\"@type\":\"SearchAction\",\"target\":{\"@type\":\"EntryPoint\",\"urlTemplate\":\"https:\/\/www.la-maison-naturelle.com\/blog\/?s={search_term_string}\"},\"query-input\":{\"@type\":\"PropertyValueSpecification\",\"valueRequired\":true,\"valueName\":\"search_term_string\"}}],\"inLanguage\":\"fr-FR\"},{\"@type\":\"Organization\",\"@id\":\"https:\/\/www.la-maison-naturelle.com\/blog\/#organization\",\"name\":\"La Maison naturelle | Blog\",\"url\":\"https:\/\/www.la-maison-naturelle.com\/blog\/\",\"logo\":{\"@type\":\"ImageObject\",\"inLanguage\":\"fr-FR\",\"@id\":\"https:\/\/www.la-maison-naturelle.com\/blog\/#\/schema\/logo\/image\/\",\"url\":\"https:\/\/www.la-maison-naturelle.com\/blog\/wp-content\/uploads\/2021\/07\/maison-naturelle-logo.svg\",\"contentUrl\":\"https:\/\/www.la-maison-naturelle.com\/blog\/wp-content\/uploads\/2021\/07\/maison-naturelle-logo.svg\",\"width\":156,\"height\":64,\"caption\":\"La Maison naturelle | Blog\"},\"image\":{\"@id\":\"https:\/\/www.la-maison-naturelle.com\/blog\/#\/schema\/logo\/image\/\"}},{\"@type\":\"Person\",\"@id\":\"https:\/\/www.la-maison-naturelle.com\/blog\/#\/schema\/person\/cad2a9ed80410189f0688441d546d43f\",\"name\":\"Eloise\",\"image\":{\"@type\":\"ImageObject\",\"inLanguage\":\"fr-FR\",\"@id\":\"https:\/\/www.la-maison-naturelle.com\/blog\/#\/schema\/person\/image\/\",\"url\":\"https:\/\/secure.gravatar.com\/avatar\/344186806f5e8613d4a2109f3b0228a847a7c0858a8023778c44bdcfc1111df9?s=96&d=mm&r=g\",\"contentUrl\":\"https:\/\/secure.gravatar.com\/avatar\/344186806f5e8613d4a2109f3b0228a847a7c0858a8023778c44bdcfc1111df9?s=96&d=mm&r=g\",\"caption\":\"Eloise\"},\"sameAs\":[\"https:\/\/www.la-maison-naturelle.com\/\"],\"url\":\"https:\/\/www.la-maison-naturelle.com\/blog\/author\/idries\/\"}]}<\/script>\n<!-- \/ Yoast SEO plugin. -->","yoast_head_json":{"title":"Dispositif Feebat : la convention sign\u00e9e pour former 25000 pros - La Maison naturelle | Blog","robots":{"index":"index","follow":"follow","max-snippet":"max-snippet:-1","max-image-preview":"max-image-preview:large","max-video-preview":"max-video-preview:-1"},"canonical":"https:\/\/www.la-maison-naturelle.com\/blog\/mie-dispositif-feebat-la-convention-signee-pour-former-25000-pros\/","og_locale":"fr_FR","og_type":"article","og_title":"Dispositif Feebat : la convention sign\u00e9e pour former 25000 pros - La Maison naturelle | Blog","og_description":"Parce que les professionnels sont les premiers interlocuteurs des m\u00e9nages sur les travaux d\u2019\u00e9conomie d\u2019\u00e9nergie, ils devront \u00eatre en mesure de les conseiller et de leur proposer des solutions performantes en mati\u00e8re d\u2019am\u00e9lioration \u00e9nerg\u00e9tique. Pour y arriver, ils devront \u00eatre suffisamment form\u00e9s. C\u2019est dans ce contexte qu\u2019est n\u00e9 le dispositif Fee Bat ou Formation des [&hellip;]","og_url":"https:\/\/www.la-maison-naturelle.com\/blog\/mie-dispositif-feebat-la-convention-signee-pour-former-25000-pros\/","og_site_name":"La Maison naturelle | Blog","article_published_time":"2018-05-20T10:03:40+00:00","article_modified_time":"2023-08-03T20:39:05+00:00","author":"Eloise","twitter_card":"summary_large_image","twitter_misc":{"\u00c9crit par":"Eloise","Dur\u00e9e de lecture estim\u00e9e":"3 minutes"},"schema":{"@context":"https:\/\/schema.org","@graph":[{"@type":"Article","@id":"https:\/\/www.la-maison-naturelle.com\/blog\/mie-dispositif-feebat-la-convention-signee-pour-former-25000-pros\/#article","isPartOf":{"@id":"https:\/\/www.la-maison-naturelle.com\/blog\/mie-dispositif-feebat-la-convention-signee-pour-former-25000-pros\/"},"author":{"name":"Eloise","@id":"https:\/\/www.la-maison-naturelle.com\/blog\/#\/schema\/person\/cad2a9ed80410189f0688441d546d43f"},"headline":"Dispositif Feebat : la convention sign\u00e9e pour former 25000 pros","datePublished":"2018-05-20T10:03:40+00:00","dateModified":"2023-08-03T20:39:05+00:00","mainEntityOfPage":{"@id":"https:\/\/www.la-maison-naturelle.com\/blog\/mie-dispositif-feebat-la-convention-signee-pour-former-25000-pros\/"},"wordCount":639,"commentCount":0,"publisher":{"@id":"https:\/\/www.la-maison-naturelle.com\/blog\/#organization"},"articleSection":["Les dossiers"],"inLanguage":"fr-FR","potentialAction":[{"@type":"CommentAction","name":"Comment","target":["https:\/\/www.la-maison-naturelle.com\/blog\/mie-dispositif-feebat-la-convention-signee-pour-former-25000-pros\/#respond"]}]},{"@type":"WebPage","@id":"https:\/\/www.la-maison-naturelle.com\/blog\/mie-dispositif-feebat-la-convention-signee-pour-former-25000-pros\/","url":"https:\/\/www.la-maison-naturelle.com\/blog\/mie-dispositif-feebat-la-convention-signee-pour-former-25000-pros\/","name":"Dispositif Feebat : la convention sign\u00e9e pour former 25000 pros - La Maison naturelle | Blog","isPartOf":{"@id":"https:\/\/www.la-maison-naturelle.com\/blog\/#website"},"datePublished":"2018-05-20T10:03:40+00:00","dateModified":"2023-08-03T20:39:05+00:00","breadcrumb":{"@id":"https:\/\/www.la-maison-naturelle.com\/blog\/mie-dispositif-feebat-la-convention-signee-pour-former-25000-pros\/#breadcrumb"},"inLanguage":"fr-FR","potentialAction":[{"@type":"ReadAction","target":["https:\/\/www.la-maison-naturelle.com\/blog\/mie-dispositif-feebat-la-convention-signee-pour-former-25000-pros\/"]}]},{"@type":"BreadcrumbList","@id":"https:\/\/www.la-maison-naturelle.com\/blog\/mie-dispositif-feebat-la-convention-signee-pour-former-25000-pros\/#breadcrumb","itemListElement":[{"@type":"ListItem","position":1,"name":"Accueil","item":"https:\/\/www.la-maison-naturelle.com\/blog\/"},{"@type":"ListItem","position":2,"name":"Dispositif Feebat : la convention sign\u00e9e pour former 25000 pros"}]},{"@type":"WebSite","@id":"https:\/\/www.la-maison-naturelle.com\/blog\/#website","url":"https:\/\/www.la-maison-naturelle.com\/blog\/","name":"La Maison naturelle | Blog","description":"Blog de la Maison naturelle","publisher":{"@id":"https:\/\/www.la-maison-naturelle.com\/blog\/#organization"},"potentialAction":[{"@type":"SearchAction","target":{"@type":"EntryPoint","urlTemplate":"https:\/\/www.la-maison-naturelle.com\/blog\/?s={search_term_string}"},"query-input":{"@type":"PropertyValueSpecification","valueRequired":true,"valueName":"search_term_string"}}],"inLanguage":"fr-FR"},{"@type":"Organization","@id":"https:\/\/www.la-maison-naturelle.com\/blog\/#organization","name":"La Maison naturelle | Blog","url":"https:\/\/www.la-maison-naturelle.com\/blog\/","logo":{"@type":"ImageObject","inLanguage":"fr-FR","@id":"https:\/\/www.la-maison-naturelle.com\/blog\/#\/schema\/logo\/image\/","url":"https:\/\/www.la-maison-naturelle.com\/blog\/wp-content\/uploads\/2021\/07\/maison-naturelle-logo.svg","contentUrl":"https:\/\/www.la-maison-naturelle.com\/blog\/wp-content\/uploads\/2021\/07\/maison-naturelle-logo.svg","width":156,"height":64,"caption":"La Maison naturelle | Blog"},"image":{"@id":"https:\/\/www.la-maison-naturelle.com\/blog\/#\/schema\/logo\/image\/"}},{"@type":"Person","@id":"https:\/\/www.la-maison-naturelle.com\/blog\/#\/schema\/person\/cad2a9ed80410189f0688441d546d43f","name":"Eloise","image":{"@type":"ImageObject","inLanguage":"fr-FR","@id":"https:\/\/www.la-maison-naturelle.com\/blog\/#\/schema\/person\/image\/","url":"https:\/\/secure.gravatar.com\/avatar\/344186806f5e8613d4a2109f3b0228a847a7c0858a8023778c44bdcfc1111df9?s=96&d=mm&r=g","contentUrl":"https:\/\/secure.gravatar.com\/avatar\/344186806f5e8613d4a2109f3b0228a847a7c0858a8023778c44bdcfc1111df9?s=96&d=mm&r=g","caption":"Eloise"},"sameAs":["https:\/\/www.la-maison-naturelle.com\/"],"url":"https:\/\/www.la-maison-naturelle.com\/blog\/author\/idries\/"}]}},"_links":{"self":[{"href":"https:\/\/www.la-maison-naturelle.com\/blog\/wp-json\/wp\/v2\/posts\/1102","targetHints":{"allow":["GET"]}}],"collection":[{"href":"https:\/\/www.la-maison-naturelle.com\/blog\/wp-json\/wp\/v2\/posts"}],"about":[{"href":"https:\/\/www.la-maison-naturelle.com\/blog\/wp-json\/wp\/v2\/types\/post"}],"author":[{"embeddable":true,"href":"https:\/\/www.la-maison-naturelle.com\/blog\/wp-json\/wp\/v2\/users\/5"}],"replies":[{"embeddable":true,"href":"https:\/\/www.la-maison-naturelle.com\/blog\/wp-json\/wp\/v2\/comments?post=1102"}],"version-history":[{"count":2,"href":"https:\/\/www.la-maison-naturelle.com\/blog\/wp-json\/wp\/v2\/posts\/1102\/revisions"}],"predecessor-version":[{"id":5431,"href":"https:\/\/www.la-maison-naturelle.com\/blog\/wp-json\/wp\/v2\/posts\/1102\/revisions\/5431"}],"wp:attachment":[{"href":"https:\/\/www.la-maison-naturelle.com\/blog\/wp-json\/wp\/v2\/media?parent=1102"}],"wp:term":[{"taxonomy":"category","embeddable":true,"href":"https:\/\/www.la-maison-naturelle.com\/blog\/wp-json\/wp\/v2\/categories?post=1102"},{"taxonomy":"post_tag","embeddable":true,"href":"https:\/\/www.la-maison-naturelle.com\/blog\/wp-json\/wp\/v2\/tags?post=1102"}],"curies":[{"name":"wp","href":"https:\/\/api.w.org\/{rel}","templated":true}]}}