{"id":1092,"date":"2018-05-20T12:01:39","date_gmt":"2018-05-20T10:01:39","guid":{"rendered":"https:\/\/www.la-maison-naturelle.com\/blog\/?p=1092"},"modified":"2023-08-03T22:38:32","modified_gmt":"2023-08-03T20:38:32","slug":"mie-un-nouveau-portail-pour-faciliter-lacces-a-linformation-des-elus-en-charge-de-la-renovation-energetique","status":"publish","type":"post","link":"https:\/\/www.la-maison-naturelle.com\/blog\/mie-un-nouveau-portail-pour-faciliter-lacces-a-linformation-des-elus-en-charge-de-la-renovation-energetique\/","title":{"rendered":"Un nouveau portail pour faciliter l&rsquo;acc\u00e8s \u00e0 l&rsquo;information des \u00e9lus en charge de la r\u00e9novation \u00e9nerg\u00e9tique"},"content":{"rendered":"<p>A l\u2019heure du d\u00e9veloppement durable, de nombreux termes ont fait leur apparition parmi lesquels figure la transition \u00e9nerg\u00e9tique. Celle-ci d\u00e9signe, comme son nom l\u2019indique, le passage d\u2019un syst\u00e8me recourant \u00e0 de l\u2019\u00e9nergie fossile \u00e0 de l\u2019\u00e9nergie renouvelable. Une telle action ne peut se faire sans aucune information. C\u2019est dans cet angle que le portail Plus Vert Demain a \u00e9t\u00e9 con\u00e7u.<\/p>\n<h2>Le Plan de R\u00e9novation Energ\u00e9tique de l\u2019Habitat<\/h2>\n<p>Pour r\u00e9duire de moiti\u00e9 la consommation \u00e9nerg\u00e9tique en France d\u2019ici 2050, le gouvernement fran\u00e7ais a lanc\u00e9 en 2013 le Plan de R\u00e9novation Energ\u00e9tique de l\u2019Habitat ou PREH. Un objectif ambitieux, certes, mais qui ne manque pas d\u2019\u00eatre r\u00e9aliste vu les nombreuses actions men\u00e9es dans ce sens.<br \/>\nLe PREH est un programme con\u00e7u et lanc\u00e9 en septembre 2013. Son objectif est de r\u00e9duire les consommations d\u2019\u00e9nergie dans le domaine du b\u00e2timent r\u00e9sidentiel en visant un quota de 500 000 logements r\u00e9nov\u00e9s tous les ans jusqu\u2019en 2017. Pour y parvenir, le plan s\u2019organise autour de trois volets \u00e0 savoir :<br \/>\n&#8211;\u00a0\u00a0 \u00a0L\u2019incitation des particuliers \u00e0 prendre une d\u00e9cision<br \/>\n&#8211;\u00a0\u00a0 \u00a0Le financement des travaux<br \/>\n&#8211;\u00a0\u00a0 \u00a0La mobilisation des professionnels pour assurer la qualit\u00e9 des travaux<br \/>\nLe PREH ne pourra r\u00e9ussir que si les acteurs concern\u00e9s, dont les collectivit\u00e9s territoriales, savent ce qu\u2019ils doivent faire. Une bonne information est n\u00e9cessaire pour que tout s\u2019articule correctement. A cet effet, la collectivit\u00e9 territoriale est l\u2019une des entit\u00e9s jug\u00e9es comme \u00e9tant la plus efficace pour enclencher les d\u00e9cisions des particuliers. Les liens de proximit\u00e9 qui les unissent auxquels s\u2019ajoutent ses connaissances des besoins et des ressources du territoire expliquent cette efficacit\u00e9.<br \/>\nMais comment les collectivit\u00e9s territoriales pourraient-elles r\u00e9aliser leur mission si elles manquent d\u2019informations et d\u2019expertise ? C\u2019est dans cet angle que le portail Plus Vert Demain, con\u00e7u par GEO PLC, est n\u00e9.<\/p>\n<h2>Plus Vert Demain<\/h2>\n<p>Plus Vert Demain est une nouvelle plateforme destin\u00e9e \u00e0 informer les collectivit\u00e9s territoriales sur les actualit\u00e9s et tout ce qui touche la r\u00e9novation \u00e9nerg\u00e9tique. Leur r\u00f4le \u00e9tant primordial dans la transition \u00e9nerg\u00e9tique, ces entit\u00e9s pourront d\u00e9sormais s\u2019informer en ligne gr\u00e2ce \u00e0 ce nouveau portail con\u00e7u par GEO PLC. Cette derni\u00e8re a pu concevoir cet outil simple et interactif gr\u00e2ce \u00e0 l\u2019exp\u00e9rience qu\u2019elle a acquise aupr\u00e8s des particuliers et des collectivit\u00e9s depuis 2008. Plus Vert Demain est un v\u00e9ritable \u00ab \u00e9coportail \u00bb dont l\u2019objectif est de centraliser et de faciliter l\u2019acc\u00e8s \u00e0 toutes les informations concernant la r\u00e9novation \u00e9nerg\u00e9tique.<br \/>\nLe site permet entre autres de faire une analyse de la consommation \u00e9nerg\u00e9tique de chaque logement et de faire une simulation du programme de r\u00e9novation le mieux adapt\u00e9 \u00e0 son cas. Le portail informe \u00e9galement les particuliers et les \u00e9lus sur les diff\u00e9rentes aides disponibles ainsi que les travaux pouvant \u00eatre r\u00e9alis\u00e9s.<\/p>\n","protected":false},"excerpt":{"rendered":"<p>A l\u2019heure du d\u00e9veloppement durable, de nombreux termes ont fait leur apparition parmi lesquels figure la transition \u00e9nerg\u00e9tique. Celle-ci d\u00e9signe, comme son nom l\u2019indique, le passage d\u2019un syst\u00e8me recourant \u00e0 de l\u2019\u00e9nergie fossile \u00e0 de l\u2019\u00e9nergie renouvelable. Une telle action ne peut se faire sans aucune information. C\u2019est dans cet angle que le portail Plus [&hellip;]<\/p>\n","protected":false},"author":5,"featured_media":0,"comment_status":"open","ping_status":"open","sticky":false,"template":"","format":"standard","meta":{"footnotes":""},"categories":[6],"tags":[],"class_list":["post-1092","post","type-post","status-publish","format-standard","hentry","category-les-dossiers"],"_wp_attached_file":null,"_wp_attachment_metadata":null,"_wp_attachment_context":null,"_wp_attachment_image_alt":null,"_hf_settings":null,"hf_message_success":null,"hf_message_invalid_email":null,"hf_message_required_field_missing":null,"hf_message_error":null,"_menu_item_type":null,"_menu_item_menu_item_parent":null,"_menu_item_object_id":null,"_menu_item_object":null,"_menu_item_target":null,"_menu_item_classes":null,"_menu_item_xfn":null,"_menu_item_url":null,"_yoast_wpseo_primary_category":"6","_thumbnail_id":null,"_oembed_26d84b2c06432105b0a19987ae029a71":null,"_oembed_43e9e2dfde1b9b4ed91c9711026b7ef9":null,"_oembed_1fe1564764edbddc3b61e81acf52be88":null,"_oembed_df60f474cd845141e7ce6596d101e4a0":null,"_oembed_825e674795e2435c0bc66eb08e5d2c8b":null,"_oembed_time_825e674795e2435c0bc66eb08e5d2c8b":null,"_oembed_e917352ff4cc21ea91383201eeaa08cf":null,"_oembed_2363c16c972791c33e283320dc564fce":null,"_oembed_cc9ad5b5073a84776f6a62e33e6c7498":null,"_oembed_time_cc9ad5b5073a84776f6a62e33e6c7498":null,"_oembed_305147fcf4b856de518466e695c209cd":null,"_oembed_8517a877084ae01a5296813ee1d16a2b":null,"_oembed_2741f1556b243e68379198f98ba7f864":null,"_oembed_c3ffa24981451396c950ece2129da0f6":null,"_oembed_6f9091ebe2f3f5fcb5698ba6f4b41477":null,"_wp_old_slug":null,"_oembed_e4fb0f68ba12b85e9e231afe151ba12a":null,"_oembed_3c60e98bd703e617e67f5bbb3b97424d":null,"_oembed_bb060374498dcf40cb6068efe4be87e1":null,"_oembed_d0403e1e71c3a29020bd546b159480f1":null,"_oembed_b030ff17fbbbf8661c59c2ab8ff289eb":null,"_oembed_5cec699ba0631c6c0e4ba4f6af5f228e":null,"_oembed_b06a67f278b90cf4e8dd17cb12fe67b0":null,"_oembed_8e190e4fea2256f17420434651556236":null,"_oembed_b5ded119f1337916a0fc64d2ad85c95f":null,"_oembed_d9364a7a81be31c01415da2c50a48932":null,"_oembed_738cafa36d51a58e5ae3e458aa8f7584":null,"_oembed_ebcab5184b6b321b28efbcbec079859b":null,"_oembed_3dd9e35c2b7b268070e74da5b89cf937":null,"_oembed_e14b167b493e311a1c4e2aab38a463e8":null,"_oembed_dc8f7d108b38f3f0c2e0785b8bc46cae":null,"_oembed_55cf1c5142884afed312c2666bf27520":null,"_oembed_2292333bf03a956b4b61afafeff6bca0":null,"_oembed_82a986a6b900856fec23169de03a0038":null,"_oembed_4048ded025352b83569104210074165a":null,"_oembed_033b42b1af757abc39e4487233cee7f5":null,"_oembed_aec1d50f2b159366be8e37e94b201be1":null,"_oembed_0adc8480b2fcadf9a1733f572ce3d3f8":null,"_yoast_wpseo_title":null,"_yoast_wpseo_focuskw":null,"_yoast_wpseo_linkdex":null,"_yoast_wpseo_metadesc":null,"_yoast_wpseo_wordproof_timestamp":null,"_tpl_archive_meta_key":null,"_form":null,"_mail":null,"_mail_2":null,"_messages":null,"_additional_settings":null,"_locale":null,"_wp_old_date":null,"_edit_last":"5","_wpb_vc_js_status":"false","_yoast_wpseo_estimated-reading-time-minutes":"2","_edit_lock":"1691095113:5","_yoast_wpseo_content_score":"30","yoast_head":"<!-- This site is optimized with the Yoast SEO plugin v24.3 - https:\/\/yoast.com\/wordpress\/plugins\/seo\/ -->\n<title>Un nouveau portail pour faciliter l&#039;acc\u00e8s \u00e0 l&#039;information des \u00e9lus en charge de la r\u00e9novation \u00e9nerg\u00e9tique - La Maison naturelle | Blog<\/title>\n<meta name=\"robots\" content=\"index, follow, max-snippet:-1, max-image-preview:large, max-video-preview:-1\" \/>\n<link rel=\"canonical\" href=\"https:\/\/www.la-maison-naturelle.com\/blog\/mie-un-nouveau-portail-pour-faciliter-lacces-a-linformation-des-elus-en-charge-de-la-renovation-energetique\/\" \/>\n<meta property=\"og:locale\" content=\"fr_FR\" \/>\n<meta property=\"og:type\" content=\"article\" \/>\n<meta property=\"og:title\" content=\"Un nouveau portail pour faciliter l&#039;acc\u00e8s \u00e0 l&#039;information des \u00e9lus en charge de la r\u00e9novation \u00e9nerg\u00e9tique - La Maison naturelle | Blog\" \/>\n<meta property=\"og:description\" content=\"A l\u2019heure du d\u00e9veloppement durable, de nombreux termes ont fait leur apparition parmi lesquels figure la transition \u00e9nerg\u00e9tique. Celle-ci d\u00e9signe, comme son nom l\u2019indique, le passage d\u2019un syst\u00e8me recourant \u00e0 de l\u2019\u00e9nergie fossile \u00e0 de l\u2019\u00e9nergie renouvelable. Une telle action ne peut se faire sans aucune information. C\u2019est dans cet angle que le portail Plus [&hellip;]\" \/>\n<meta property=\"og:url\" content=\"https:\/\/www.la-maison-naturelle.com\/blog\/mie-un-nouveau-portail-pour-faciliter-lacces-a-linformation-des-elus-en-charge-de-la-renovation-energetique\/\" \/>\n<meta property=\"og:site_name\" content=\"La Maison naturelle | Blog\" \/>\n<meta property=\"article:published_time\" content=\"2018-05-20T10:01:39+00:00\" \/>\n<meta property=\"article:modified_time\" content=\"2023-08-03T20:38:32+00:00\" \/>\n<meta name=\"author\" content=\"Eloise\" \/>\n<meta name=\"twitter:card\" content=\"summary_large_image\" \/>\n<meta name=\"twitter:label1\" content=\"\u00c9crit par\" \/>\n\t<meta name=\"twitter:data1\" content=\"Eloise\" \/>\n\t<meta name=\"twitter:label2\" content=\"Dur\u00e9e de lecture estim\u00e9e\" \/>\n\t<meta name=\"twitter:data2\" content=\"2 minutes\" \/>\n<script type=\"application\/ld+json\" class=\"yoast-schema-graph\">{\"@context\":\"https:\/\/schema.org\",\"@graph\":[{\"@type\":\"Article\",\"@id\":\"https:\/\/www.la-maison-naturelle.com\/blog\/mie-un-nouveau-portail-pour-faciliter-lacces-a-linformation-des-elus-en-charge-de-la-renovation-energetique\/#article\",\"isPartOf\":{\"@id\":\"https:\/\/www.la-maison-naturelle.com\/blog\/mie-un-nouveau-portail-pour-faciliter-lacces-a-linformation-des-elus-en-charge-de-la-renovation-energetique\/\"},\"author\":{\"name\":\"Eloise\",\"@id\":\"https:\/\/www.la-maison-naturelle.com\/blog\/#\/schema\/person\/cad2a9ed80410189f0688441d546d43f\"},\"headline\":\"Un nouveau portail pour faciliter l&rsquo;acc\u00e8s \u00e0 l&rsquo;information des \u00e9lus en charge de la r\u00e9novation \u00e9nerg\u00e9tique\",\"datePublished\":\"2018-05-20T10:01:39+00:00\",\"dateModified\":\"2023-08-03T20:38:32+00:00\",\"mainEntityOfPage\":{\"@id\":\"https:\/\/www.la-maison-naturelle.com\/blog\/mie-un-nouveau-portail-pour-faciliter-lacces-a-linformation-des-elus-en-charge-de-la-renovation-energetique\/\"},\"wordCount\":526,\"commentCount\":0,\"publisher\":{\"@id\":\"https:\/\/www.la-maison-naturelle.com\/blog\/#organization\"},\"articleSection\":[\"Les dossiers\"],\"inLanguage\":\"fr-FR\",\"potentialAction\":[{\"@type\":\"CommentAction\",\"name\":\"Comment\",\"target\":[\"https:\/\/www.la-maison-naturelle.com\/blog\/mie-un-nouveau-portail-pour-faciliter-lacces-a-linformation-des-elus-en-charge-de-la-renovation-energetique\/#respond\"]}]},{\"@type\":\"WebPage\",\"@id\":\"https:\/\/www.la-maison-naturelle.com\/blog\/mie-un-nouveau-portail-pour-faciliter-lacces-a-linformation-des-elus-en-charge-de-la-renovation-energetique\/\",\"url\":\"https:\/\/www.la-maison-naturelle.com\/blog\/mie-un-nouveau-portail-pour-faciliter-lacces-a-linformation-des-elus-en-charge-de-la-renovation-energetique\/\",\"name\":\"Un nouveau portail pour faciliter l'acc\u00e8s \u00e0 l'information des \u00e9lus en charge de la r\u00e9novation \u00e9nerg\u00e9tique - La Maison naturelle | Blog\",\"isPartOf\":{\"@id\":\"https:\/\/www.la-maison-naturelle.com\/blog\/#website\"},\"datePublished\":\"2018-05-20T10:01:39+00:00\",\"dateModified\":\"2023-08-03T20:38:32+00:00\",\"breadcrumb\":{\"@id\":\"https:\/\/www.la-maison-naturelle.com\/blog\/mie-un-nouveau-portail-pour-faciliter-lacces-a-linformation-des-elus-en-charge-de-la-renovation-energetique\/#breadcrumb\"},\"inLanguage\":\"fr-FR\",\"potentialAction\":[{\"@type\":\"ReadAction\",\"target\":[\"https:\/\/www.la-maison-naturelle.com\/blog\/mie-un-nouveau-portail-pour-faciliter-lacces-a-linformation-des-elus-en-charge-de-la-renovation-energetique\/\"]}]},{\"@type\":\"BreadcrumbList\",\"@id\":\"https:\/\/www.la-maison-naturelle.com\/blog\/mie-un-nouveau-portail-pour-faciliter-lacces-a-linformation-des-elus-en-charge-de-la-renovation-energetique\/#breadcrumb\",\"itemListElement\":[{\"@type\":\"ListItem\",\"position\":1,\"name\":\"Accueil\",\"item\":\"https:\/\/www.la-maison-naturelle.com\/blog\/\"},{\"@type\":\"ListItem\",\"position\":2,\"name\":\"Un nouveau portail pour faciliter l&rsquo;acc\u00e8s \u00e0 l&rsquo;information des \u00e9lus en charge de la r\u00e9novation \u00e9nerg\u00e9tique\"}]},{\"@type\":\"WebSite\",\"@id\":\"https:\/\/www.la-maison-naturelle.com\/blog\/#website\",\"url\":\"https:\/\/www.la-maison-naturelle.com\/blog\/\",\"name\":\"La Maison naturelle | Blog\",\"description\":\"Blog de la Maison naturelle\",\"publisher\":{\"@id\":\"https:\/\/www.la-maison-naturelle.com\/blog\/#organization\"},\"potentialAction\":[{\"@type\":\"SearchAction\",\"target\":{\"@type\":\"EntryPoint\",\"urlTemplate\":\"https:\/\/www.la-maison-naturelle.com\/blog\/?s={search_term_string}\"},\"query-input\":{\"@type\":\"PropertyValueSpecification\",\"valueRequired\":true,\"valueName\":\"search_term_string\"}}],\"inLanguage\":\"fr-FR\"},{\"@type\":\"Organization\",\"@id\":\"https:\/\/www.la-maison-naturelle.com\/blog\/#organization\",\"name\":\"La Maison naturelle | Blog\",\"url\":\"https:\/\/www.la-maison-naturelle.com\/blog\/\",\"logo\":{\"@type\":\"ImageObject\",\"inLanguage\":\"fr-FR\",\"@id\":\"https:\/\/www.la-maison-naturelle.com\/blog\/#\/schema\/logo\/image\/\",\"url\":\"https:\/\/www.la-maison-naturelle.com\/blog\/wp-content\/uploads\/2021\/07\/maison-naturelle-logo.svg\",\"contentUrl\":\"https:\/\/www.la-maison-naturelle.com\/blog\/wp-content\/uploads\/2021\/07\/maison-naturelle-logo.svg\",\"width\":156,\"height\":64,\"caption\":\"La Maison naturelle | Blog\"},\"image\":{\"@id\":\"https:\/\/www.la-maison-naturelle.com\/blog\/#\/schema\/logo\/image\/\"}},{\"@type\":\"Person\",\"@id\":\"https:\/\/www.la-maison-naturelle.com\/blog\/#\/schema\/person\/cad2a9ed80410189f0688441d546d43f\",\"name\":\"Eloise\",\"image\":{\"@type\":\"ImageObject\",\"inLanguage\":\"fr-FR\",\"@id\":\"https:\/\/www.la-maison-naturelle.com\/blog\/#\/schema\/person\/image\/\",\"url\":\"https:\/\/secure.gravatar.com\/avatar\/344186806f5e8613d4a2109f3b0228a847a7c0858a8023778c44bdcfc1111df9?s=96&d=mm&r=g\",\"contentUrl\":\"https:\/\/secure.gravatar.com\/avatar\/344186806f5e8613d4a2109f3b0228a847a7c0858a8023778c44bdcfc1111df9?s=96&d=mm&r=g\",\"caption\":\"Eloise\"},\"sameAs\":[\"https:\/\/www.la-maison-naturelle.com\/\"],\"url\":\"https:\/\/www.la-maison-naturelle.com\/blog\/author\/idries\/\"}]}<\/script>\n<!-- \/ Yoast SEO plugin. -->","yoast_head_json":{"title":"Un nouveau portail pour faciliter l'acc\u00e8s \u00e0 l'information des \u00e9lus en charge de la r\u00e9novation \u00e9nerg\u00e9tique - La Maison naturelle | Blog","robots":{"index":"index","follow":"follow","max-snippet":"max-snippet:-1","max-image-preview":"max-image-preview:large","max-video-preview":"max-video-preview:-1"},"canonical":"https:\/\/www.la-maison-naturelle.com\/blog\/mie-un-nouveau-portail-pour-faciliter-lacces-a-linformation-des-elus-en-charge-de-la-renovation-energetique\/","og_locale":"fr_FR","og_type":"article","og_title":"Un nouveau portail pour faciliter l'acc\u00e8s \u00e0 l'information des \u00e9lus en charge de la r\u00e9novation \u00e9nerg\u00e9tique - La Maison naturelle | Blog","og_description":"A l\u2019heure du d\u00e9veloppement durable, de nombreux termes ont fait leur apparition parmi lesquels figure la transition \u00e9nerg\u00e9tique. Celle-ci d\u00e9signe, comme son nom l\u2019indique, le passage d\u2019un syst\u00e8me recourant \u00e0 de l\u2019\u00e9nergie fossile \u00e0 de l\u2019\u00e9nergie renouvelable. Une telle action ne peut se faire sans aucune information. C\u2019est dans cet angle que le portail Plus [&hellip;]","og_url":"https:\/\/www.la-maison-naturelle.com\/blog\/mie-un-nouveau-portail-pour-faciliter-lacces-a-linformation-des-elus-en-charge-de-la-renovation-energetique\/","og_site_name":"La Maison naturelle | Blog","article_published_time":"2018-05-20T10:01:39+00:00","article_modified_time":"2023-08-03T20:38:32+00:00","author":"Eloise","twitter_card":"summary_large_image","twitter_misc":{"\u00c9crit par":"Eloise","Dur\u00e9e de lecture estim\u00e9e":"2 minutes"},"schema":{"@context":"https:\/\/schema.org","@graph":[{"@type":"Article","@id":"https:\/\/www.la-maison-naturelle.com\/blog\/mie-un-nouveau-portail-pour-faciliter-lacces-a-linformation-des-elus-en-charge-de-la-renovation-energetique\/#article","isPartOf":{"@id":"https:\/\/www.la-maison-naturelle.com\/blog\/mie-un-nouveau-portail-pour-faciliter-lacces-a-linformation-des-elus-en-charge-de-la-renovation-energetique\/"},"author":{"name":"Eloise","@id":"https:\/\/www.la-maison-naturelle.com\/blog\/#\/schema\/person\/cad2a9ed80410189f0688441d546d43f"},"headline":"Un nouveau portail pour faciliter l&rsquo;acc\u00e8s \u00e0 l&rsquo;information des \u00e9lus en charge de la r\u00e9novation \u00e9nerg\u00e9tique","datePublished":"2018-05-20T10:01:39+00:00","dateModified":"2023-08-03T20:38:32+00:00","mainEntityOfPage":{"@id":"https:\/\/www.la-maison-naturelle.com\/blog\/mie-un-nouveau-portail-pour-faciliter-lacces-a-linformation-des-elus-en-charge-de-la-renovation-energetique\/"},"wordCount":526,"commentCount":0,"publisher":{"@id":"https:\/\/www.la-maison-naturelle.com\/blog\/#organization"},"articleSection":["Les dossiers"],"inLanguage":"fr-FR","potentialAction":[{"@type":"CommentAction","name":"Comment","target":["https:\/\/www.la-maison-naturelle.com\/blog\/mie-un-nouveau-portail-pour-faciliter-lacces-a-linformation-des-elus-en-charge-de-la-renovation-energetique\/#respond"]}]},{"@type":"WebPage","@id":"https:\/\/www.la-maison-naturelle.com\/blog\/mie-un-nouveau-portail-pour-faciliter-lacces-a-linformation-des-elus-en-charge-de-la-renovation-energetique\/","url":"https:\/\/www.la-maison-naturelle.com\/blog\/mie-un-nouveau-portail-pour-faciliter-lacces-a-linformation-des-elus-en-charge-de-la-renovation-energetique\/","name":"Un nouveau portail pour faciliter l'acc\u00e8s \u00e0 l'information des \u00e9lus en charge de la r\u00e9novation \u00e9nerg\u00e9tique - La Maison naturelle | Blog","isPartOf":{"@id":"https:\/\/www.la-maison-naturelle.com\/blog\/#website"},"datePublished":"2018-05-20T10:01:39+00:00","dateModified":"2023-08-03T20:38:32+00:00","breadcrumb":{"@id":"https:\/\/www.la-maison-naturelle.com\/blog\/mie-un-nouveau-portail-pour-faciliter-lacces-a-linformation-des-elus-en-charge-de-la-renovation-energetique\/#breadcrumb"},"inLanguage":"fr-FR","potentialAction":[{"@type":"ReadAction","target":["https:\/\/www.la-maison-naturelle.com\/blog\/mie-un-nouveau-portail-pour-faciliter-lacces-a-linformation-des-elus-en-charge-de-la-renovation-energetique\/"]}]},{"@type":"BreadcrumbList","@id":"https:\/\/www.la-maison-naturelle.com\/blog\/mie-un-nouveau-portail-pour-faciliter-lacces-a-linformation-des-elus-en-charge-de-la-renovation-energetique\/#breadcrumb","itemListElement":[{"@type":"ListItem","position":1,"name":"Accueil","item":"https:\/\/www.la-maison-naturelle.com\/blog\/"},{"@type":"ListItem","position":2,"name":"Un nouveau portail pour faciliter l&rsquo;acc\u00e8s \u00e0 l&rsquo;information des \u00e9lus en charge de la r\u00e9novation \u00e9nerg\u00e9tique"}]},{"@type":"WebSite","@id":"https:\/\/www.la-maison-naturelle.com\/blog\/#website","url":"https:\/\/www.la-maison-naturelle.com\/blog\/","name":"La Maison naturelle | Blog","description":"Blog de la Maison naturelle","publisher":{"@id":"https:\/\/www.la-maison-naturelle.com\/blog\/#organization"},"potentialAction":[{"@type":"SearchAction","target":{"@type":"EntryPoint","urlTemplate":"https:\/\/www.la-maison-naturelle.com\/blog\/?s={search_term_string}"},"query-input":{"@type":"PropertyValueSpecification","valueRequired":true,"valueName":"search_term_string"}}],"inLanguage":"fr-FR"},{"@type":"Organization","@id":"https:\/\/www.la-maison-naturelle.com\/blog\/#organization","name":"La Maison naturelle | Blog","url":"https:\/\/www.la-maison-naturelle.com\/blog\/","logo":{"@type":"ImageObject","inLanguage":"fr-FR","@id":"https:\/\/www.la-maison-naturelle.com\/blog\/#\/schema\/logo\/image\/","url":"https:\/\/www.la-maison-naturelle.com\/blog\/wp-content\/uploads\/2021\/07\/maison-naturelle-logo.svg","contentUrl":"https:\/\/www.la-maison-naturelle.com\/blog\/wp-content\/uploads\/2021\/07\/maison-naturelle-logo.svg","width":156,"height":64,"caption":"La Maison naturelle | Blog"},"image":{"@id":"https:\/\/www.la-maison-naturelle.com\/blog\/#\/schema\/logo\/image\/"}},{"@type":"Person","@id":"https:\/\/www.la-maison-naturelle.com\/blog\/#\/schema\/person\/cad2a9ed80410189f0688441d546d43f","name":"Eloise","image":{"@type":"ImageObject","inLanguage":"fr-FR","@id":"https:\/\/www.la-maison-naturelle.com\/blog\/#\/schema\/person\/image\/","url":"https:\/\/secure.gravatar.com\/avatar\/344186806f5e8613d4a2109f3b0228a847a7c0858a8023778c44bdcfc1111df9?s=96&d=mm&r=g","contentUrl":"https:\/\/secure.gravatar.com\/avatar\/344186806f5e8613d4a2109f3b0228a847a7c0858a8023778c44bdcfc1111df9?s=96&d=mm&r=g","caption":"Eloise"},"sameAs":["https:\/\/www.la-maison-naturelle.com\/"],"url":"https:\/\/www.la-maison-naturelle.com\/blog\/author\/idries\/"}]}},"_links":{"self":[{"href":"https:\/\/www.la-maison-naturelle.com\/blog\/wp-json\/wp\/v2\/posts\/1092","targetHints":{"allow":["GET"]}}],"collection":[{"href":"https:\/\/www.la-maison-naturelle.com\/blog\/wp-json\/wp\/v2\/posts"}],"about":[{"href":"https:\/\/www.la-maison-naturelle.com\/blog\/wp-json\/wp\/v2\/types\/post"}],"author":[{"embeddable":true,"href":"https:\/\/www.la-maison-naturelle.com\/blog\/wp-json\/wp\/v2\/users\/5"}],"replies":[{"embeddable":true,"href":"https:\/\/www.la-maison-naturelle.com\/blog\/wp-json\/wp\/v2\/comments?post=1092"}],"version-history":[{"count":2,"href":"https:\/\/www.la-maison-naturelle.com\/blog\/wp-json\/wp\/v2\/posts\/1092\/revisions"}],"predecessor-version":[{"id":5426,"href":"https:\/\/www.la-maison-naturelle.com\/blog\/wp-json\/wp\/v2\/posts\/1092\/revisions\/5426"}],"wp:attachment":[{"href":"https:\/\/www.la-maison-naturelle.com\/blog\/wp-json\/wp\/v2\/media?parent=1092"}],"wp:term":[{"taxonomy":"category","embeddable":true,"href":"https:\/\/www.la-maison-naturelle.com\/blog\/wp-json\/wp\/v2\/categories?post=1092"},{"taxonomy":"post_tag","embeddable":true,"href":"https:\/\/www.la-maison-naturelle.com\/blog\/wp-json\/wp\/v2\/tags?post=1092"}],"curies":[{"name":"wp","href":"https:\/\/api.w.org\/{rel}","templated":true}]}}