{"id":1065,"date":"2018-05-20T11:56:08","date_gmt":"2018-05-20T09:56:08","guid":{"rendered":"https:\/\/www.la-maison-naturelle.com\/blog\/?p=1065"},"modified":"2023-08-03T22:37:30","modified_gmt":"2023-08-03T20:37:30","slug":"mie-toitures-vertes-en-milieu-urbain","status":"publish","type":"post","link":"https:\/\/www.la-maison-naturelle.com\/blog\/mie-toitures-vertes-en-milieu-urbain\/","title":{"rendered":"Toitures vertes en milieu urbain"},"content":{"rendered":"<h2>Habitat vivant : et si nos toitures permettaient une meilleure gestion de l&rsquo;eau ?<\/h2>\n<p>Augmenter les espaces verts, cela ne passe pas toujours par la cr\u00e9ation de nouvelles parcelles vertes. Il existe dor\u00e9navant de nombreuses possibilit\u00e9s de maximiser les surfaces vertes m\u00eame en milieu dens\u00e9ment construit. Parmi celles-ci figure la toiture v\u00e9g\u00e9talis\u00e9e. Un autre moyen de mieux g\u00e9rer l\u2019eau en m\u00eame temps !<\/p>\n<h2>La toiture v\u00e9g\u00e9talis\u00e9e, une alternative int\u00e9ressante au jardin en pleine terre<\/h2>\n<p>Dans de nombreuses grandes villes, l\u2019occupation du sol par les b\u00e2tis est tr\u00e8s importante au d\u00e9triment des espaces verts. A ceci s\u2019ajoutent les nuisances telles que les bruits, les pollutions, les inondations, etc. L\u2019id\u00e9e d\u2019apporter de la verdure en pleine ville se fait donc de plus en plus oppressante. Mais que faire quand on manque de terrain pour jardiner ? C\u2019est l\u00e0 que l\u2019id\u00e9e d\u2019exploiter les espaces b\u00e2tis pour qu\u2019ils accueillent de la verdure a germ\u00e9. L\u2019on parle entre autres de toitures vertes. Ces derni\u00e8res constituent une alternative de plus en plus s\u00e9duisante au jardin en pleine terre. En plus d\u2019augmenter les espaces verts dans la ville, cette solution s\u2019inscrit dans une d\u00e9marche d\u2019am\u00e9liorer la gestion de l\u2019eau. Mis \u00e0 part ses avantages sur l\u2019image verte du b\u00e2timent, voire de la ville, la toiture v\u00e9g\u00e9talis\u00e9e contribue en effet au cycle de l\u2019eau en r\u00e9gulant les eaux pluviales.<\/p>\n<h2>Qu\u2019est-ce qu\u2019une toiture verte ?<\/h2>\n<p>Avant d\u2019aller plus loin, il est important de conna\u00eetre d\u2019abord ce qu\u2019est la toiture verte. Une toiture verte, que l\u2019on appelle aussi parfois toiture v\u00e9g\u00e9talis\u00e9e, est un toit plat ou inclin\u00e9 qui accueille des v\u00e9g\u00e9tations \u00e0 croissance lente, voire de v\u00e9ritables jardins.<\/p>\n<h2>Que faut-il faire ?<\/h2>\n<p>Dans un milieu urbain dens\u00e9ment construit, il faut envisager la toiture v\u00e9g\u00e9talis\u00e9e pour introduire la nature dans la ville. Pour y parvenir, il faut suivre plusieurs \u00e9tapes.<\/p>\n<h3>Le choix du type de toiture verte<\/h3>\n<p>Plusieurs crit\u00e8res doivent \u00eatre pris en compte pour choisir le type de toiture verte le mieux adapt\u00e9, \u00e0 savoir la capacit\u00e9 portante du toit, des enjeux locaux ainsi que des besoins de la parcelle. Il existe quatre principaux types de toiture verte :<\/p>\n<ul>\n<li>La toiture verte extensive : la toiture est couverte de v\u00e9g\u00e9taux \u00e0 enracinement superficiel tels que les mousses, les herbac\u00e9es et les s\u00e9dums. Ce type de culture ne requiert pas beaucoup d\u2019entretien. Son \u00e9paisseur varie de 5 \u00e0 10 cm. La surcharge est donc r\u00e9duite.<\/li>\n<\/ul>\n<ul>\n<li>La toiture verte intensive simple : la v\u00e9g\u00e9tation qui pousse est identique \u00e0 celle d\u2019un jardin ordinaire. L\u2019on cite entre autres le gazon, les arbustes, les herbac\u00e9es et les plantes basses. Avec une \u00e9paisseur de 10 \u00e0 25cm, l\u2019enracinement des plantes est relativement profond.<\/li>\n<\/ul>\n<ul>\n<li>La toiture verte intensive \u00e9labor\u00e9e : ce type de toiture est identique \u00e0 la toiture verte intensive simple. La seule diff\u00e9rence r\u00e9side dans l\u2019\u00e9paisseur du substrat qui est sup\u00e9rieure \u00e0 25cm. Cette toiture peut accueillir des arbustes, voire des arbres.<\/li>\n<\/ul>\n<ul>\n<li>Les cultures sur\u00e9lev\u00e9es : ce type de toiture est une forme d\u2019agriculture urbaine. Il accueille des plantations en bac ou jardini\u00e8res. Les plantes pouvant s\u2019y d\u00e9velopper sont les plantes potag\u00e8res, les fleurs \u00e0 couper, etc.<\/li>\n<\/ul>\n<h2>Gestion de l\u2019eau<\/h2>\n<p>L\u2019un des principaux avantages de la toiture v\u00e9g\u00e9talis\u00e9e est son r\u00f4le important dans la gestion de l\u2019eau. Elle agit comme un v\u00e9ritable tampon entre les eaux de pluie et l\u2019\u00e9vacuation des eaux. Une partie des eaux de pluie est filtr\u00e9e par le couvert v\u00e9g\u00e9tal. Une autre partie passe dans les \u00e9gouts, mais son trajet est diff\u00e9r\u00e9. Il y a donc moins de risques d\u2019inondation. La partie filtr\u00e9e s\u2019\u00e9vapore dans l\u2019atmosph\u00e8re, r\u00e9gulant le taux d\u2019humidit\u00e9 de l\u2019air. La m\u00eame partie alimente en eau les v\u00e9g\u00e9tations qui poussent sur le toit. Certaines toitures v\u00e9g\u00e9talis\u00e9es sont \u00e9quip\u00e9es de dispositif permettant le drainage et la r\u00e9tention de l\u2019eau. L\u2019eau ainsi r\u00e9cup\u00e9r\u00e9e sera utilis\u00e9e en p\u00e9riode de s\u00e8cheresse.<\/p>\n","protected":false},"excerpt":{"rendered":"<p>Habitat vivant : et si nos toitures permettaient une meilleure gestion de l&rsquo;eau ? Augmenter les espaces verts, cela ne passe pas toujours par la cr\u00e9ation de nouvelles parcelles vertes. Il existe dor\u00e9navant de nombreuses possibilit\u00e9s de maximiser les surfaces vertes m\u00eame en milieu dens\u00e9ment construit. Parmi celles-ci figure la toiture v\u00e9g\u00e9talis\u00e9e. Un autre moyen [&hellip;]<\/p>\n","protected":false},"author":5,"featured_media":0,"comment_status":"open","ping_status":"open","sticky":false,"template":"","format":"standard","meta":{"footnotes":""},"categories":[6],"tags":[],"class_list":["post-1065","post","type-post","status-publish","format-standard","hentry","category-les-dossiers"],"_wp_attached_file":null,"_wp_attachment_metadata":null,"_wp_attachment_context":null,"_wp_attachment_image_alt":null,"_hf_settings":null,"hf_message_success":null,"hf_message_invalid_email":null,"hf_message_required_field_missing":null,"hf_message_error":null,"_menu_item_type":null,"_menu_item_menu_item_parent":null,"_menu_item_object_id":null,"_menu_item_object":null,"_menu_item_target":null,"_menu_item_classes":null,"_menu_item_xfn":null,"_menu_item_url":null,"_yoast_wpseo_primary_category":"6","_thumbnail_id":null,"_oembed_26d84b2c06432105b0a19987ae029a71":null,"_oembed_43e9e2dfde1b9b4ed91c9711026b7ef9":null,"_oembed_1fe1564764edbddc3b61e81acf52be88":null,"_oembed_df60f474cd845141e7ce6596d101e4a0":null,"_oembed_825e674795e2435c0bc66eb08e5d2c8b":null,"_oembed_time_825e674795e2435c0bc66eb08e5d2c8b":null,"_oembed_e917352ff4cc21ea91383201eeaa08cf":null,"_oembed_2363c16c972791c33e283320dc564fce":null,"_oembed_cc9ad5b5073a84776f6a62e33e6c7498":null,"_oembed_time_cc9ad5b5073a84776f6a62e33e6c7498":null,"_oembed_305147fcf4b856de518466e695c209cd":null,"_oembed_8517a877084ae01a5296813ee1d16a2b":null,"_oembed_2741f1556b243e68379198f98ba7f864":null,"_oembed_c3ffa24981451396c950ece2129da0f6":null,"_oembed_6f9091ebe2f3f5fcb5698ba6f4b41477":null,"_wp_old_slug":null,"_oembed_e4fb0f68ba12b85e9e231afe151ba12a":null,"_oembed_3c60e98bd703e617e67f5bbb3b97424d":null,"_oembed_bb060374498dcf40cb6068efe4be87e1":null,"_oembed_d0403e1e71c3a29020bd546b159480f1":null,"_oembed_b030ff17fbbbf8661c59c2ab8ff289eb":null,"_oembed_5cec699ba0631c6c0e4ba4f6af5f228e":null,"_oembed_b06a67f278b90cf4e8dd17cb12fe67b0":null,"_oembed_8e190e4fea2256f17420434651556236":null,"_oembed_b5ded119f1337916a0fc64d2ad85c95f":null,"_oembed_d9364a7a81be31c01415da2c50a48932":null,"_oembed_738cafa36d51a58e5ae3e458aa8f7584":null,"_oembed_ebcab5184b6b321b28efbcbec079859b":null,"_oembed_3dd9e35c2b7b268070e74da5b89cf937":null,"_oembed_e14b167b493e311a1c4e2aab38a463e8":null,"_oembed_dc8f7d108b38f3f0c2e0785b8bc46cae":null,"_oembed_55cf1c5142884afed312c2666bf27520":null,"_oembed_2292333bf03a956b4b61afafeff6bca0":null,"_oembed_82a986a6b900856fec23169de03a0038":null,"_oembed_4048ded025352b83569104210074165a":null,"_oembed_033b42b1af757abc39e4487233cee7f5":null,"_oembed_aec1d50f2b159366be8e37e94b201be1":null,"_oembed_0adc8480b2fcadf9a1733f572ce3d3f8":null,"_yoast_wpseo_title":null,"_yoast_wpseo_focuskw":null,"_yoast_wpseo_linkdex":null,"_yoast_wpseo_metadesc":null,"_yoast_wpseo_wordproof_timestamp":null,"_tpl_archive_meta_key":null,"_form":null,"_mail":null,"_mail_2":null,"_messages":null,"_additional_settings":null,"_locale":null,"_wp_old_date":null,"_edit_last":"5","_wpb_vc_js_status":"false","_yoast_wpseo_estimated-reading-time-minutes":"3","_edit_lock":"1691095051:5","_yoast_wpseo_content_score":"90","yoast_head":"<!-- This site is optimized with the Yoast SEO plugin v24.3 - https:\/\/yoast.com\/wordpress\/plugins\/seo\/ -->\n<title>Toitures vertes en milieu urbain - La Maison naturelle | Blog<\/title>\n<meta name=\"robots\" content=\"index, follow, max-snippet:-1, max-image-preview:large, max-video-preview:-1\" \/>\n<link rel=\"canonical\" href=\"https:\/\/www.la-maison-naturelle.com\/blog\/mie-toitures-vertes-en-milieu-urbain\/\" \/>\n<meta property=\"og:locale\" content=\"fr_FR\" \/>\n<meta property=\"og:type\" content=\"article\" \/>\n<meta property=\"og:title\" content=\"Toitures vertes en milieu urbain - La Maison naturelle | Blog\" \/>\n<meta property=\"og:description\" content=\"Habitat vivant : et si nos toitures permettaient une meilleure gestion de l&rsquo;eau ? Augmenter les espaces verts, cela ne passe pas toujours par la cr\u00e9ation de nouvelles parcelles vertes. Il existe dor\u00e9navant de nombreuses possibilit\u00e9s de maximiser les surfaces vertes m\u00eame en milieu dens\u00e9ment construit. Parmi celles-ci figure la toiture v\u00e9g\u00e9talis\u00e9e. Un autre moyen [&hellip;]\" \/>\n<meta property=\"og:url\" content=\"https:\/\/www.la-maison-naturelle.com\/blog\/mie-toitures-vertes-en-milieu-urbain\/\" \/>\n<meta property=\"og:site_name\" content=\"La Maison naturelle | Blog\" \/>\n<meta property=\"article:published_time\" content=\"2018-05-20T09:56:08+00:00\" \/>\n<meta property=\"article:modified_time\" content=\"2023-08-03T20:37:30+00:00\" \/>\n<meta name=\"author\" content=\"Eloise\" \/>\n<meta name=\"twitter:card\" content=\"summary_large_image\" \/>\n<meta name=\"twitter:label1\" content=\"\u00c9crit par\" \/>\n\t<meta name=\"twitter:data1\" content=\"Eloise\" \/>\n\t<meta name=\"twitter:label2\" content=\"Dur\u00e9e de lecture estim\u00e9e\" \/>\n\t<meta name=\"twitter:data2\" content=\"3 minutes\" \/>\n<script type=\"application\/ld+json\" class=\"yoast-schema-graph\">{\"@context\":\"https:\/\/schema.org\",\"@graph\":[{\"@type\":\"Article\",\"@id\":\"https:\/\/www.la-maison-naturelle.com\/blog\/mie-toitures-vertes-en-milieu-urbain\/#article\",\"isPartOf\":{\"@id\":\"https:\/\/www.la-maison-naturelle.com\/blog\/mie-toitures-vertes-en-milieu-urbain\/\"},\"author\":{\"name\":\"Eloise\",\"@id\":\"https:\/\/www.la-maison-naturelle.com\/blog\/#\/schema\/person\/cad2a9ed80410189f0688441d546d43f\"},\"headline\":\"Toitures vertes en milieu urbain\",\"datePublished\":\"2018-05-20T09:56:08+00:00\",\"dateModified\":\"2023-08-03T20:37:30+00:00\",\"mainEntityOfPage\":{\"@id\":\"https:\/\/www.la-maison-naturelle.com\/blog\/mie-toitures-vertes-en-milieu-urbain\/\"},\"wordCount\":734,\"commentCount\":0,\"publisher\":{\"@id\":\"https:\/\/www.la-maison-naturelle.com\/blog\/#organization\"},\"articleSection\":[\"Les dossiers\"],\"inLanguage\":\"fr-FR\",\"potentialAction\":[{\"@type\":\"CommentAction\",\"name\":\"Comment\",\"target\":[\"https:\/\/www.la-maison-naturelle.com\/blog\/mie-toitures-vertes-en-milieu-urbain\/#respond\"]}]},{\"@type\":\"WebPage\",\"@id\":\"https:\/\/www.la-maison-naturelle.com\/blog\/mie-toitures-vertes-en-milieu-urbain\/\",\"url\":\"https:\/\/www.la-maison-naturelle.com\/blog\/mie-toitures-vertes-en-milieu-urbain\/\",\"name\":\"Toitures vertes en milieu urbain - La Maison naturelle | Blog\",\"isPartOf\":{\"@id\":\"https:\/\/www.la-maison-naturelle.com\/blog\/#website\"},\"datePublished\":\"2018-05-20T09:56:08+00:00\",\"dateModified\":\"2023-08-03T20:37:30+00:00\",\"breadcrumb\":{\"@id\":\"https:\/\/www.la-maison-naturelle.com\/blog\/mie-toitures-vertes-en-milieu-urbain\/#breadcrumb\"},\"inLanguage\":\"fr-FR\",\"potentialAction\":[{\"@type\":\"ReadAction\",\"target\":[\"https:\/\/www.la-maison-naturelle.com\/blog\/mie-toitures-vertes-en-milieu-urbain\/\"]}]},{\"@type\":\"BreadcrumbList\",\"@id\":\"https:\/\/www.la-maison-naturelle.com\/blog\/mie-toitures-vertes-en-milieu-urbain\/#breadcrumb\",\"itemListElement\":[{\"@type\":\"ListItem\",\"position\":1,\"name\":\"Accueil\",\"item\":\"https:\/\/www.la-maison-naturelle.com\/blog\/\"},{\"@type\":\"ListItem\",\"position\":2,\"name\":\"Toitures vertes en milieu urbain\"}]},{\"@type\":\"WebSite\",\"@id\":\"https:\/\/www.la-maison-naturelle.com\/blog\/#website\",\"url\":\"https:\/\/www.la-maison-naturelle.com\/blog\/\",\"name\":\"La Maison naturelle | Blog\",\"description\":\"Blog de la Maison naturelle\",\"publisher\":{\"@id\":\"https:\/\/www.la-maison-naturelle.com\/blog\/#organization\"},\"potentialAction\":[{\"@type\":\"SearchAction\",\"target\":{\"@type\":\"EntryPoint\",\"urlTemplate\":\"https:\/\/www.la-maison-naturelle.com\/blog\/?s={search_term_string}\"},\"query-input\":{\"@type\":\"PropertyValueSpecification\",\"valueRequired\":true,\"valueName\":\"search_term_string\"}}],\"inLanguage\":\"fr-FR\"},{\"@type\":\"Organization\",\"@id\":\"https:\/\/www.la-maison-naturelle.com\/blog\/#organization\",\"name\":\"La Maison naturelle | Blog\",\"url\":\"https:\/\/www.la-maison-naturelle.com\/blog\/\",\"logo\":{\"@type\":\"ImageObject\",\"inLanguage\":\"fr-FR\",\"@id\":\"https:\/\/www.la-maison-naturelle.com\/blog\/#\/schema\/logo\/image\/\",\"url\":\"https:\/\/www.la-maison-naturelle.com\/blog\/wp-content\/uploads\/2021\/07\/maison-naturelle-logo.svg\",\"contentUrl\":\"https:\/\/www.la-maison-naturelle.com\/blog\/wp-content\/uploads\/2021\/07\/maison-naturelle-logo.svg\",\"width\":156,\"height\":64,\"caption\":\"La Maison naturelle | Blog\"},\"image\":{\"@id\":\"https:\/\/www.la-maison-naturelle.com\/blog\/#\/schema\/logo\/image\/\"}},{\"@type\":\"Person\",\"@id\":\"https:\/\/www.la-maison-naturelle.com\/blog\/#\/schema\/person\/cad2a9ed80410189f0688441d546d43f\",\"name\":\"Eloise\",\"image\":{\"@type\":\"ImageObject\",\"inLanguage\":\"fr-FR\",\"@id\":\"https:\/\/www.la-maison-naturelle.com\/blog\/#\/schema\/person\/image\/\",\"url\":\"https:\/\/secure.gravatar.com\/avatar\/344186806f5e8613d4a2109f3b0228a847a7c0858a8023778c44bdcfc1111df9?s=96&d=mm&r=g\",\"contentUrl\":\"https:\/\/secure.gravatar.com\/avatar\/344186806f5e8613d4a2109f3b0228a847a7c0858a8023778c44bdcfc1111df9?s=96&d=mm&r=g\",\"caption\":\"Eloise\"},\"sameAs\":[\"https:\/\/www.la-maison-naturelle.com\/\"],\"url\":\"https:\/\/www.la-maison-naturelle.com\/blog\/author\/idries\/\"}]}<\/script>\n<!-- \/ Yoast SEO plugin. -->","yoast_head_json":{"title":"Toitures vertes en milieu urbain - La Maison naturelle | Blog","robots":{"index":"index","follow":"follow","max-snippet":"max-snippet:-1","max-image-preview":"max-image-preview:large","max-video-preview":"max-video-preview:-1"},"canonical":"https:\/\/www.la-maison-naturelle.com\/blog\/mie-toitures-vertes-en-milieu-urbain\/","og_locale":"fr_FR","og_type":"article","og_title":"Toitures vertes en milieu urbain - La Maison naturelle | Blog","og_description":"Habitat vivant : et si nos toitures permettaient une meilleure gestion de l&rsquo;eau ? Augmenter les espaces verts, cela ne passe pas toujours par la cr\u00e9ation de nouvelles parcelles vertes. Il existe dor\u00e9navant de nombreuses possibilit\u00e9s de maximiser les surfaces vertes m\u00eame en milieu dens\u00e9ment construit. Parmi celles-ci figure la toiture v\u00e9g\u00e9talis\u00e9e. Un autre moyen [&hellip;]","og_url":"https:\/\/www.la-maison-naturelle.com\/blog\/mie-toitures-vertes-en-milieu-urbain\/","og_site_name":"La Maison naturelle | Blog","article_published_time":"2018-05-20T09:56:08+00:00","article_modified_time":"2023-08-03T20:37:30+00:00","author":"Eloise","twitter_card":"summary_large_image","twitter_misc":{"\u00c9crit par":"Eloise","Dur\u00e9e de lecture estim\u00e9e":"3 minutes"},"schema":{"@context":"https:\/\/schema.org","@graph":[{"@type":"Article","@id":"https:\/\/www.la-maison-naturelle.com\/blog\/mie-toitures-vertes-en-milieu-urbain\/#article","isPartOf":{"@id":"https:\/\/www.la-maison-naturelle.com\/blog\/mie-toitures-vertes-en-milieu-urbain\/"},"author":{"name":"Eloise","@id":"https:\/\/www.la-maison-naturelle.com\/blog\/#\/schema\/person\/cad2a9ed80410189f0688441d546d43f"},"headline":"Toitures vertes en milieu urbain","datePublished":"2018-05-20T09:56:08+00:00","dateModified":"2023-08-03T20:37:30+00:00","mainEntityOfPage":{"@id":"https:\/\/www.la-maison-naturelle.com\/blog\/mie-toitures-vertes-en-milieu-urbain\/"},"wordCount":734,"commentCount":0,"publisher":{"@id":"https:\/\/www.la-maison-naturelle.com\/blog\/#organization"},"articleSection":["Les dossiers"],"inLanguage":"fr-FR","potentialAction":[{"@type":"CommentAction","name":"Comment","target":["https:\/\/www.la-maison-naturelle.com\/blog\/mie-toitures-vertes-en-milieu-urbain\/#respond"]}]},{"@type":"WebPage","@id":"https:\/\/www.la-maison-naturelle.com\/blog\/mie-toitures-vertes-en-milieu-urbain\/","url":"https:\/\/www.la-maison-naturelle.com\/blog\/mie-toitures-vertes-en-milieu-urbain\/","name":"Toitures vertes en milieu urbain - La Maison naturelle | Blog","isPartOf":{"@id":"https:\/\/www.la-maison-naturelle.com\/blog\/#website"},"datePublished":"2018-05-20T09:56:08+00:00","dateModified":"2023-08-03T20:37:30+00:00","breadcrumb":{"@id":"https:\/\/www.la-maison-naturelle.com\/blog\/mie-toitures-vertes-en-milieu-urbain\/#breadcrumb"},"inLanguage":"fr-FR","potentialAction":[{"@type":"ReadAction","target":["https:\/\/www.la-maison-naturelle.com\/blog\/mie-toitures-vertes-en-milieu-urbain\/"]}]},{"@type":"BreadcrumbList","@id":"https:\/\/www.la-maison-naturelle.com\/blog\/mie-toitures-vertes-en-milieu-urbain\/#breadcrumb","itemListElement":[{"@type":"ListItem","position":1,"name":"Accueil","item":"https:\/\/www.la-maison-naturelle.com\/blog\/"},{"@type":"ListItem","position":2,"name":"Toitures vertes en milieu urbain"}]},{"@type":"WebSite","@id":"https:\/\/www.la-maison-naturelle.com\/blog\/#website","url":"https:\/\/www.la-maison-naturelle.com\/blog\/","name":"La Maison naturelle | Blog","description":"Blog de la Maison naturelle","publisher":{"@id":"https:\/\/www.la-maison-naturelle.com\/blog\/#organization"},"potentialAction":[{"@type":"SearchAction","target":{"@type":"EntryPoint","urlTemplate":"https:\/\/www.la-maison-naturelle.com\/blog\/?s={search_term_string}"},"query-input":{"@type":"PropertyValueSpecification","valueRequired":true,"valueName":"search_term_string"}}],"inLanguage":"fr-FR"},{"@type":"Organization","@id":"https:\/\/www.la-maison-naturelle.com\/blog\/#organization","name":"La Maison naturelle | Blog","url":"https:\/\/www.la-maison-naturelle.com\/blog\/","logo":{"@type":"ImageObject","inLanguage":"fr-FR","@id":"https:\/\/www.la-maison-naturelle.com\/blog\/#\/schema\/logo\/image\/","url":"https:\/\/www.la-maison-naturelle.com\/blog\/wp-content\/uploads\/2021\/07\/maison-naturelle-logo.svg","contentUrl":"https:\/\/www.la-maison-naturelle.com\/blog\/wp-content\/uploads\/2021\/07\/maison-naturelle-logo.svg","width":156,"height":64,"caption":"La Maison naturelle | Blog"},"image":{"@id":"https:\/\/www.la-maison-naturelle.com\/blog\/#\/schema\/logo\/image\/"}},{"@type":"Person","@id":"https:\/\/www.la-maison-naturelle.com\/blog\/#\/schema\/person\/cad2a9ed80410189f0688441d546d43f","name":"Eloise","image":{"@type":"ImageObject","inLanguage":"fr-FR","@id":"https:\/\/www.la-maison-naturelle.com\/blog\/#\/schema\/person\/image\/","url":"https:\/\/secure.gravatar.com\/avatar\/344186806f5e8613d4a2109f3b0228a847a7c0858a8023778c44bdcfc1111df9?s=96&d=mm&r=g","contentUrl":"https:\/\/secure.gravatar.com\/avatar\/344186806f5e8613d4a2109f3b0228a847a7c0858a8023778c44bdcfc1111df9?s=96&d=mm&r=g","caption":"Eloise"},"sameAs":["https:\/\/www.la-maison-naturelle.com\/"],"url":"https:\/\/www.la-maison-naturelle.com\/blog\/author\/idries\/"}]}},"_links":{"self":[{"href":"https:\/\/www.la-maison-naturelle.com\/blog\/wp-json\/wp\/v2\/posts\/1065","targetHints":{"allow":["GET"]}}],"collection":[{"href":"https:\/\/www.la-maison-naturelle.com\/blog\/wp-json\/wp\/v2\/posts"}],"about":[{"href":"https:\/\/www.la-maison-naturelle.com\/blog\/wp-json\/wp\/v2\/types\/post"}],"author":[{"embeddable":true,"href":"https:\/\/www.la-maison-naturelle.com\/blog\/wp-json\/wp\/v2\/users\/5"}],"replies":[{"embeddable":true,"href":"https:\/\/www.la-maison-naturelle.com\/blog\/wp-json\/wp\/v2\/comments?post=1065"}],"version-history":[{"count":2,"href":"https:\/\/www.la-maison-naturelle.com\/blog\/wp-json\/wp\/v2\/posts\/1065\/revisions"}],"predecessor-version":[{"id":5419,"href":"https:\/\/www.la-maison-naturelle.com\/blog\/wp-json\/wp\/v2\/posts\/1065\/revisions\/5419"}],"wp:attachment":[{"href":"https:\/\/www.la-maison-naturelle.com\/blog\/wp-json\/wp\/v2\/media?parent=1065"}],"wp:term":[{"taxonomy":"category","embeddable":true,"href":"https:\/\/www.la-maison-naturelle.com\/blog\/wp-json\/wp\/v2\/categories?post=1065"},{"taxonomy":"post_tag","embeddable":true,"href":"https:\/\/www.la-maison-naturelle.com\/blog\/wp-json\/wp\/v2\/tags?post=1065"}],"curies":[{"name":"wp","href":"https:\/\/api.w.org\/{rel}","templated":true}]}}