{"id":1013,"date":"2012-05-20T11:44:46","date_gmt":"2012-05-20T09:44:46","guid":{"rendered":"https:\/\/www.la-maison-naturelle.com\/blog\/?p=1013"},"modified":"2023-01-04T09:16:21","modified_gmt":"2023-01-04T08:16:21","slug":"mie-lisolation-des-combles","status":"publish","type":"post","link":"https:\/\/www.la-maison-naturelle.com\/blog\/mie-lisolation-des-combles\/","title":{"rendered":"L&rsquo;isolation des combles"},"content":{"rendered":"<h2>Une isolation des combles et greniers efficace<\/h2>\n<p>Si vous voulez faire une \u00e9conomie d\u2019\u00e9nergie au chauffage, <a href=\"https:\/\/www.la-maison-naturelle.com\/3013-isolation-des-combles\">l\u2019isolation des combles<\/a> est incontournable. En effet, les combles (et la toiture implicitement) repr\u00e9sentent plus de 30% des d\u00e9perditions de la chaleur dans un b\u00e2timent. Pour optimiser le confort thermique int\u00e9rieur, mieux vaut alors conserver la chaleur d\u00e9j\u00e0 pr\u00e9sente que de solliciter le syst\u00e8me de chauffage.<\/p>\n<h2>Zoom sur les techniques d\u2019isolation des combles et des greniers.<\/h2>\n<h2>Le choix de l\u2019isolant<\/h2>\n<p>Pour bien isoler les combles, le choix de l\u2019isolant est important. Celui-ci doit tenir compte d\u2019un certain nombre de crit\u00e8res comme l\u2019usage que vous allez en faire. Est-ce que ce sont des combles perdus ou am\u00e9nag\u00e9s ? S\u2019ils sont am\u00e9nag\u00e9s, est-ce qu\u2019ils sont destin\u00e9s au rangement (grenier) ou \u00e0 l\u2019habitation ? Il faut aussi tenir compte des normes dans votre r\u00e9gion. N\u2019h\u00e9sitez pas \u00e0 vous renseigner aupr\u00e8s de votre mairie ou du fabricant pour conna\u00eetre les types d\u2019isolant les mieux adapt\u00e9s \u00e0 votre r\u00e9gion. Selon que vous vouliez isoler vos combles en neuf ou en r\u00e9novation, le choix est aussi diff\u00e9rent. En r\u00e9novation, l\u2019isolation par l\u2019int\u00e9rieur est conseill\u00e9e. En construction, vous pouvez opter pour l\u2019isolation par l\u2019ext\u00e9rieur.<\/p>\n<h2>Le mat\u00e9riel n\u00e9cessaire<\/h2>\n<p>Pour isoler vos combles et greniers, vous avez besoin de :<\/p>\n<ul>\n<li>Scie \u00e9go\u00efne<\/li>\n<\/ul>\n<ul>\n<li>R\u00e8gle<\/li>\n<\/ul>\n<ul>\n<li>Visseuse-perceuse<\/li>\n<\/ul>\n<ul>\n<li>M\u00e8tre<\/li>\n<\/ul>\n<ul>\n<li>Marteau<\/li>\n<\/ul>\n<ul>\n<li>Cutter<\/li>\n<\/ul>\n<ul>\n<li>Agrafeuse<\/li>\n<\/ul>\n<ul>\n<li>Gants<\/li>\n<\/ul>\n<ul>\n<li>Masque \u00e0 poussi\u00e8re<\/li>\n<\/ul>\n<ul>\n<li>R\u00e2teau<\/li>\n<\/ul>\n<h2>Quelques pr\u00e9cautions avant la mise en \u0153uvre<\/h2>\n<ul>\n<li>V\u00e9rifier l\u2019\u00e9tat de votre <a href=\"https:\/\/www.la-maison-naturelle.com\/blog\/la-difference-entre-une-charpente-fermette-et-une-charpente-traditionnelle\/\" data-internallinksmanager029f6b8e52c=\"85\" title=\"Quelle est la diff\u00e9rence entre une charpente fermette et une charpente traditionnelle ?\">charpente<\/a> avant d\u2019installer l\u2019isolant. Traitez-la si n\u00e9cessaire, car une fois isol\u00e9e, la charpente ne sera plus accessible.<\/li>\n<\/ul>\n<ul>\n<li>Si vous avez choisi un isolant monocouche (laine min\u00e9rale), ajoutez un <a href=\"https:\/\/www.la-maison-naturelle.com\/3132-pare-vapeur\" data-internallinksmanager029f6b8e52c=\"1\" title=\"Pare Vapeur\">pare-vapeur<\/a> de type alu ou kraft pour \u00e9viter les effets de la condensation. Assurez-vous que le\u00a0pare-vapeur soit tourn\u00e9 vers le milieu chauff\u00e9 de la maison.<\/li>\n<\/ul>\n<ul>\n<li>Dans le cas d\u2019une isolation en deux couches de laine, ne mettez jamais le pare-vapeur entre les deux couches isolantes.<\/li>\n<\/ul>\n<ul>\n<li>Gardez un espace vide de 4 cm entre la couverture et l\u2019isolant pour \u00e9viter que la charpente ne pourrisse.<\/li>\n<\/ul>\n<ul>\n<li>Si vous choisissez des panneaux isolants, ils doivent toujours \u00eatre joints avec des bandes adh\u00e9sives.<\/li>\n<\/ul>\n<h2>La mise en \u0153uvre<\/h2>\n<h3>En cas de combles perdus difficiles d\u2019acc\u00e8s<\/h3>\n<p>L\u2019isolation par <a href=\"https:\/\/www.la-maison-naturelle.com\/blog\/abaque-pour-panneau-bois-osb\/\" data-internallinksmanager029f6b8e52c=\"43\" title=\"plancher osb 18 ou 22\">le plancher<\/a> est recommand\u00e9e. Deux techniques sont couramment utilis\u00e9es :<\/p>\n<ul>\n<li>L\u2019isolation par la laine min\u00e9rale ou\u00a0<a href=\"https:\/\/www.la-maison-naturelle.com\/3004-ouate-de-cellulose\" data-internallinksmanager029f6b8e52c=\"72\" title=\"ouate de cellulose\">ouate de cellulose<\/a> : l\u2019\u00e9paisseur id\u00e9ale est de 18 \u00e0 20cm que ce soit pour une laine monocouche ou une isolation en deux couches.<\/li>\n<\/ul>\n<p>Mesurez l\u2019espacement entre les solives. Reportez la mesure sur le rouleau de laine en ajoutant 1cm. D\u00e9coupez avec la scie \u00e9go\u00efne. D\u00e9roulez le rouleau avec pare-vapeur entre les solives en veillant \u00e0 ce que le pare-vapeur soit tourn\u00e9 vers le bas. Vous pouvez placer perpendiculairement une seconde couche de laine sans pare-vapeur pour optimiser la <a href=\"https:\/\/www.la-maison-naturelle.com\/blog\/la-resistance-thermique\/\" data-internallinksmanager029f6b8e52c=\"78\" title=\"Qu'est-ce que la r\u00e9sistance thermique ?\">r\u00e9sistance thermique<\/a> de l\u2019isolant.<\/p>\n<ul>\n<li>L\u2019isolation par la vermiculite, le li\u00e8ge ou la laine min\u00e9rale en flocons : ces mat\u00e9riaux sont parfaits pour les combles difficiles d\u2019acc\u00e8s. D\u00e9versez la vermiculite ou les flocons de laine min\u00e9rale entre les solives. Uniformisez-les \u00e0 l\u2019aide d\u2019un r\u00e2teau. Recouvrez avec le plancher choisi. Sinon, saupoudrez de pl\u00e2tre et pulv\u00e9risez d\u2019eau pour un meilleur tassement.<\/li>\n<\/ul>\n<h3>En cas de combles am\u00e9nag\u00e9s en greniers<\/h3>\n<ul>\n<li>Si les chevrons sont r\u00e9guliers, vous pouvez utiliser de la laine min\u00e9rale avec pare-vapeur en alu ou kraft avec une \u00e9paisseur de 70mm. Il faut agrafer les panneaux de laine entre les chevrons. Le pare-vapeur doit \u00eatre tourn\u00e9 vers vous.<\/li>\n<\/ul>\n<ul>\n<li>Au cas o\u00f9 les chevrons sont irr\u00e9guliers, optez pour la laine min\u00e9rale rev\u00eatue \u00e0 largeur modulable. Fixez du contre-chevronnage sur les chevrons. L\u2019espacement doit correspondre \u00e0 la largeur des rouleaux. Agrafez l\u2019isolant en partant du haut.<\/li>\n<\/ul>\n","protected":false},"excerpt":{"rendered":"<p>Une isolation des combles et greniers efficace Si vous voulez faire une \u00e9conomie d\u2019\u00e9nergie au chauffage, l\u2019isolation des combles est incontournable. En effet, les combles (et la toiture implicitement) repr\u00e9sentent plus de 30% des d\u00e9perditions de la chaleur dans un b\u00e2timent. Pour optimiser le confort thermique int\u00e9rieur, mieux vaut alors conserver la chaleur d\u00e9j\u00e0 pr\u00e9sente [&hellip;]<\/p>\n","protected":false},"author":5,"featured_media":0,"comment_status":"open","ping_status":"open","sticky":false,"template":"","format":"standard","meta":{"footnotes":""},"categories":[7],"tags":[],"class_list":["post-1013","post","type-post","status-publish","format-standard","hentry","category-les-fiches-pratiques"],"_wp_attached_file":null,"_wp_attachment_metadata":null,"_wp_attachment_context":null,"_wp_attachment_image_alt":null,"_hf_settings":null,"hf_message_success":null,"hf_message_invalid_email":null,"hf_message_required_field_missing":null,"hf_message_error":null,"_menu_item_type":null,"_menu_item_menu_item_parent":null,"_menu_item_object_id":null,"_menu_item_object":null,"_menu_item_target":null,"_menu_item_classes":null,"_menu_item_xfn":null,"_menu_item_url":null,"_yoast_wpseo_primary_category":"7","_thumbnail_id":null,"_oembed_26d84b2c06432105b0a19987ae029a71":null,"_oembed_43e9e2dfde1b9b4ed91c9711026b7ef9":null,"_oembed_1fe1564764edbddc3b61e81acf52be88":null,"_oembed_df60f474cd845141e7ce6596d101e4a0":null,"_oembed_825e674795e2435c0bc66eb08e5d2c8b":null,"_oembed_time_825e674795e2435c0bc66eb08e5d2c8b":null,"_oembed_e917352ff4cc21ea91383201eeaa08cf":null,"_oembed_2363c16c972791c33e283320dc564fce":null,"_oembed_cc9ad5b5073a84776f6a62e33e6c7498":null,"_oembed_time_cc9ad5b5073a84776f6a62e33e6c7498":null,"_oembed_305147fcf4b856de518466e695c209cd":null,"_oembed_8517a877084ae01a5296813ee1d16a2b":null,"_oembed_2741f1556b243e68379198f98ba7f864":null,"_oembed_c3ffa24981451396c950ece2129da0f6":null,"_oembed_6f9091ebe2f3f5fcb5698ba6f4b41477":null,"_wp_old_slug":null,"_oembed_e4fb0f68ba12b85e9e231afe151ba12a":null,"_oembed_3c60e98bd703e617e67f5bbb3b97424d":null,"_oembed_bb060374498dcf40cb6068efe4be87e1":null,"_oembed_d0403e1e71c3a29020bd546b159480f1":null,"_oembed_b030ff17fbbbf8661c59c2ab8ff289eb":null,"_oembed_5cec699ba0631c6c0e4ba4f6af5f228e":null,"_oembed_b06a67f278b90cf4e8dd17cb12fe67b0":null,"_oembed_8e190e4fea2256f17420434651556236":null,"_oembed_b5ded119f1337916a0fc64d2ad85c95f":null,"_oembed_d9364a7a81be31c01415da2c50a48932":null,"_oembed_738cafa36d51a58e5ae3e458aa8f7584":null,"_oembed_ebcab5184b6b321b28efbcbec079859b":null,"_oembed_3dd9e35c2b7b268070e74da5b89cf937":null,"_oembed_e14b167b493e311a1c4e2aab38a463e8":null,"_oembed_dc8f7d108b38f3f0c2e0785b8bc46cae":null,"_oembed_55cf1c5142884afed312c2666bf27520":null,"_oembed_2292333bf03a956b4b61afafeff6bca0":null,"_oembed_82a986a6b900856fec23169de03a0038":null,"_oembed_4048ded025352b83569104210074165a":null,"_oembed_033b42b1af757abc39e4487233cee7f5":null,"_oembed_aec1d50f2b159366be8e37e94b201be1":null,"_oembed_0adc8480b2fcadf9a1733f572ce3d3f8":null,"_yoast_wpseo_title":null,"_yoast_wpseo_focuskw":null,"_yoast_wpseo_linkdex":null,"_yoast_wpseo_metadesc":null,"_yoast_wpseo_wordproof_timestamp":null,"_tpl_archive_meta_key":null,"_form":null,"_mail":null,"_mail_2":null,"_messages":null,"_additional_settings":null,"_locale":null,"_wp_old_date":null,"_edit_last":"5","_wpb_vc_js_status":"false","_yoast_wpseo_estimated-reading-time-minutes":"3","_edit_lock":"1672820039:5","_yoast_wpseo_content_score":"60","yoast_head":"<!-- This site is optimized with the Yoast SEO plugin v24.3 - https:\/\/yoast.com\/wordpress\/plugins\/seo\/ -->\n<title>L&#039;isolation des combles - La Maison naturelle | Blog<\/title>\n<meta name=\"robots\" content=\"index, follow, max-snippet:-1, max-image-preview:large, max-video-preview:-1\" \/>\n<link rel=\"canonical\" href=\"https:\/\/www.la-maison-naturelle.com\/blog\/mie-lisolation-des-combles\/\" \/>\n<meta property=\"og:locale\" content=\"fr_FR\" \/>\n<meta property=\"og:type\" content=\"article\" \/>\n<meta property=\"og:title\" content=\"L&#039;isolation des combles - La Maison naturelle | Blog\" \/>\n<meta property=\"og:description\" content=\"Une isolation des combles et greniers efficace Si vous voulez faire une \u00e9conomie d\u2019\u00e9nergie au chauffage, l\u2019isolation des combles est incontournable. En effet, les combles (et la toiture implicitement) repr\u00e9sentent plus de 30% des d\u00e9perditions de la chaleur dans un b\u00e2timent. Pour optimiser le confort thermique int\u00e9rieur, mieux vaut alors conserver la chaleur d\u00e9j\u00e0 pr\u00e9sente [&hellip;]\" \/>\n<meta property=\"og:url\" content=\"https:\/\/www.la-maison-naturelle.com\/blog\/mie-lisolation-des-combles\/\" \/>\n<meta property=\"og:site_name\" content=\"La Maison naturelle | Blog\" \/>\n<meta property=\"article:published_time\" content=\"2012-05-20T09:44:46+00:00\" \/>\n<meta property=\"article:modified_time\" content=\"2023-01-04T08:16:21+00:00\" \/>\n<meta name=\"author\" content=\"Eloise\" \/>\n<meta name=\"twitter:card\" content=\"summary_large_image\" \/>\n<meta name=\"twitter:label1\" content=\"\u00c9crit par\" \/>\n\t<meta name=\"twitter:data1\" content=\"Eloise\" \/>\n\t<meta name=\"twitter:label2\" content=\"Dur\u00e9e de lecture estim\u00e9e\" \/>\n\t<meta name=\"twitter:data2\" content=\"3 minutes\" \/>\n<script type=\"application\/ld+json\" class=\"yoast-schema-graph\">{\"@context\":\"https:\/\/schema.org\",\"@graph\":[{\"@type\":\"Article\",\"@id\":\"https:\/\/www.la-maison-naturelle.com\/blog\/mie-lisolation-des-combles\/#article\",\"isPartOf\":{\"@id\":\"https:\/\/www.la-maison-naturelle.com\/blog\/mie-lisolation-des-combles\/\"},\"author\":{\"name\":\"Eloise\",\"@id\":\"https:\/\/www.la-maison-naturelle.com\/blog\/#\/schema\/person\/cad2a9ed80410189f0688441d546d43f\"},\"headline\":\"L&rsquo;isolation des combles\",\"datePublished\":\"2012-05-20T09:44:46+00:00\",\"dateModified\":\"2023-01-04T08:16:21+00:00\",\"mainEntityOfPage\":{\"@id\":\"https:\/\/www.la-maison-naturelle.com\/blog\/mie-lisolation-des-combles\/\"},\"wordCount\":671,\"commentCount\":0,\"publisher\":{\"@id\":\"https:\/\/www.la-maison-naturelle.com\/blog\/#organization\"},\"articleSection\":[\"Les fiches pratiques\"],\"inLanguage\":\"fr-FR\",\"potentialAction\":[{\"@type\":\"CommentAction\",\"name\":\"Comment\",\"target\":[\"https:\/\/www.la-maison-naturelle.com\/blog\/mie-lisolation-des-combles\/#respond\"]}]},{\"@type\":\"WebPage\",\"@id\":\"https:\/\/www.la-maison-naturelle.com\/blog\/mie-lisolation-des-combles\/\",\"url\":\"https:\/\/www.la-maison-naturelle.com\/blog\/mie-lisolation-des-combles\/\",\"name\":\"L'isolation des combles - La Maison naturelle | Blog\",\"isPartOf\":{\"@id\":\"https:\/\/www.la-maison-naturelle.com\/blog\/#website\"},\"datePublished\":\"2012-05-20T09:44:46+00:00\",\"dateModified\":\"2023-01-04T08:16:21+00:00\",\"breadcrumb\":{\"@id\":\"https:\/\/www.la-maison-naturelle.com\/blog\/mie-lisolation-des-combles\/#breadcrumb\"},\"inLanguage\":\"fr-FR\",\"potentialAction\":[{\"@type\":\"ReadAction\",\"target\":[\"https:\/\/www.la-maison-naturelle.com\/blog\/mie-lisolation-des-combles\/\"]}]},{\"@type\":\"BreadcrumbList\",\"@id\":\"https:\/\/www.la-maison-naturelle.com\/blog\/mie-lisolation-des-combles\/#breadcrumb\",\"itemListElement\":[{\"@type\":\"ListItem\",\"position\":1,\"name\":\"Accueil\",\"item\":\"https:\/\/www.la-maison-naturelle.com\/blog\/\"},{\"@type\":\"ListItem\",\"position\":2,\"name\":\"L&rsquo;isolation des combles\"}]},{\"@type\":\"WebSite\",\"@id\":\"https:\/\/www.la-maison-naturelle.com\/blog\/#website\",\"url\":\"https:\/\/www.la-maison-naturelle.com\/blog\/\",\"name\":\"La Maison naturelle | Blog\",\"description\":\"Blog de la Maison naturelle\",\"publisher\":{\"@id\":\"https:\/\/www.la-maison-naturelle.com\/blog\/#organization\"},\"potentialAction\":[{\"@type\":\"SearchAction\",\"target\":{\"@type\":\"EntryPoint\",\"urlTemplate\":\"https:\/\/www.la-maison-naturelle.com\/blog\/?s={search_term_string}\"},\"query-input\":{\"@type\":\"PropertyValueSpecification\",\"valueRequired\":true,\"valueName\":\"search_term_string\"}}],\"inLanguage\":\"fr-FR\"},{\"@type\":\"Organization\",\"@id\":\"https:\/\/www.la-maison-naturelle.com\/blog\/#organization\",\"name\":\"La Maison naturelle | Blog\",\"url\":\"https:\/\/www.la-maison-naturelle.com\/blog\/\",\"logo\":{\"@type\":\"ImageObject\",\"inLanguage\":\"fr-FR\",\"@id\":\"https:\/\/www.la-maison-naturelle.com\/blog\/#\/schema\/logo\/image\/\",\"url\":\"https:\/\/www.la-maison-naturelle.com\/blog\/wp-content\/uploads\/2021\/07\/maison-naturelle-logo.svg\",\"contentUrl\":\"https:\/\/www.la-maison-naturelle.com\/blog\/wp-content\/uploads\/2021\/07\/maison-naturelle-logo.svg\",\"width\":156,\"height\":64,\"caption\":\"La Maison naturelle | Blog\"},\"image\":{\"@id\":\"https:\/\/www.la-maison-naturelle.com\/blog\/#\/schema\/logo\/image\/\"}},{\"@type\":\"Person\",\"@id\":\"https:\/\/www.la-maison-naturelle.com\/blog\/#\/schema\/person\/cad2a9ed80410189f0688441d546d43f\",\"name\":\"Eloise\",\"image\":{\"@type\":\"ImageObject\",\"inLanguage\":\"fr-FR\",\"@id\":\"https:\/\/www.la-maison-naturelle.com\/blog\/#\/schema\/person\/image\/\",\"url\":\"https:\/\/secure.gravatar.com\/avatar\/344186806f5e8613d4a2109f3b0228a847a7c0858a8023778c44bdcfc1111df9?s=96&d=mm&r=g\",\"contentUrl\":\"https:\/\/secure.gravatar.com\/avatar\/344186806f5e8613d4a2109f3b0228a847a7c0858a8023778c44bdcfc1111df9?s=96&d=mm&r=g\",\"caption\":\"Eloise\"},\"sameAs\":[\"https:\/\/www.la-maison-naturelle.com\/\"],\"url\":\"https:\/\/www.la-maison-naturelle.com\/blog\/author\/idries\/\"}]}<\/script>\n<!-- \/ Yoast SEO plugin. -->","yoast_head_json":{"title":"L'isolation des combles - La Maison naturelle | Blog","robots":{"index":"index","follow":"follow","max-snippet":"max-snippet:-1","max-image-preview":"max-image-preview:large","max-video-preview":"max-video-preview:-1"},"canonical":"https:\/\/www.la-maison-naturelle.com\/blog\/mie-lisolation-des-combles\/","og_locale":"fr_FR","og_type":"article","og_title":"L'isolation des combles - La Maison naturelle | Blog","og_description":"Une isolation des combles et greniers efficace Si vous voulez faire une \u00e9conomie d\u2019\u00e9nergie au chauffage, l\u2019isolation des combles est incontournable. En effet, les combles (et la toiture implicitement) repr\u00e9sentent plus de 30% des d\u00e9perditions de la chaleur dans un b\u00e2timent. Pour optimiser le confort thermique int\u00e9rieur, mieux vaut alors conserver la chaleur d\u00e9j\u00e0 pr\u00e9sente [&hellip;]","og_url":"https:\/\/www.la-maison-naturelle.com\/blog\/mie-lisolation-des-combles\/","og_site_name":"La Maison naturelle | Blog","article_published_time":"2012-05-20T09:44:46+00:00","article_modified_time":"2023-01-04T08:16:21+00:00","author":"Eloise","twitter_card":"summary_large_image","twitter_misc":{"\u00c9crit par":"Eloise","Dur\u00e9e de lecture estim\u00e9e":"3 minutes"},"schema":{"@context":"https:\/\/schema.org","@graph":[{"@type":"Article","@id":"https:\/\/www.la-maison-naturelle.com\/blog\/mie-lisolation-des-combles\/#article","isPartOf":{"@id":"https:\/\/www.la-maison-naturelle.com\/blog\/mie-lisolation-des-combles\/"},"author":{"name":"Eloise","@id":"https:\/\/www.la-maison-naturelle.com\/blog\/#\/schema\/person\/cad2a9ed80410189f0688441d546d43f"},"headline":"L&rsquo;isolation des combles","datePublished":"2012-05-20T09:44:46+00:00","dateModified":"2023-01-04T08:16:21+00:00","mainEntityOfPage":{"@id":"https:\/\/www.la-maison-naturelle.com\/blog\/mie-lisolation-des-combles\/"},"wordCount":671,"commentCount":0,"publisher":{"@id":"https:\/\/www.la-maison-naturelle.com\/blog\/#organization"},"articleSection":["Les fiches pratiques"],"inLanguage":"fr-FR","potentialAction":[{"@type":"CommentAction","name":"Comment","target":["https:\/\/www.la-maison-naturelle.com\/blog\/mie-lisolation-des-combles\/#respond"]}]},{"@type":"WebPage","@id":"https:\/\/www.la-maison-naturelle.com\/blog\/mie-lisolation-des-combles\/","url":"https:\/\/www.la-maison-naturelle.com\/blog\/mie-lisolation-des-combles\/","name":"L'isolation des combles - La Maison naturelle | Blog","isPartOf":{"@id":"https:\/\/www.la-maison-naturelle.com\/blog\/#website"},"datePublished":"2012-05-20T09:44:46+00:00","dateModified":"2023-01-04T08:16:21+00:00","breadcrumb":{"@id":"https:\/\/www.la-maison-naturelle.com\/blog\/mie-lisolation-des-combles\/#breadcrumb"},"inLanguage":"fr-FR","potentialAction":[{"@type":"ReadAction","target":["https:\/\/www.la-maison-naturelle.com\/blog\/mie-lisolation-des-combles\/"]}]},{"@type":"BreadcrumbList","@id":"https:\/\/www.la-maison-naturelle.com\/blog\/mie-lisolation-des-combles\/#breadcrumb","itemListElement":[{"@type":"ListItem","position":1,"name":"Accueil","item":"https:\/\/www.la-maison-naturelle.com\/blog\/"},{"@type":"ListItem","position":2,"name":"L&rsquo;isolation des combles"}]},{"@type":"WebSite","@id":"https:\/\/www.la-maison-naturelle.com\/blog\/#website","url":"https:\/\/www.la-maison-naturelle.com\/blog\/","name":"La Maison naturelle | Blog","description":"Blog de la Maison naturelle","publisher":{"@id":"https:\/\/www.la-maison-naturelle.com\/blog\/#organization"},"potentialAction":[{"@type":"SearchAction","target":{"@type":"EntryPoint","urlTemplate":"https:\/\/www.la-maison-naturelle.com\/blog\/?s={search_term_string}"},"query-input":{"@type":"PropertyValueSpecification","valueRequired":true,"valueName":"search_term_string"}}],"inLanguage":"fr-FR"},{"@type":"Organization","@id":"https:\/\/www.la-maison-naturelle.com\/blog\/#organization","name":"La Maison naturelle | Blog","url":"https:\/\/www.la-maison-naturelle.com\/blog\/","logo":{"@type":"ImageObject","inLanguage":"fr-FR","@id":"https:\/\/www.la-maison-naturelle.com\/blog\/#\/schema\/logo\/image\/","url":"https:\/\/www.la-maison-naturelle.com\/blog\/wp-content\/uploads\/2021\/07\/maison-naturelle-logo.svg","contentUrl":"https:\/\/www.la-maison-naturelle.com\/blog\/wp-content\/uploads\/2021\/07\/maison-naturelle-logo.svg","width":156,"height":64,"caption":"La Maison naturelle | Blog"},"image":{"@id":"https:\/\/www.la-maison-naturelle.com\/blog\/#\/schema\/logo\/image\/"}},{"@type":"Person","@id":"https:\/\/www.la-maison-naturelle.com\/blog\/#\/schema\/person\/cad2a9ed80410189f0688441d546d43f","name":"Eloise","image":{"@type":"ImageObject","inLanguage":"fr-FR","@id":"https:\/\/www.la-maison-naturelle.com\/blog\/#\/schema\/person\/image\/","url":"https:\/\/secure.gravatar.com\/avatar\/344186806f5e8613d4a2109f3b0228a847a7c0858a8023778c44bdcfc1111df9?s=96&d=mm&r=g","contentUrl":"https:\/\/secure.gravatar.com\/avatar\/344186806f5e8613d4a2109f3b0228a847a7c0858a8023778c44bdcfc1111df9?s=96&d=mm&r=g","caption":"Eloise"},"sameAs":["https:\/\/www.la-maison-naturelle.com\/"],"url":"https:\/\/www.la-maison-naturelle.com\/blog\/author\/idries\/"}]}},"_links":{"self":[{"href":"https:\/\/www.la-maison-naturelle.com\/blog\/wp-json\/wp\/v2\/posts\/1013","targetHints":{"allow":["GET"]}}],"collection":[{"href":"https:\/\/www.la-maison-naturelle.com\/blog\/wp-json\/wp\/v2\/posts"}],"about":[{"href":"https:\/\/www.la-maison-naturelle.com\/blog\/wp-json\/wp\/v2\/types\/post"}],"author":[{"embeddable":true,"href":"https:\/\/www.la-maison-naturelle.com\/blog\/wp-json\/wp\/v2\/users\/5"}],"replies":[{"embeddable":true,"href":"https:\/\/www.la-maison-naturelle.com\/blog\/wp-json\/wp\/v2\/comments?post=1013"}],"version-history":[{"count":2,"href":"https:\/\/www.la-maison-naturelle.com\/blog\/wp-json\/wp\/v2\/posts\/1013\/revisions"}],"predecessor-version":[{"id":4624,"href":"https:\/\/www.la-maison-naturelle.com\/blog\/wp-json\/wp\/v2\/posts\/1013\/revisions\/4624"}],"wp:attachment":[{"href":"https:\/\/www.la-maison-naturelle.com\/blog\/wp-json\/wp\/v2\/media?parent=1013"}],"wp:term":[{"taxonomy":"category","embeddable":true,"href":"https:\/\/www.la-maison-naturelle.com\/blog\/wp-json\/wp\/v2\/categories?post=1013"},{"taxonomy":"post_tag","embeddable":true,"href":"https:\/\/www.la-maison-naturelle.com\/blog\/wp-json\/wp\/v2\/tags?post=1013"}],"curies":[{"name":"wp","href":"https:\/\/api.w.org\/{rel}","templated":true}]}}